{"id":6245,"date":"2025-07-11T10:31:21","date_gmt":"2025-07-11T10:31:21","guid":{"rendered":"https:\/\/albaniantennis.com\/?p=6245"},"modified":"2025-07-11T10:31:21","modified_gmt":"2025-07-11T10:31:21","slug":"tenistet-shqiptare-shkelqejne-ne-montenegro-cup","status":"publish","type":"post","link":"https:\/\/albaniantennis.com\/en\/tenistet-shqiptare-shkelqejne-ne-montenegro-cup\/","title":{"rendered":"Tenist\u00ebt shqiptar\u00eb shk\u00eblqejn\u00eb n\u00eb Montenegro Cup"},"content":{"rendered":"<div class=\"xdj266r x14z9mp xat24cr x1lziwak x1vvkbs x126k92a\">\n<div dir=\"auto\">Rezultat i shk\u00eblqyer p\u00ebr djemt\u00eb e ekipit shqiptar n\u00eb turneun nd\u00ebrkomb\u00ebtar \u201cMontenegro Cup &#8211; Tennis Europe Junior Tour\u201d Nikshiq, Mali i Zi!<\/div>\n<div dir=\"auto\"><\/div>\n<\/div>\n<div class=\"x14z9mp xat24cr x1lziwak x1vvkbs xtlvy1s x126k92a\">\n<div dir=\"auto\">Arber Dano dhe Ares Ferhati arrit\u00ebn secili me partneret e tyre n\u00eb finalen e Doubles, duke treguar performanc\u00eb t\u00eb jasht\u00ebzakonshme!<\/div>\n<div dir=\"auto\"><\/div>\n<\/div>\n<div class=\"x14z9mp xat24cr x1lziwak x1vvkbs xtlvy1s x126k92a\">\n<div dir=\"auto\">Fitues n\u00eb Doubles: Arber Dano me Peter Stankovi\u0107 nga Mali i Zi<\/div>\n<div dir=\"auto\">Runner-Up: Ares Ferhati dhe Tsokanis nga Greqia<\/div>\n<div dir=\"auto\"><span style=\"font-size: 16px;\">Ares Ferhati arriti gjithashtu n\u00eb \u00e7erekfinalet e Singles!<\/span><\/div>\n<\/div>\n<div class=\"x14z9mp xat24cr x1lziwak x1vvkbs xtlvy1s x126k92a\">\n<div dir=\"auto\"><\/div>\n<\/div>\n<div class=\"x14z9mp xat24cr x1lziwak x1vvkbs xtlvy1s x126k92a\">\n<div dir=\"auto\">Urime t\u00eb p\u00ebrzem\u00ebrta p\u00ebr p\u00ebrfaq\u00ebsimin dinjitoz t\u00eb Shqip\u00ebris\u00eb n\u00eb aren\u00ebn nd\u00ebrkomb\u00ebtare t\u00eb tenisit!<div class=\"rl-gallery-container\" id=\"rl-gallery-container-1\" data-gallery_id=\"0\"> <div class=\"rl-gallery rl-basicmasonry-gallery\" id=\"rl-gallery-1\" data-gallery_no=\"1\"> <div class=\"rl-gutter-sizer\"><\/div><div class=\"rl-grid-sizer\"><\/div> <div class=\"rl-gallery-item rl-gallery-item-width-4\" > <div class=\"rl-gallery-item-content\"> <a href=\"https:\/\/albaniantennis.com\/wp-content\/uploads\/2025\/07\/509655839_18088622230728189_6015038074632427042_n.jpg\" title=\"\" data-rl_title=\"\" class=\"rl-gallery-link\" data-rl_caption=\"\" data-rel=\"lightbox-gallery-1\"><img fetchpriority=\"high\" decoding=\"async\" src=\"https:\/\/albaniantennis.com\/wp-content\/uploads\/2025\/07\/509655839_18088622230728189_6015038074632427042_n-240x300.jpg\" width=\"240\" height=\"300\" alt=\"\" \/><\/a> <\/div> <\/div> <div class=\"rl-gallery-item\" > <div class=\"rl-gallery-item-content\"> <a href=\"https:\/\/albaniantennis.com\/wp-content\/uploads\/2025\/07\/503589111_18088622221728189_6343053654924587550_n.jpg\" title=\"\" data-rl_title=\"\" class=\"rl-gallery-link\" data-rl_caption=\"\" data-rel=\"lightbox-gallery-1\"><img decoding=\"async\" src=\"https:\/\/albaniantennis.com\/wp-content\/uploads\/2025\/07\/503589111_18088622221728189_6343053654924587550_n-240x300.jpg\" width=\"240\" height=\"300\" alt=\"\" \/><\/a> <\/div> <\/div> <div class=\"rl-gallery-item\" > <div class=\"rl-gallery-item-content\"> <a href=\"https:\/\/albaniantennis.com\/wp-content\/uploads\/2025\/07\/509535756_18088622203728189_4686102644988877523_n.jpg\" title=\"\" data-rl_title=\"\" class=\"rl-gallery-link\" data-rl_caption=\"\" data-rel=\"lightbox-gallery-1\"><img decoding=\"async\" src=\"https:\/\/albaniantennis.com\/wp-content\/uploads\/2025\/07\/509535756_18088622203728189_4686102644988877523_n-240x300.jpg\" width=\"240\" height=\"300\" alt=\"\" \/><\/a> <\/div> <\/div> <\/div> <\/div><\/p>\n<\/div>\n<\/div>","protected":false},"excerpt":{"rendered":"<p>Rezultat i shk\u00eblqyer p\u00ebr djemt\u00eb e ekipit shqiptar n\u00eb turneun nd\u00ebrkomb\u00ebtar \u201cMontenegro Cup &#8211; Tennis Europe Junior Tour\u201d Nikshiq, Mali i Zi! Arber Dano dhe Ares Ferhati arrit\u00ebn secili me partneret e tyre n\u00eb finalen e Doubles, duke treguar performanc\u00eb t\u00eb jasht\u00ebzakonshme! Fitues n\u00eb Doubles: Arber Dano me Peter Stankovi\u0107 nga Mali i Zi Runner-Up: Ares Ferhati dhe Tsokanis nga Greqia Ares Ferhati arriti gjithashtu n\u00eb \u00e7erekfinalet e Singles! Urime t\u00eb p\u00ebrzem\u00ebrta p\u00ebr p\u00ebrfaq\u00ebsimin dinjitoz t\u00eb Shqip\u00ebris\u00eb n\u00eb aren\u00ebn nd\u00ebrkomb\u00ebtare t\u00eb tenisit!<\/p>","protected":false},"author":2,"featured_media":6246,"comment_status":"closed","ping_status":"open","sticky":false,"template":"","format":"standard","meta":{"_eb_attr":"","pgc_sgb_lightbox_settings":"","footnotes":""},"categories":[11,6,4],"tags":[476,18,35,227,218,168,28,99,157,47,42,51],"class_list":["post-6245","post","type-post","status-publish","format-standard","has-post-thumbnail","hentry","category-lajme","category-lojtare","category-turne","tag-476","tag-albania","tag-albaniantennisfederation","tag-arberdano","tag-aresferhati","tag-federatashqiptareetenisit","tag-fsht","tag-klausbardeli","tag-montenegro","tag-players","tag-tournament","tag-winners"],"yoast_head":"<!-- This site is optimized with the Yoast SEO plugin v27.5 - https:\/\/yoast.com\/product\/yoast-seo-wordpress\/ -->\n<title>Tenist\u00ebt shqiptar\u00eb shk\u00eblqejn\u00eb n\u00eb Montenegro Cup &#8212; Federata Shqiptare e Tenisit<\/title>\n<meta name=\"robots\" content=\"index, follow, max-snippet:-1, max-image-preview:large, max-video-preview:-1\" \/>\n<link rel=\"canonical\" href=\"https:\/\/albaniantennis.com\/en\/tenistet-shqiptare-shkelqejne-ne-montenegro-cup\/\" \/>\n<meta property=\"og:locale\" content=\"en_US\" \/>\n<meta property=\"og:type\" content=\"article\" \/>\n<meta property=\"og:title\" content=\"Tenist\u00ebt shqiptar\u00eb shk\u00eblqejn\u00eb n\u00eb Montenegro Cup &#8212; Federata Shqiptare e Tenisit\" \/>\n<meta property=\"og:description\" content=\"Rezultat i shk\u00eblqyer p\u00ebr djemt\u00eb e ekipit shqiptar n\u00eb turneun nd\u00ebrkomb\u00ebtar \u201cMontenegro Cup &#8211; Tennis Europe Junior Tour\u201d Nikshiq, Mali i Zi! Arber Dano dhe Ares Ferhati arrit\u00ebn secili me partneret e tyre n\u00eb finalen e Doubles, duke treguar performanc\u00eb t\u00eb jasht\u00ebzakonshme! Fitues n\u00eb Doubles: Arber Dano me Peter Stankovi\u0107 nga Mali i Zi Runner-Up: Ares Ferhati dhe Tsokanis nga Greqia Ares Ferhati arriti gjithashtu n\u00eb \u00e7erekfinalet e Singles! Urime t\u00eb p\u00ebrzem\u00ebrta p\u00ebr p\u00ebrfaq\u00ebsimin dinjitoz t\u00eb Shqip\u00ebris\u00eb n\u00eb aren\u00ebn nd\u00ebrkomb\u00ebtare t\u00eb tenisit!\" \/>\n<meta property=\"og:url\" content=\"https:\/\/albaniantennis.com\/en\/tenistet-shqiptare-shkelqejne-ne-montenegro-cup\/\" \/>\n<meta property=\"og:site_name\" content=\"Federata Shqiptare e Tenisit\" \/>\n<meta property=\"article:published_time\" content=\"2025-07-11T10:31:21+00:00\" \/>\n<meta property=\"og:image\" content=\"https:\/\/albaniantennis.com\/wp-content\/uploads\/2025\/07\/509655839_18088622230728189_6015038074632427042_n.jpg\" \/>\n\t<meta property=\"og:image:width\" content=\"1440\" \/>\n\t<meta property=\"og:image:height\" content=\"1800\" \/>\n\t<meta property=\"og:image:type\" content=\"image\/jpeg\" \/>\n<meta name=\"author\" content=\"Klaus Bardeli\" \/>\n<meta name=\"twitter:card\" content=\"summary_large_image\" \/>\n<meta name=\"twitter:label1\" content=\"Written by\" \/>\n\t<meta name=\"twitter:data1\" content=\"Klaus Bardeli\" \/>\n\t<meta name=\"twitter:label2\" content=\"Est. reading time\" \/>\n\t<meta name=\"twitter:data2\" content=\"1 minute\" \/>\n<script type=\"application\/ld+json\" class=\"yoast-schema-graph\">{\"@context\":\"https:\\\/\\\/schema.org\",\"@graph\":[{\"@type\":\"Article\",\"@id\":\"https:\\\/\\\/albaniantennis.com\\\/tenistet-shqiptare-shkelqejne-ne-montenegro-cup\\\/#article\",\"isPartOf\":{\"@id\":\"https:\\\/\\\/albaniantennis.com\\\/tenistet-shqiptare-shkelqejne-ne-montenegro-cup\\\/\"},\"author\":{\"name\":\"Klaus Bardeli\",\"@id\":\"https:\\\/\\\/albaniantennis.com\\\/#\\\/schema\\\/person\\\/6fa460f218c0ed8800448dcf025b86e5\"},\"headline\":\"Tenist\u00ebt shqiptar\u00eb shk\u00eblqejn\u00eb n\u00eb Montenegro Cup\",\"datePublished\":\"2025-07-11T10:31:21+00:00\",\"mainEntityOfPage\":{\"@id\":\"https:\\\/\\\/albaniantennis.com\\\/tenistet-shqiptare-shkelqejne-ne-montenegro-cup\\\/\"},\"wordCount\":111,\"publisher\":{\"@id\":\"https:\\\/\\\/albaniantennis.com\\\/#organization\"},\"image\":{\"@id\":\"https:\\\/\\\/albaniantennis.com\\\/tenistet-shqiptare-shkelqejne-ne-montenegro-cup\\\/#primaryimage\"},\"thumbnailUrl\":\"https:\\\/\\\/albaniantennis.com\\\/wp-content\\\/uploads\\\/2025\\\/07\\\/509655839_18088622230728189_6015038074632427042_n.jpg\",\"keywords\":[\"2025\",\"albania\",\"albaniantennisfederation\",\"Arb\u00ebrDano\",\"AresFerhati\",\"federatashqiptareetenisit\",\"fsht\",\"klausbardeli\",\"montenegro\",\"players\",\"tournament\",\"winners\"],\"articleSection\":[\"Lajme\",\"Lojtare\",\"Turne\"],\"inLanguage\":\"en-US\"},{\"@type\":\"WebPage\",\"@id\":\"https:\\\/\\\/albaniantennis.com\\\/tenistet-shqiptare-shkelqejne-ne-montenegro-cup\\\/\",\"url\":\"https:\\\/\\\/albaniantennis.com\\\/tenistet-shqiptare-shkelqejne-ne-montenegro-cup\\\/\",\"name\":\"Tenist\u00ebt shqiptar\u00eb shk\u00eblqejn\u00eb n\u00eb Montenegro Cup &#8212; Federata Shqiptare e Tenisit\",\"isPartOf\":{\"@id\":\"https:\\\/\\\/albaniantennis.com\\\/#website\"},\"primaryImageOfPage\":{\"@id\":\"https:\\\/\\\/albaniantennis.com\\\/tenistet-shqiptare-shkelqejne-ne-montenegro-cup\\\/#primaryimage\"},\"image\":{\"@id\":\"https:\\\/\\\/albaniantennis.com\\\/tenistet-shqiptare-shkelqejne-ne-montenegro-cup\\\/#primaryimage\"},\"thumbnailUrl\":\"https:\\\/\\\/albaniantennis.com\\\/wp-content\\\/uploads\\\/2025\\\/07\\\/509655839_18088622230728189_6015038074632427042_n.jpg\",\"datePublished\":\"2025-07-11T10:31:21+00:00\",\"breadcrumb\":{\"@id\":\"https:\\\/\\\/albaniantennis.com\\\/tenistet-shqiptare-shkelqejne-ne-montenegro-cup\\\/#breadcrumb\"},\"inLanguage\":\"en-US\",\"potentialAction\":[{\"@type\":\"ReadAction\",\"target\":[\"https:\\\/\\\/albaniantennis.com\\\/tenistet-shqiptare-shkelqejne-ne-montenegro-cup\\\/\"]}]},{\"@type\":\"ImageObject\",\"inLanguage\":\"en-US\",\"@id\":\"https:\\\/\\\/albaniantennis.com\\\/tenistet-shqiptare-shkelqejne-ne-montenegro-cup\\\/#primaryimage\",\"url\":\"https:\\\/\\\/albaniantennis.com\\\/wp-content\\\/uploads\\\/2025\\\/07\\\/509655839_18088622230728189_6015038074632427042_n.jpg\",\"contentUrl\":\"https:\\\/\\\/albaniantennis.com\\\/wp-content\\\/uploads\\\/2025\\\/07\\\/509655839_18088622230728189_6015038074632427042_n.jpg\",\"width\":1440,\"height\":1800},{\"@type\":\"BreadcrumbList\",\"@id\":\"https:\\\/\\\/albaniantennis.com\\\/tenistet-shqiptare-shkelqejne-ne-montenegro-cup\\\/#breadcrumb\",\"itemListElement\":[{\"@type\":\"ListItem\",\"position\":1,\"name\":\"Home\",\"item\":\"https:\\\/\\\/albaniantennis.com\\\/\"},{\"@type\":\"ListItem\",\"position\":2,\"name\":\"Tenist\u00ebt shqiptar\u00eb shk\u00eblqejn\u00eb n\u00eb Montenegro Cup\"}]},{\"@type\":\"WebSite\",\"@id\":\"https:\\\/\\\/albaniantennis.com\\\/#website\",\"url\":\"https:\\\/\\\/albaniantennis.com\\\/\",\"name\":\"Federata Shqiptare e Tenisit\",\"description\":\"Federata Shqiptare e Tenisit\",\"publisher\":{\"@id\":\"https:\\\/\\\/albaniantennis.com\\\/#organization\"},\"potentialAction\":[{\"@type\":\"SearchAction\",\"target\":{\"@type\":\"EntryPoint\",\"urlTemplate\":\"https:\\\/\\\/albaniantennis.com\\\/?s={search_term_string}\"},\"query-input\":{\"@type\":\"PropertyValueSpecification\",\"valueRequired\":true,\"valueName\":\"search_term_string\"}}],\"inLanguage\":\"en-US\"},{\"@type\":\"Organization\",\"@id\":\"https:\\\/\\\/albaniantennis.com\\\/#organization\",\"name\":\"Federata Shqip\u00ebtare e Tenisit\",\"url\":\"https:\\\/\\\/albaniantennis.com\\\/\",\"logo\":{\"@type\":\"ImageObject\",\"inLanguage\":\"en-US\",\"@id\":\"https:\\\/\\\/albaniantennis.com\\\/#\\\/schema\\\/logo\\\/image\\\/\",\"url\":\"https:\\\/\\\/albaniantennis.com\\\/wp-content\\\/uploads\\\/2022\\\/03\\\/Logo.png\",\"contentUrl\":\"https:\\\/\\\/albaniantennis.com\\\/wp-content\\\/uploads\\\/2022\\\/03\\\/Logo.png\",\"width\":473,\"height\":400,\"caption\":\"Federata Shqip\u00ebtare e Tenisit\"},\"image\":{\"@id\":\"https:\\\/\\\/albaniantennis.com\\\/#\\\/schema\\\/logo\\\/image\\\/\"}},{\"@type\":\"Person\",\"@id\":\"https:\\\/\\\/albaniantennis.com\\\/#\\\/schema\\\/person\\\/6fa460f218c0ed8800448dcf025b86e5\",\"name\":\"Klaus Bardeli\",\"image\":{\"@type\":\"ImageObject\",\"inLanguage\":\"en-US\",\"@id\":\"https:\\\/\\\/secure.gravatar.com\\\/avatar\\\/294dce01b4cf43b267750000becaa1f5eb79a5971757ba9256e0bad4a9a4c807?s=96&d=mm&r=g\",\"url\":\"https:\\\/\\\/secure.gravatar.com\\\/avatar\\\/294dce01b4cf43b267750000becaa1f5eb79a5971757ba9256e0bad4a9a4c807?s=96&d=mm&r=g\",\"contentUrl\":\"https:\\\/\\\/secure.gravatar.com\\\/avatar\\\/294dce01b4cf43b267750000becaa1f5eb79a5971757ba9256e0bad4a9a4c807?s=96&d=mm&r=g\",\"caption\":\"Klaus Bardeli\"},\"url\":\"https:\\\/\\\/albaniantennis.com\\\/en\\\/author\\\/klausi\\\/\"}]}<\/script>\n<!-- \/ Yoast SEO plugin. -->","yoast_head_json":{"title":"Tenist\u00ebt shqiptar\u00eb shk\u00eblqejn\u00eb n\u00eb Montenegro Cup &#8212; Federata Shqiptare e Tenisit","robots":{"index":"index","follow":"follow","max-snippet":"max-snippet:-1","max-image-preview":"max-image-preview:large","max-video-preview":"max-video-preview:-1"},"canonical":"https:\/\/albaniantennis.com\/en\/tenistet-shqiptare-shkelqejne-ne-montenegro-cup\/","og_locale":"en_US","og_type":"article","og_title":"Tenist\u00ebt shqiptar\u00eb shk\u00eblqejn\u00eb n\u00eb Montenegro Cup &#8212; Federata Shqiptare e Tenisit","og_description":"Rezultat i shk\u00eblqyer p\u00ebr djemt\u00eb e ekipit shqiptar n\u00eb turneun nd\u00ebrkomb\u00ebtar \u201cMontenegro Cup &#8211; Tennis Europe Junior Tour\u201d Nikshiq, Mali i Zi! Arber Dano dhe Ares Ferhati arrit\u00ebn secili me partneret e tyre n\u00eb finalen e Doubles, duke treguar performanc\u00eb t\u00eb jasht\u00ebzakonshme! Fitues n\u00eb Doubles: Arber Dano me Peter Stankovi\u0107 nga Mali i Zi Runner-Up: Ares Ferhati dhe Tsokanis nga Greqia Ares Ferhati arriti gjithashtu n\u00eb \u00e7erekfinalet e Singles! Urime t\u00eb p\u00ebrzem\u00ebrta p\u00ebr p\u00ebrfaq\u00ebsimin dinjitoz t\u00eb Shqip\u00ebris\u00eb n\u00eb aren\u00ebn nd\u00ebrkomb\u00ebtare t\u00eb tenisit!","og_url":"https:\/\/albaniantennis.com\/en\/tenistet-shqiptare-shkelqejne-ne-montenegro-cup\/","og_site_name":"Federata Shqiptare e Tenisit","article_published_time":"2025-07-11T10:31:21+00:00","og_image":[{"width":1440,"height":1800,"url":"https:\/\/albaniantennis.com\/wp-content\/uploads\/2025\/07\/509655839_18088622230728189_6015038074632427042_n.jpg","type":"image\/jpeg"}],"author":"Klaus Bardeli","twitter_card":"summary_large_image","twitter_misc":{"Written by":"Klaus Bardeli","Est. reading time":"1 minute"},"schema":{"@context":"https:\/\/schema.org","@graph":[{"@type":"Article","@id":"https:\/\/albaniantennis.com\/tenistet-shqiptare-shkelqejne-ne-montenegro-cup\/#article","isPartOf":{"@id":"https:\/\/albaniantennis.com\/tenistet-shqiptare-shkelqejne-ne-montenegro-cup\/"},"author":{"name":"Klaus Bardeli","@id":"https:\/\/albaniantennis.com\/#\/schema\/person\/6fa460f218c0ed8800448dcf025b86e5"},"headline":"Tenist\u00ebt shqiptar\u00eb shk\u00eblqejn\u00eb n\u00eb Montenegro Cup","datePublished":"2025-07-11T10:31:21+00:00","mainEntityOfPage":{"@id":"https:\/\/albaniantennis.com\/tenistet-shqiptare-shkelqejne-ne-montenegro-cup\/"},"wordCount":111,"publisher":{"@id":"https:\/\/albaniantennis.com\/#organization"},"image":{"@id":"https:\/\/albaniantennis.com\/tenistet-shqiptare-shkelqejne-ne-montenegro-cup\/#primaryimage"},"thumbnailUrl":"https:\/\/albaniantennis.com\/wp-content\/uploads\/2025\/07\/509655839_18088622230728189_6015038074632427042_n.jpg","keywords":["2025","albania","albaniantennisfederation","Arb\u00ebrDano","AresFerhati","federatashqiptareetenisit","fsht","klausbardeli","montenegro","players","tournament","winners"],"articleSection":["Lajme","Lojtare","Turne"],"inLanguage":"en-US"},{"@type":"WebPage","@id":"https:\/\/albaniantennis.com\/tenistet-shqiptare-shkelqejne-ne-montenegro-cup\/","url":"https:\/\/albaniantennis.com\/tenistet-shqiptare-shkelqejne-ne-montenegro-cup\/","name":"Tenist\u00ebt shqiptar\u00eb shk\u00eblqejn\u00eb n\u00eb Montenegro Cup &#8212; Federata Shqiptare e Tenisit","isPartOf":{"@id":"https:\/\/albaniantennis.com\/#website"},"primaryImageOfPage":{"@id":"https:\/\/albaniantennis.com\/tenistet-shqiptare-shkelqejne-ne-montenegro-cup\/#primaryimage"},"image":{"@id":"https:\/\/albaniantennis.com\/tenistet-shqiptare-shkelqejne-ne-montenegro-cup\/#primaryimage"},"thumbnailUrl":"https:\/\/albaniantennis.com\/wp-content\/uploads\/2025\/07\/509655839_18088622230728189_6015038074632427042_n.jpg","datePublished":"2025-07-11T10:31:21+00:00","breadcrumb":{"@id":"https:\/\/albaniantennis.com\/tenistet-shqiptare-shkelqejne-ne-montenegro-cup\/#breadcrumb"},"inLanguage":"en-US","potentialAction":[{"@type":"ReadAction","target":["https:\/\/albaniantennis.com\/tenistet-shqiptare-shkelqejne-ne-montenegro-cup\/"]}]},{"@type":"ImageObject","inLanguage":"en-US","@id":"https:\/\/albaniantennis.com\/tenistet-shqiptare-shkelqejne-ne-montenegro-cup\/#primaryimage","url":"https:\/\/albaniantennis.com\/wp-content\/uploads\/2025\/07\/509655839_18088622230728189_6015038074632427042_n.jpg","contentUrl":"https:\/\/albaniantennis.com\/wp-content\/uploads\/2025\/07\/509655839_18088622230728189_6015038074632427042_n.jpg","width":1440,"height":1800},{"@type":"BreadcrumbList","@id":"https:\/\/albaniantennis.com\/tenistet-shqiptare-shkelqejne-ne-montenegro-cup\/#breadcrumb","itemListElement":[{"@type":"ListItem","position":1,"name":"Home","item":"https:\/\/albaniantennis.com\/"},{"@type":"ListItem","position":2,"name":"Tenist\u00ebt shqiptar\u00eb shk\u00eblqejn\u00eb n\u00eb Montenegro Cup"}]},{"@type":"WebSite","@id":"https:\/\/albaniantennis.com\/#website","url":"https:\/\/albaniantennis.com\/","name":"Federata Shqiptare e Tenisit","description":"Federata Shqiptare e Tenisit","publisher":{"@id":"https:\/\/albaniantennis.com\/#organization"},"potentialAction":[{"@type":"SearchAction","target":{"@type":"EntryPoint","urlTemplate":"https:\/\/albaniantennis.com\/?s={search_term_string}"},"query-input":{"@type":"PropertyValueSpecification","valueRequired":true,"valueName":"search_term_string"}}],"inLanguage":"en-US"},{"@type":"Organization","@id":"https:\/\/albaniantennis.com\/#organization","name":"Federata Shqip\u00ebtare e Tenisit","url":"https:\/\/albaniantennis.com\/","logo":{"@type":"ImageObject","inLanguage":"en-US","@id":"https:\/\/albaniantennis.com\/#\/schema\/logo\/image\/","url":"https:\/\/albaniantennis.com\/wp-content\/uploads\/2022\/03\/Logo.png","contentUrl":"https:\/\/albaniantennis.com\/wp-content\/uploads\/2022\/03\/Logo.png","width":473,"height":400,"caption":"Federata Shqip\u00ebtare e Tenisit"},"image":{"@id":"https:\/\/albaniantennis.com\/#\/schema\/logo\/image\/"}},{"@type":"Person","@id":"https:\/\/albaniantennis.com\/#\/schema\/person\/6fa460f218c0ed8800448dcf025b86e5","name":"Klaus Bardeli","image":{"@type":"ImageObject","inLanguage":"en-US","@id":"https:\/\/secure.gravatar.com\/avatar\/294dce01b4cf43b267750000becaa1f5eb79a5971757ba9256e0bad4a9a4c807?s=96&d=mm&r=g","url":"https:\/\/secure.gravatar.com\/avatar\/294dce01b4cf43b267750000becaa1f5eb79a5971757ba9256e0bad4a9a4c807?s=96&d=mm&r=g","contentUrl":"https:\/\/secure.gravatar.com\/avatar\/294dce01b4cf43b267750000becaa1f5eb79a5971757ba9256e0bad4a9a4c807?s=96&d=mm&r=g","caption":"Klaus Bardeli"},"url":"https:\/\/albaniantennis.com\/en\/author\/klausi\/"}]}},"_links":{"self":[{"href":"https:\/\/albaniantennis.com\/en\/wp-json\/wp\/v2\/posts\/6245","targetHints":{"allow":["GET"]}}],"collection":[{"href":"https:\/\/albaniantennis.com\/en\/wp-json\/wp\/v2\/posts"}],"about":[{"href":"https:\/\/albaniantennis.com\/en\/wp-json\/wp\/v2\/types\/post"}],"author":[{"embeddable":true,"href":"https:\/\/albaniantennis.com\/en\/wp-json\/wp\/v2\/users\/2"}],"replies":[{"embeddable":true,"href":"https:\/\/albaniantennis.com\/en\/wp-json\/wp\/v2\/comments?post=6245"}],"version-history":[{"count":1,"href":"https:\/\/albaniantennis.com\/en\/wp-json\/wp\/v2\/posts\/6245\/revisions"}],"predecessor-version":[{"id":6249,"href":"https:\/\/albaniantennis.com\/en\/wp-json\/wp\/v2\/posts\/6245\/revisions\/6249"}],"wp:featuredmedia":[{"embeddable":true,"href":"https:\/\/albaniantennis.com\/en\/wp-json\/wp\/v2\/media\/6246"}],"wp:attachment":[{"href":"https:\/\/albaniantennis.com\/en\/wp-json\/wp\/v2\/media?parent=6245"}],"wp:term":[{"taxonomy":"category","embeddable":true,"href":"https:\/\/albaniantennis.com\/en\/wp-json\/wp\/v2\/categories?post=6245"},{"taxonomy":"post_tag","embeddable":true,"href":"https:\/\/albaniantennis.com\/en\/wp-json\/wp\/v2\/tags?post=6245"}],"curies":[{"name":"wp","href":"https:\/\/api.w.org\/{rel}","templated":true}]}}