{"id":6186,"date":"2025-07-11T09:41:26","date_gmt":"2025-07-11T09:41:26","guid":{"rendered":"https:\/\/albaniantennis.com\/?p=6186"},"modified":"2025-07-11T09:41:26","modified_gmt":"2025-07-11T09:41:26","slug":"ceremonia-hapese-davis-cup-europe-iv-2025","status":"publish","type":"post","link":"https:\/\/albaniantennis.com\/en\/ceremonia-hapese-davis-cup-europe-iv-2025\/","title":{"rendered":"Ceremonia hap\u00ebse &#8211; DAVIS CUP EUROPE IV 2025"},"content":{"rendered":"<div class=\"xdj266r x14z9mp xat24cr x1lziwak x1vvkbs x126k92a\">\n<div dir=\"auto\"><span style=\"font-size: 16px;\">U zhvillua ceremonia hap\u00ebse e Kup\u00ebs s\u00eb Bot\u00ebs n\u00eb Tenis p\u00ebr Meshkuj \u201cDavis Cup &#8211; Europe Group IV 2025\u201d, e cila po mbahet n\u00eb Qendr\u00ebn Komb\u00ebtare t\u00eb Tenisit \u201cNational Sport Park\u201d n\u00eb Tiran\u00eb.<\/span><\/div>\n<\/div>\n<div class=\"x14z9mp xat24cr x1lziwak x1vvkbs xtlvy1s x126k92a\">\n<div dir=\"auto\">N\u00eb k\u00ebt\u00eb veprimtari marrin pjes\u00eb ekipet komb\u00ebtare t\u00eb Azerbajxhanit, Liechtensteinit, Andorr\u00ebs, Kosov\u00ebs, San Marinos, Island\u00ebs dhe Shqip\u00ebris\u00eb.<\/div>\n<\/div>\n<div class=\"x14z9mp xat24cr x1lziwak x1vvkbs xtlvy1s x126k92a\">\n<div dir=\"auto\">Gjat\u00eb gjith\u00eb k\u00ebsaj jave do t\u00eb zhvillohen ndeshje individuale dhe dyshe nd\u00ebrmjet ekipeve pjes\u00ebmarr\u00ebse.<\/div>\n<\/div>\n<div class=\"x14z9mp xat24cr x1lziwak x1vvkbs xtlvy1s x126k92a\">\n<div dir=\"auto\">Ekipi komb\u00ebtar shqiptar p\u00ebrb\u00ebhet nga lojtar\u00ebt:<\/div>\n<div dir=\"auto\">Martin Muedini, Mario Zili, Joan Sura, Denis Gaba, dhe kapiten\u00ebt\/trajner\u00ebt P\u00ebrparim Zano dhe Ervin Rota.<\/div>\n<\/div>\n<div class=\"x14z9mp xat24cr x1lziwak x1vvkbs xtlvy1s x126k92a\">\n<div dir=\"auto\">T\u00eb ftuar n\u00eb ceremonin\u00eb hap\u00ebse ishin figura t\u00eb r\u00ebnd\u00ebsishme t\u00eb sportit dhe politik\u00ebs, nd\u00ebr t\u00eb cil\u00ebt p\u00ebrmendim:<\/div>\n<\/div>\n<div class=\"x14z9mp xat24cr x1lziwak x1vvkbs xtlvy1s x126k92a\">\n<div dir=\"auto\">Presidentin e Komitetit Olimpik Komb\u00ebtar Shqiptar, z. Fidel Ylli.<\/div>\n<div dir=\"auto\">P\u00ebrfaq\u00ebsuesin e Federat\u00ebs Nd\u00ebrkomb\u00ebtare t\u00eb Tenisit (ITF), z. Javier Moreno Perez.<\/div>\n<div dir=\"auto\">P\u00ebrfaq\u00ebsuesin e Bashkis\u00eb Tiran\u00eb, z. Urim Tresa.<\/div>\n<div dir=\"auto\">Presidentin e Federat\u00ebs Shqiptare t\u00eb Tenisit, z. Ferdinand Sulo.<\/div>\n<\/div>\n<div class=\"x14z9mp xat24cr x1lziwak x1vvkbs xtlvy1s x126k92a\">\n<div dir=\"auto\">Ceremonia u drejtua nga Drejtori Organizativ i Davis Cup, z. Albi Sulo, dhe Sekretari i P\u00ebrgjithsh\u00ebm i FSHT, z. Klaus Bardeli.<\/div>\n<\/div>\n<div class=\"x14z9mp xat24cr x1lziwak x1vvkbs xtlvy1s x126k92a\">\n<div dir=\"auto\">T\u00eb gjitha ekipet u paraqit\u00ebn n\u00eb sken\u00eb p\u00ebr nj\u00eb prezantim t\u00eb shkurt\u00ebr, ku secilit prej tyre iu dor\u00ebzua nj\u00eb dhurat\u00eb simbolike nga Shqip\u00ebria, nga ana e drejtorit organizativ.<\/div>\n<\/div>\n<div class=\"x14z9mp xat24cr x1lziwak x1vvkbs xtlvy1s x126k92a\">\n<div dir=\"auto\">T\u00eb pranish\u00ebm ishin gjithashtu p\u00ebrfaq\u00ebsues dhe gazetar\u00eb t\u00eb mediave, si dhe shum\u00eb dashamir\u00ebs t\u00eb sportit t\u00eb tenisit.<\/div>\n<\/div>\n<div class=\"x14z9mp xat24cr x1lziwak x1vvkbs xtlvy1s x126k92a\">\n<div dir=\"auto\">\u00a0I urojm\u00eb shum\u00eb fat ekipit ton\u00eb komb\u00ebtar dhe suksese t\u00eb gjith\u00eb ekipeve pjes\u00ebmarr\u00ebse!<div class=\"rl-gallery-container\" id=\"rl-gallery-container-1\" data-gallery_id=\"0\"> <div class=\"rl-gallery rl-basicmasonry-gallery\" id=\"rl-gallery-1\" data-gallery_no=\"1\"> <div class=\"rl-gutter-sizer\"><\/div><div class=\"rl-grid-sizer\"><\/div> <div class=\"rl-gallery-item rl-gallery-item-width-4\" > <div class=\"rl-gallery-item-content\"> <a href=\"https:\/\/albaniantennis.com\/wp-content\/uploads\/2025\/07\/504552140_18087780157728189_3013441836445909500_n.jpg\" title=\"\" data-rl_title=\"\" class=\"rl-gallery-link\" data-rl_caption=\"\" data-rel=\"lightbox-gallery-1\"><img fetchpriority=\"high\" decoding=\"async\" src=\"https:\/\/albaniantennis.com\/wp-content\/uploads\/2025\/07\/504552140_18087780157728189_3013441836445909500_n-297x300.jpg\" width=\"297\" height=\"300\" alt=\"\" \/><\/a> <\/div> <\/div> <div class=\"rl-gallery-item\" > <div class=\"rl-gallery-item-content\"> <a href=\"https:\/\/albaniantennis.com\/wp-content\/uploads\/2025\/07\/504818085_18087780175728189_7673834264590194870_n.jpg\" title=\"\" data-rl_title=\"\" class=\"rl-gallery-link\" data-rl_caption=\"\" data-rel=\"lightbox-gallery-1\"><img decoding=\"async\" src=\"https:\/\/albaniantennis.com\/wp-content\/uploads\/2025\/07\/504818085_18087780175728189_7673834264590194870_n-297x300.jpg\" width=\"297\" height=\"300\" alt=\"\" \/><\/a> <\/div> <\/div> <div class=\"rl-gallery-item\" > <div class=\"rl-gallery-item-content\"> <a href=\"https:\/\/albaniantennis.com\/wp-content\/uploads\/2025\/07\/504444602_18087780223728189_2051262646302677779_n.jpg\" title=\"\" data-rl_title=\"\" class=\"rl-gallery-link\" data-rl_caption=\"\" data-rel=\"lightbox-gallery-1\"><img decoding=\"async\" src=\"https:\/\/albaniantennis.com\/wp-content\/uploads\/2025\/07\/504444602_18087780223728189_2051262646302677779_n-297x300.jpg\" width=\"297\" height=\"300\" alt=\"\" \/><\/a> <\/div> <\/div> <div class=\"rl-gallery-item\" > <div class=\"rl-gallery-item-content\"> <a href=\"https:\/\/albaniantennis.com\/wp-content\/uploads\/2025\/07\/505124544_18087780286728189_6346993802778226148_n.jpg\" title=\"\" data-rl_title=\"\" class=\"rl-gallery-link\" data-rl_caption=\"\" data-rel=\"lightbox-gallery-1\"><img loading=\"lazy\" decoding=\"async\" src=\"https:\/\/albaniantennis.com\/wp-content\/uploads\/2025\/07\/505124544_18087780286728189_6346993802778226148_n-297x300.jpg\" width=\"297\" height=\"300\" alt=\"\" \/><\/a> <\/div> <\/div> <div class=\"rl-gallery-item\" > <div class=\"rl-gallery-item-content\"> <a href=\"https:\/\/albaniantennis.com\/wp-content\/uploads\/2025\/07\/504275528_18087780268728189_3089944546937791349_n.jpg\" title=\"\" data-rl_title=\"\" class=\"rl-gallery-link\" data-rl_caption=\"\" data-rel=\"lightbox-gallery-1\"><img loading=\"lazy\" decoding=\"async\" src=\"https:\/\/albaniantennis.com\/wp-content\/uploads\/2025\/07\/504275528_18087780268728189_3089944546937791349_n-297x300.jpg\" width=\"297\" height=\"300\" alt=\"\" \/><\/a> <\/div> <\/div> <div class=\"rl-gallery-item\" > <div class=\"rl-gallery-item-content\"> <a href=\"https:\/\/albaniantennis.com\/wp-content\/uploads\/2025\/07\/505091425_18087780193728189_5831626376841369527_n.jpg\" title=\"\" data-rl_title=\"\" class=\"rl-gallery-link\" data-rl_caption=\"\" data-rel=\"lightbox-gallery-1\"><img loading=\"lazy\" decoding=\"async\" src=\"https:\/\/albaniantennis.com\/wp-content\/uploads\/2025\/07\/505091425_18087780193728189_5831626376841369527_n-297x300.jpg\" width=\"297\" height=\"300\" alt=\"\" \/><\/a> <\/div> <\/div> <div class=\"rl-gallery-item\" > <div class=\"rl-gallery-item-content\"> <a href=\"https:\/\/albaniantennis.com\/wp-content\/uploads\/2025\/07\/504604382_18087780205728189_3569396768510897057_n.jpg\" title=\"\" data-rl_title=\"\" class=\"rl-gallery-link\" data-rl_caption=\"\" data-rel=\"lightbox-gallery-1\"><img loading=\"lazy\" decoding=\"async\" src=\"https:\/\/albaniantennis.com\/wp-content\/uploads\/2025\/07\/504604382_18087780205728189_3569396768510897057_n-297x300.jpg\" width=\"297\" height=\"300\" alt=\"\" \/><\/a> <\/div> <\/div> <div class=\"rl-gallery-item\" > <div class=\"rl-gallery-item-content\"> <a href=\"https:\/\/albaniantennis.com\/wp-content\/uploads\/2025\/07\/504873577_18087780277728189_4643012757416005729_n.jpg\" title=\"\" data-rl_title=\"\" class=\"rl-gallery-link\" data-rl_caption=\"\" data-rel=\"lightbox-gallery-1\"><img loading=\"lazy\" decoding=\"async\" src=\"https:\/\/albaniantennis.com\/wp-content\/uploads\/2025\/07\/504873577_18087780277728189_4643012757416005729_n-297x300.jpg\" width=\"297\" height=\"300\" alt=\"\" \/><\/a> <\/div> <\/div> <div class=\"rl-gallery-item\" > <div class=\"rl-gallery-item-content\"> <a href=\"https:\/\/albaniantennis.com\/wp-content\/uploads\/2025\/07\/504838850_18087780256728189_2885615458711037047_n.jpg\" title=\"\" data-rl_title=\"\" class=\"rl-gallery-link\" data-rl_caption=\"\" data-rel=\"lightbox-gallery-1\"><img loading=\"lazy\" decoding=\"async\" src=\"https:\/\/albaniantennis.com\/wp-content\/uploads\/2025\/07\/504838850_18087780256728189_2885615458711037047_n-297x300.jpg\" width=\"297\" height=\"300\" alt=\"\" \/><\/a> <\/div> <\/div> <div class=\"rl-gallery-item\" > <div class=\"rl-gallery-item-content\"> <a href=\"https:\/\/albaniantennis.com\/wp-content\/uploads\/2025\/07\/504833344_18087780238728189_6819362499759485389_n.jpg\" title=\"\" data-rl_title=\"\" class=\"rl-gallery-link\" data-rl_caption=\"\" data-rel=\"lightbox-gallery-1\"><img loading=\"lazy\" decoding=\"async\" src=\"https:\/\/albaniantennis.com\/wp-content\/uploads\/2025\/07\/504833344_18087780238728189_6819362499759485389_n-297x300.jpg\" width=\"297\" height=\"300\" alt=\"\" \/><\/a> <\/div> <\/div> <div class=\"rl-gallery-item\" > <div class=\"rl-gallery-item-content\"> <a href=\"https:\/\/albaniantennis.com\/wp-content\/uploads\/2025\/07\/505410314_18087780214728189_4092542702824147141_n.jpg\" title=\"\" data-rl_title=\"\" class=\"rl-gallery-link\" data-rl_caption=\"\" data-rel=\"lightbox-gallery-1\"><img loading=\"lazy\" decoding=\"async\" src=\"https:\/\/albaniantennis.com\/wp-content\/uploads\/2025\/07\/505410314_18087780214728189_4092542702824147141_n-297x300.jpg\" width=\"297\" height=\"300\" alt=\"\" \/><\/a> <\/div> <\/div> <\/div> <\/div><\/p>\n<\/div>\n<\/div>","protected":false},"excerpt":{"rendered":"<p>U zhvillua ceremonia hap\u00ebse e Kup\u00ebs s\u00eb Bot\u00ebs n\u00eb Tenis p\u00ebr Meshkuj \u201cDavis Cup &#8211; Europe Group IV 2025\u201d, e cila po mbahet n\u00eb Qendr\u00ebn Komb\u00ebtare t\u00eb Tenisit \u201cNational Sport Park\u201d n\u00eb Tiran\u00eb. N\u00eb k\u00ebt\u00eb veprimtari marrin pjes\u00eb ekipet komb\u00ebtare t\u00eb Azerbajxhanit, Liechtensteinit, Andorr\u00ebs, Kosov\u00ebs, San Marinos, Island\u00ebs dhe Shqip\u00ebris\u00eb. Gjat\u00eb gjith\u00eb k\u00ebsaj jave do t\u00eb zhvillohen ndeshje individuale dhe dyshe nd\u00ebrmjet ekipeve pjes\u00ebmarr\u00ebse. Ekipi komb\u00ebtar shqiptar p\u00ebrb\u00ebhet nga lojtar\u00ebt: Martin Muedini, Mario Zili, Joan Sura, Denis Gaba, dhe kapiten\u00ebt\/trajner\u00ebt P\u00ebrparim Zano dhe Ervin Rota. T\u00eb ftuar n\u00eb ceremonin\u00eb hap\u00ebse ishin figura t\u00eb r\u00ebnd\u00ebsishme t\u00eb sportit dhe politik\u00ebs, nd\u00ebr t\u00eb cil\u00ebt p\u00ebrmendim: Presidentin e Komitetit Olimpik Komb\u00ebtar Shqiptar, z. Fidel Ylli. P\u00ebrfaq\u00ebsuesin e Federat\u00ebs Nd\u00ebrkomb\u00ebtare t\u00eb Tenisit (ITF), z. Javier Moreno Perez. P\u00ebrfaq\u00ebsuesin e Bashkis\u00eb Tiran\u00eb, z. Urim Tresa. Presidentin e Federat\u00ebs Shqiptare t\u00eb Tenisit, z. Ferdinand Sulo. Ceremonia u drejtua nga Drejtori Organizativ i Davis Cup, z. Albi Sulo, dhe Sekretari i P\u00ebrgjithsh\u00ebm i FSHT, z. Klaus Bardeli. T\u00eb gjitha ekipet u paraqit\u00ebn n\u00eb sken\u00eb p\u00ebr nj\u00eb prezantim t\u00eb shkurt\u00ebr, ku secilit prej tyre iu dor\u00ebzua nj\u00eb dhurat\u00eb simbolike nga Shqip\u00ebria, nga ana e drejtorit organizativ. T\u00eb pranish\u00ebm ishin gjithashtu p\u00ebrfaq\u00ebsues dhe gazetar\u00eb t\u00eb mediave, si dhe shum\u00eb dashamir\u00ebs t\u00eb sportit t\u00eb tenisit. \u00a0I urojm\u00eb shum\u00eb fat ekipit ton\u00eb komb\u00ebtar dhe suksese t\u00eb gjith\u00eb ekipeve pjes\u00ebmarr\u00ebse!<\/p>","protected":false},"author":2,"featured_media":6197,"comment_status":"closed","ping_status":"open","sticky":false,"template":"","format":"standard","meta":{"_eb_attr":"","pgc_sgb_lightbox_settings":"","footnotes":""},"categories":[11,6,4],"tags":[476,18,246,59,375,491,168,138,28,342,99,242,253,14,149,492],"class_list":["post-6186","post","type-post","status-publish","format-standard","has-post-thumbnail","hentry","category-lajme","category-lojtare","category-turne","tag-476","tag-albania","tag-albisulo","tag-davis-cup","tag-europe","tag-fedelylli","tag-federatashqiptareetenisit","tag-ferdinandsulo","tag-fsht","tag-groupiv","tag-klausbardeli","tag-nationalsportpark","tag-qendrakombetareetenisit","tag-tennis","tag-tirana","tag-urimtreska"],"yoast_head":"<!-- This site is optimized with the Yoast SEO plugin v27.4 - https:\/\/yoast.com\/product\/yoast-seo-wordpress\/ -->\n<title>Ceremonia hap\u00ebse - DAVIS CUP EUROPE IV 2025 &#8212; Federata Shqiptare e Tenisit<\/title>\n<meta name=\"robots\" content=\"index, follow, max-snippet:-1, max-image-preview:large, max-video-preview:-1\" \/>\n<link rel=\"canonical\" href=\"https:\/\/albaniantennis.com\/en\/ceremonia-hapese-davis-cup-europe-iv-2025\/\" \/>\n<meta property=\"og:locale\" content=\"en_US\" \/>\n<meta property=\"og:type\" content=\"article\" \/>\n<meta property=\"og:title\" content=\"Ceremonia hap\u00ebse - DAVIS CUP EUROPE IV 2025 &#8212; Federata Shqiptare e Tenisit\" \/>\n<meta property=\"og:description\" content=\"U zhvillua ceremonia hap\u00ebse e Kup\u00ebs s\u00eb Bot\u00ebs n\u00eb Tenis p\u00ebr Meshkuj \u201cDavis Cup &#8211; Europe Group IV 2025\u201d, e cila po mbahet n\u00eb Qendr\u00ebn Komb\u00ebtare t\u00eb Tenisit \u201cNational Sport Park\u201d n\u00eb Tiran\u00eb. N\u00eb k\u00ebt\u00eb veprimtari marrin pjes\u00eb ekipet komb\u00ebtare t\u00eb Azerbajxhanit, Liechtensteinit, Andorr\u00ebs, Kosov\u00ebs, San Marinos, Island\u00ebs dhe Shqip\u00ebris\u00eb. Gjat\u00eb gjith\u00eb k\u00ebsaj jave do t\u00eb zhvillohen ndeshje individuale dhe dyshe nd\u00ebrmjet ekipeve pjes\u00ebmarr\u00ebse. Ekipi komb\u00ebtar shqiptar p\u00ebrb\u00ebhet nga lojtar\u00ebt: Martin Muedini, Mario Zili, Joan Sura, Denis Gaba, dhe kapiten\u00ebt\/trajner\u00ebt P\u00ebrparim Zano dhe Ervin Rota. T\u00eb ftuar n\u00eb ceremonin\u00eb hap\u00ebse ishin figura t\u00eb r\u00ebnd\u00ebsishme t\u00eb sportit dhe politik\u00ebs, nd\u00ebr t\u00eb cil\u00ebt p\u00ebrmendim: Presidentin e Komitetit Olimpik Komb\u00ebtar Shqiptar, z. Fidel Ylli. P\u00ebrfaq\u00ebsuesin e Federat\u00ebs Nd\u00ebrkomb\u00ebtare t\u00eb Tenisit (ITF), z. Javier Moreno Perez. P\u00ebrfaq\u00ebsuesin e Bashkis\u00eb Tiran\u00eb, z. Urim Tresa. Presidentin e Federat\u00ebs Shqiptare t\u00eb Tenisit, z. Ferdinand Sulo. Ceremonia u drejtua nga Drejtori Organizativ i Davis Cup, z. Albi Sulo, dhe Sekretari i P\u00ebrgjithsh\u00ebm i FSHT, z. Klaus Bardeli. T\u00eb gjitha ekipet u paraqit\u00ebn n\u00eb sken\u00eb p\u00ebr nj\u00eb prezantim t\u00eb shkurt\u00ebr, ku secilit prej tyre iu dor\u00ebzua nj\u00eb dhurat\u00eb simbolike nga Shqip\u00ebria, nga ana e drejtorit organizativ. T\u00eb pranish\u00ebm ishin gjithashtu p\u00ebrfaq\u00ebsues dhe gazetar\u00eb t\u00eb mediave, si dhe shum\u00eb dashamir\u00ebs t\u00eb sportit t\u00eb tenisit. \u00a0I urojm\u00eb shum\u00eb fat ekipit ton\u00eb komb\u00ebtar dhe suksese t\u00eb gjith\u00eb ekipeve pjes\u00ebmarr\u00ebse!\" \/>\n<meta property=\"og:url\" content=\"https:\/\/albaniantennis.com\/en\/ceremonia-hapese-davis-cup-europe-iv-2025\/\" \/>\n<meta property=\"og:site_name\" content=\"Federata Shqiptare e Tenisit\" \/>\n<meta property=\"article:published_time\" content=\"2025-07-11T09:41:26+00:00\" \/>\n<meta property=\"og:image\" content=\"https:\/\/albaniantennis.com\/wp-content\/uploads\/2025\/07\/504552140_18087780157728189_3013441836445909500_n.jpg\" \/>\n\t<meta property=\"og:image:width\" content=\"1290\" \/>\n\t<meta property=\"og:image:height\" content=\"1303\" \/>\n\t<meta property=\"og:image:type\" content=\"image\/jpeg\" \/>\n<meta name=\"author\" content=\"Klaus Bardeli\" \/>\n<meta name=\"twitter:card\" content=\"summary_large_image\" \/>\n<meta name=\"twitter:label1\" content=\"Written by\" \/>\n\t<meta name=\"twitter:data1\" content=\"Klaus Bardeli\" \/>\n\t<meta name=\"twitter:label2\" content=\"Est. reading time\" \/>\n\t<meta name=\"twitter:data2\" content=\"2 minutes\" \/>\n<script type=\"application\/ld+json\" class=\"yoast-schema-graph\">{\"@context\":\"https:\\\/\\\/schema.org\",\"@graph\":[{\"@type\":\"Article\",\"@id\":\"https:\\\/\\\/albaniantennis.com\\\/ceremonia-hapese-davis-cup-europe-iv-2025\\\/#article\",\"isPartOf\":{\"@id\":\"https:\\\/\\\/albaniantennis.com\\\/ceremonia-hapese-davis-cup-europe-iv-2025\\\/\"},\"author\":{\"name\":\"Klaus Bardeli\",\"@id\":\"https:\\\/\\\/albaniantennis.com\\\/#\\\/schema\\\/person\\\/6fa460f218c0ed8800448dcf025b86e5\"},\"headline\":\"Ceremonia hap\u00ebse &#8211; DAVIS CUP EUROPE IV 2025\",\"datePublished\":\"2025-07-11T09:41:26+00:00\",\"mainEntityOfPage\":{\"@id\":\"https:\\\/\\\/albaniantennis.com\\\/ceremonia-hapese-davis-cup-europe-iv-2025\\\/\"},\"wordCount\":284,\"publisher\":{\"@id\":\"https:\\\/\\\/albaniantennis.com\\\/#organization\"},\"image\":{\"@id\":\"https:\\\/\\\/albaniantennis.com\\\/ceremonia-hapese-davis-cup-europe-iv-2025\\\/#primaryimage\"},\"thumbnailUrl\":\"https:\\\/\\\/albaniantennis.com\\\/wp-content\\\/uploads\\\/2025\\\/07\\\/504552140_18087780157728189_3013441836445909500_n.jpg\",\"keywords\":[\"2025\",\"albania\",\"AlbiSulo\",\"Davis Cup\",\"Europe\",\"FedelYlli\",\"federatashqiptareetenisit\",\"FerdinandSulo\",\"fsht\",\"GroupIV\",\"klausbardeli\",\"NationalSportPark\",\"QendraKombetareeTenisit\",\"tennis\",\"tirana\",\"UrimTreska\"],\"articleSection\":[\"Lajme\",\"Lojtare\",\"Turne\"],\"inLanguage\":\"en-US\"},{\"@type\":\"WebPage\",\"@id\":\"https:\\\/\\\/albaniantennis.com\\\/ceremonia-hapese-davis-cup-europe-iv-2025\\\/\",\"url\":\"https:\\\/\\\/albaniantennis.com\\\/ceremonia-hapese-davis-cup-europe-iv-2025\\\/\",\"name\":\"Ceremonia hap\u00ebse - DAVIS CUP EUROPE IV 2025 &#8212; Federata Shqiptare e Tenisit\",\"isPartOf\":{\"@id\":\"https:\\\/\\\/albaniantennis.com\\\/#website\"},\"primaryImageOfPage\":{\"@id\":\"https:\\\/\\\/albaniantennis.com\\\/ceremonia-hapese-davis-cup-europe-iv-2025\\\/#primaryimage\"},\"image\":{\"@id\":\"https:\\\/\\\/albaniantennis.com\\\/ceremonia-hapese-davis-cup-europe-iv-2025\\\/#primaryimage\"},\"thumbnailUrl\":\"https:\\\/\\\/albaniantennis.com\\\/wp-content\\\/uploads\\\/2025\\\/07\\\/504552140_18087780157728189_3013441836445909500_n.jpg\",\"datePublished\":\"2025-07-11T09:41:26+00:00\",\"breadcrumb\":{\"@id\":\"https:\\\/\\\/albaniantennis.com\\\/ceremonia-hapese-davis-cup-europe-iv-2025\\\/#breadcrumb\"},\"inLanguage\":\"en-US\",\"potentialAction\":[{\"@type\":\"ReadAction\",\"target\":[\"https:\\\/\\\/albaniantennis.com\\\/ceremonia-hapese-davis-cup-europe-iv-2025\\\/\"]}]},{\"@type\":\"ImageObject\",\"inLanguage\":\"en-US\",\"@id\":\"https:\\\/\\\/albaniantennis.com\\\/ceremonia-hapese-davis-cup-europe-iv-2025\\\/#primaryimage\",\"url\":\"https:\\\/\\\/albaniantennis.com\\\/wp-content\\\/uploads\\\/2025\\\/07\\\/504552140_18087780157728189_3013441836445909500_n.jpg\",\"contentUrl\":\"https:\\\/\\\/albaniantennis.com\\\/wp-content\\\/uploads\\\/2025\\\/07\\\/504552140_18087780157728189_3013441836445909500_n.jpg\",\"width\":1290,\"height\":1303},{\"@type\":\"BreadcrumbList\",\"@id\":\"https:\\\/\\\/albaniantennis.com\\\/ceremonia-hapese-davis-cup-europe-iv-2025\\\/#breadcrumb\",\"itemListElement\":[{\"@type\":\"ListItem\",\"position\":1,\"name\":\"Home\",\"item\":\"https:\\\/\\\/albaniantennis.com\\\/\"},{\"@type\":\"ListItem\",\"position\":2,\"name\":\"Ceremonia hap\u00ebse &#8211; DAVIS CUP EUROPE IV 2025\"}]},{\"@type\":\"WebSite\",\"@id\":\"https:\\\/\\\/albaniantennis.com\\\/#website\",\"url\":\"https:\\\/\\\/albaniantennis.com\\\/\",\"name\":\"Federata Shqiptare e Tenisit\",\"description\":\"Federata Shqiptare e Tenisit\",\"publisher\":{\"@id\":\"https:\\\/\\\/albaniantennis.com\\\/#organization\"},\"potentialAction\":[{\"@type\":\"SearchAction\",\"target\":{\"@type\":\"EntryPoint\",\"urlTemplate\":\"https:\\\/\\\/albaniantennis.com\\\/?s={search_term_string}\"},\"query-input\":{\"@type\":\"PropertyValueSpecification\",\"valueRequired\":true,\"valueName\":\"search_term_string\"}}],\"inLanguage\":\"en-US\"},{\"@type\":\"Organization\",\"@id\":\"https:\\\/\\\/albaniantennis.com\\\/#organization\",\"name\":\"Federata Shqip\u00ebtare e Tenisit\",\"url\":\"https:\\\/\\\/albaniantennis.com\\\/\",\"logo\":{\"@type\":\"ImageObject\",\"inLanguage\":\"en-US\",\"@id\":\"https:\\\/\\\/albaniantennis.com\\\/#\\\/schema\\\/logo\\\/image\\\/\",\"url\":\"https:\\\/\\\/albaniantennis.com\\\/wp-content\\\/uploads\\\/2022\\\/03\\\/Logo.png\",\"contentUrl\":\"https:\\\/\\\/albaniantennis.com\\\/wp-content\\\/uploads\\\/2022\\\/03\\\/Logo.png\",\"width\":473,\"height\":400,\"caption\":\"Federata Shqip\u00ebtare e Tenisit\"},\"image\":{\"@id\":\"https:\\\/\\\/albaniantennis.com\\\/#\\\/schema\\\/logo\\\/image\\\/\"}},{\"@type\":\"Person\",\"@id\":\"https:\\\/\\\/albaniantennis.com\\\/#\\\/schema\\\/person\\\/6fa460f218c0ed8800448dcf025b86e5\",\"name\":\"Klaus Bardeli\",\"image\":{\"@type\":\"ImageObject\",\"inLanguage\":\"en-US\",\"@id\":\"https:\\\/\\\/secure.gravatar.com\\\/avatar\\\/294dce01b4cf43b267750000becaa1f5eb79a5971757ba9256e0bad4a9a4c807?s=96&d=mm&r=g\",\"url\":\"https:\\\/\\\/secure.gravatar.com\\\/avatar\\\/294dce01b4cf43b267750000becaa1f5eb79a5971757ba9256e0bad4a9a4c807?s=96&d=mm&r=g\",\"contentUrl\":\"https:\\\/\\\/secure.gravatar.com\\\/avatar\\\/294dce01b4cf43b267750000becaa1f5eb79a5971757ba9256e0bad4a9a4c807?s=96&d=mm&r=g\",\"caption\":\"Klaus Bardeli\"},\"url\":\"https:\\\/\\\/albaniantennis.com\\\/en\\\/author\\\/klausi\\\/\"}]}<\/script>\n<!-- \/ Yoast SEO plugin. -->","yoast_head_json":{"title":"Ceremonia hap\u00ebse - DAVIS CUP EUROPE IV 2025 &#8212; Federata Shqiptare e Tenisit","robots":{"index":"index","follow":"follow","max-snippet":"max-snippet:-1","max-image-preview":"max-image-preview:large","max-video-preview":"max-video-preview:-1"},"canonical":"https:\/\/albaniantennis.com\/en\/ceremonia-hapese-davis-cup-europe-iv-2025\/","og_locale":"en_US","og_type":"article","og_title":"Ceremonia hap\u00ebse - DAVIS CUP EUROPE IV 2025 &#8212; Federata Shqiptare e Tenisit","og_description":"U zhvillua ceremonia hap\u00ebse e Kup\u00ebs s\u00eb Bot\u00ebs n\u00eb Tenis p\u00ebr Meshkuj \u201cDavis Cup &#8211; Europe Group IV 2025\u201d, e cila po mbahet n\u00eb Qendr\u00ebn Komb\u00ebtare t\u00eb Tenisit \u201cNational Sport Park\u201d n\u00eb Tiran\u00eb. N\u00eb k\u00ebt\u00eb veprimtari marrin pjes\u00eb ekipet komb\u00ebtare t\u00eb Azerbajxhanit, Liechtensteinit, Andorr\u00ebs, Kosov\u00ebs, San Marinos, Island\u00ebs dhe Shqip\u00ebris\u00eb. Gjat\u00eb gjith\u00eb k\u00ebsaj jave do t\u00eb zhvillohen ndeshje individuale dhe dyshe nd\u00ebrmjet ekipeve pjes\u00ebmarr\u00ebse. Ekipi komb\u00ebtar shqiptar p\u00ebrb\u00ebhet nga lojtar\u00ebt: Martin Muedini, Mario Zili, Joan Sura, Denis Gaba, dhe kapiten\u00ebt\/trajner\u00ebt P\u00ebrparim Zano dhe Ervin Rota. T\u00eb ftuar n\u00eb ceremonin\u00eb hap\u00ebse ishin figura t\u00eb r\u00ebnd\u00ebsishme t\u00eb sportit dhe politik\u00ebs, nd\u00ebr t\u00eb cil\u00ebt p\u00ebrmendim: Presidentin e Komitetit Olimpik Komb\u00ebtar Shqiptar, z. Fidel Ylli. P\u00ebrfaq\u00ebsuesin e Federat\u00ebs Nd\u00ebrkomb\u00ebtare t\u00eb Tenisit (ITF), z. Javier Moreno Perez. P\u00ebrfaq\u00ebsuesin e Bashkis\u00eb Tiran\u00eb, z. Urim Tresa. Presidentin e Federat\u00ebs Shqiptare t\u00eb Tenisit, z. Ferdinand Sulo. Ceremonia u drejtua nga Drejtori Organizativ i Davis Cup, z. Albi Sulo, dhe Sekretari i P\u00ebrgjithsh\u00ebm i FSHT, z. Klaus Bardeli. T\u00eb gjitha ekipet u paraqit\u00ebn n\u00eb sken\u00eb p\u00ebr nj\u00eb prezantim t\u00eb shkurt\u00ebr, ku secilit prej tyre iu dor\u00ebzua nj\u00eb dhurat\u00eb simbolike nga Shqip\u00ebria, nga ana e drejtorit organizativ. T\u00eb pranish\u00ebm ishin gjithashtu p\u00ebrfaq\u00ebsues dhe gazetar\u00eb t\u00eb mediave, si dhe shum\u00eb dashamir\u00ebs t\u00eb sportit t\u00eb tenisit. \u00a0I urojm\u00eb shum\u00eb fat ekipit ton\u00eb komb\u00ebtar dhe suksese t\u00eb gjith\u00eb ekipeve pjes\u00ebmarr\u00ebse!","og_url":"https:\/\/albaniantennis.com\/en\/ceremonia-hapese-davis-cup-europe-iv-2025\/","og_site_name":"Federata Shqiptare e Tenisit","article_published_time":"2025-07-11T09:41:26+00:00","og_image":[{"width":1290,"height":1303,"url":"https:\/\/albaniantennis.com\/wp-content\/uploads\/2025\/07\/504552140_18087780157728189_3013441836445909500_n.jpg","type":"image\/jpeg"}],"author":"Klaus Bardeli","twitter_card":"summary_large_image","twitter_misc":{"Written by":"Klaus Bardeli","Est. reading time":"2 minutes"},"schema":{"@context":"https:\/\/schema.org","@graph":[{"@type":"Article","@id":"https:\/\/albaniantennis.com\/ceremonia-hapese-davis-cup-europe-iv-2025\/#article","isPartOf":{"@id":"https:\/\/albaniantennis.com\/ceremonia-hapese-davis-cup-europe-iv-2025\/"},"author":{"name":"Klaus Bardeli","@id":"https:\/\/albaniantennis.com\/#\/schema\/person\/6fa460f218c0ed8800448dcf025b86e5"},"headline":"Ceremonia hap\u00ebse &#8211; DAVIS CUP EUROPE IV 2025","datePublished":"2025-07-11T09:41:26+00:00","mainEntityOfPage":{"@id":"https:\/\/albaniantennis.com\/ceremonia-hapese-davis-cup-europe-iv-2025\/"},"wordCount":284,"publisher":{"@id":"https:\/\/albaniantennis.com\/#organization"},"image":{"@id":"https:\/\/albaniantennis.com\/ceremonia-hapese-davis-cup-europe-iv-2025\/#primaryimage"},"thumbnailUrl":"https:\/\/albaniantennis.com\/wp-content\/uploads\/2025\/07\/504552140_18087780157728189_3013441836445909500_n.jpg","keywords":["2025","albania","AlbiSulo","Davis Cup","Europe","FedelYlli","federatashqiptareetenisit","FerdinandSulo","fsht","GroupIV","klausbardeli","NationalSportPark","QendraKombetareeTenisit","tennis","tirana","UrimTreska"],"articleSection":["Lajme","Lojtare","Turne"],"inLanguage":"en-US"},{"@type":"WebPage","@id":"https:\/\/albaniantennis.com\/ceremonia-hapese-davis-cup-europe-iv-2025\/","url":"https:\/\/albaniantennis.com\/ceremonia-hapese-davis-cup-europe-iv-2025\/","name":"Ceremonia hap\u00ebse - DAVIS CUP EUROPE IV 2025 &#8212; Federata Shqiptare e Tenisit","isPartOf":{"@id":"https:\/\/albaniantennis.com\/#website"},"primaryImageOfPage":{"@id":"https:\/\/albaniantennis.com\/ceremonia-hapese-davis-cup-europe-iv-2025\/#primaryimage"},"image":{"@id":"https:\/\/albaniantennis.com\/ceremonia-hapese-davis-cup-europe-iv-2025\/#primaryimage"},"thumbnailUrl":"https:\/\/albaniantennis.com\/wp-content\/uploads\/2025\/07\/504552140_18087780157728189_3013441836445909500_n.jpg","datePublished":"2025-07-11T09:41:26+00:00","breadcrumb":{"@id":"https:\/\/albaniantennis.com\/ceremonia-hapese-davis-cup-europe-iv-2025\/#breadcrumb"},"inLanguage":"en-US","potentialAction":[{"@type":"ReadAction","target":["https:\/\/albaniantennis.com\/ceremonia-hapese-davis-cup-europe-iv-2025\/"]}]},{"@type":"ImageObject","inLanguage":"en-US","@id":"https:\/\/albaniantennis.com\/ceremonia-hapese-davis-cup-europe-iv-2025\/#primaryimage","url":"https:\/\/albaniantennis.com\/wp-content\/uploads\/2025\/07\/504552140_18087780157728189_3013441836445909500_n.jpg","contentUrl":"https:\/\/albaniantennis.com\/wp-content\/uploads\/2025\/07\/504552140_18087780157728189_3013441836445909500_n.jpg","width":1290,"height":1303},{"@type":"BreadcrumbList","@id":"https:\/\/albaniantennis.com\/ceremonia-hapese-davis-cup-europe-iv-2025\/#breadcrumb","itemListElement":[{"@type":"ListItem","position":1,"name":"Home","item":"https:\/\/albaniantennis.com\/"},{"@type":"ListItem","position":2,"name":"Ceremonia hap\u00ebse &#8211; DAVIS CUP EUROPE IV 2025"}]},{"@type":"WebSite","@id":"https:\/\/albaniantennis.com\/#website","url":"https:\/\/albaniantennis.com\/","name":"Federata Shqiptare e Tenisit","description":"Federata Shqiptare e Tenisit","publisher":{"@id":"https:\/\/albaniantennis.com\/#organization"},"potentialAction":[{"@type":"SearchAction","target":{"@type":"EntryPoint","urlTemplate":"https:\/\/albaniantennis.com\/?s={search_term_string}"},"query-input":{"@type":"PropertyValueSpecification","valueRequired":true,"valueName":"search_term_string"}}],"inLanguage":"en-US"},{"@type":"Organization","@id":"https:\/\/albaniantennis.com\/#organization","name":"Federata Shqip\u00ebtare e Tenisit","url":"https:\/\/albaniantennis.com\/","logo":{"@type":"ImageObject","inLanguage":"en-US","@id":"https:\/\/albaniantennis.com\/#\/schema\/logo\/image\/","url":"https:\/\/albaniantennis.com\/wp-content\/uploads\/2022\/03\/Logo.png","contentUrl":"https:\/\/albaniantennis.com\/wp-content\/uploads\/2022\/03\/Logo.png","width":473,"height":400,"caption":"Federata Shqip\u00ebtare e Tenisit"},"image":{"@id":"https:\/\/albaniantennis.com\/#\/schema\/logo\/image\/"}},{"@type":"Person","@id":"https:\/\/albaniantennis.com\/#\/schema\/person\/6fa460f218c0ed8800448dcf025b86e5","name":"Klaus Bardeli","image":{"@type":"ImageObject","inLanguage":"en-US","@id":"https:\/\/secure.gravatar.com\/avatar\/294dce01b4cf43b267750000becaa1f5eb79a5971757ba9256e0bad4a9a4c807?s=96&d=mm&r=g","url":"https:\/\/secure.gravatar.com\/avatar\/294dce01b4cf43b267750000becaa1f5eb79a5971757ba9256e0bad4a9a4c807?s=96&d=mm&r=g","contentUrl":"https:\/\/secure.gravatar.com\/avatar\/294dce01b4cf43b267750000becaa1f5eb79a5971757ba9256e0bad4a9a4c807?s=96&d=mm&r=g","caption":"Klaus Bardeli"},"url":"https:\/\/albaniantennis.com\/en\/author\/klausi\/"}]}},"_links":{"self":[{"href":"https:\/\/albaniantennis.com\/en\/wp-json\/wp\/v2\/posts\/6186","targetHints":{"allow":["GET"]}}],"collection":[{"href":"https:\/\/albaniantennis.com\/en\/wp-json\/wp\/v2\/posts"}],"about":[{"href":"https:\/\/albaniantennis.com\/en\/wp-json\/wp\/v2\/types\/post"}],"author":[{"embeddable":true,"href":"https:\/\/albaniantennis.com\/en\/wp-json\/wp\/v2\/users\/2"}],"replies":[{"embeddable":true,"href":"https:\/\/albaniantennis.com\/en\/wp-json\/wp\/v2\/comments?post=6186"}],"version-history":[{"count":1,"href":"https:\/\/albaniantennis.com\/en\/wp-json\/wp\/v2\/posts\/6186\/revisions"}],"predecessor-version":[{"id":6198,"href":"https:\/\/albaniantennis.com\/en\/wp-json\/wp\/v2\/posts\/6186\/revisions\/6198"}],"wp:featuredmedia":[{"embeddable":true,"href":"https:\/\/albaniantennis.com\/en\/wp-json\/wp\/v2\/media\/6197"}],"wp:attachment":[{"href":"https:\/\/albaniantennis.com\/en\/wp-json\/wp\/v2\/media?parent=6186"}],"wp:term":[{"taxonomy":"category","embeddable":true,"href":"https:\/\/albaniantennis.com\/en\/wp-json\/wp\/v2\/categories?post=6186"},{"taxonomy":"post_tag","embeddable":true,"href":"https:\/\/albaniantennis.com\/en\/wp-json\/wp\/v2\/tags?post=6186"}],"curies":[{"name":"wp","href":"https:\/\/api.w.org\/{rel}","templated":true}]}}