{"id":5438,"date":"2024-09-19T10:55:55","date_gmt":"2024-09-19T10:55:55","guid":{"rendered":"https:\/\/albaniantennis.com\/?p=5438"},"modified":"2024-09-19T10:58:29","modified_gmt":"2024-09-19T10:58:29","slug":"itf-world-tennis-number-ne-shqiperi-regjistrimet-jane-hapur","status":"publish","type":"post","link":"https:\/\/albaniantennis.com\/en\/itf-world-tennis-number-ne-shqiperi-regjistrimet-jane-hapur\/","title":{"rendered":"ITF World Tennis Number n\u00eb Shqip\u00ebri &#8211; Regjistrimet jan\u00eb hapur!"},"content":{"rendered":"\n<figure class=\"wp-block-gallery has-nested-images columns-default is-cropped wp-block-gallery-1 is-layout-flex wp-block-gallery-is-layout-flex\">\n<figure class=\"wp-block-image size-large\"><img fetchpriority=\"high\" decoding=\"async\" width=\"721\" height=\"300\" data-id=\"5440\" src=\"https:\/\/albaniantennis.com\/wp-content\/uploads\/2024\/09\/Artboard-1-copy-1.png\" alt=\"\" class=\"wp-image-5440\" srcset=\"https:\/\/albaniantennis.com\/wp-content\/uploads\/2024\/09\/Artboard-1-copy-1.png 721w, https:\/\/albaniantennis.com\/wp-content\/uploads\/2024\/09\/Artboard-1-copy-1-300x125.png 300w, https:\/\/albaniantennis.com\/wp-content\/uploads\/2024\/09\/Artboard-1-copy-1-18x7.png 18w\" sizes=\"(max-width: 721px) 100vw, 721px\" \/><\/figure>\n<\/figure>\n\n\n\n<p>ITF World Tennis Number u krijua p\u00ebr t\u00eb b\u00ebr\u00eb q\u00eb m\u00eb shum\u00eb njer\u00ebz t\u00eb luajn\u00eb tenis, m\u00eb shpesh.<\/p>\n\n\n\n<p>Duke u regjistruar, menj\u00ebher\u00eb fitoni akses n\u00eb:<\/p>\n\n\n\n<p>-Nj\u00eb shkall\u00eb globale t\u00eb vetme p\u00ebr t\u00eb gjith\u00eb.<\/p>\n\n\n\n<p>-Nj\u00eb <a><\/a>komunitet lojtar\u00ebsh online, me t\u00eb cil\u00ebt mund t\u00eb krahasoheni ose t\u00eb luani kund\u00ebr tyre.<\/p>\n\n\n\n<p>-Aft\u00ebsi p\u00ebr t\u00eb krijuar nj\u00eb list\u00eb me lojtar\u00ebt e tu t\u00eb preferuar n\u00eb shkoll\u00ebn tuaj, klubin tuaj ose midis miqve.<\/p>\n\n\n\n<p>Ka shum\u00eb m\u00ebnyra t\u00eb tjera emocionuese p\u00ebr t\u00eb p\u00ebrdorur ITF World Tennis Number p\u00ebr ndeshjen tuaj t\u00eb ardhshme n\u00eb fush\u00eb.<\/p>\n\n\n\n<p class=\"has-medium-font-size\">Regjistrohuni p\u00ebr t\u00eb marr\u00eb Numrin tuaj WTN &gt; <a href=\"https:\/\/worldtennisnumber.com\/eng\/register?fbclid=IwZXh0bgNhZW0CMTAAAR3hgGja_XXerqAdGPgQCc5Kr1a6-UIMRjNgw9-OmT_OojYnqd6sp2Odg0w_aem_8blD5T_d7LMOST8JJq1C0Q\" rel=\"noreferrer noopener\" target=\"_blank\">https:\/\/worldtennisnumber.com\/eng\/register<\/a><\/p>\n\n\n\n<p><a href=\"https:\/\/www.facebook.com\/hashtag\/gameon?__eep__=6&amp;__cft__[0]=AZVmJgrTJqQxFRFdmWuW7PrMcpLHtHgA9_PQibMHOQK-ITqiaOVaZmK-DZOcsSfxQIljRfnHBhwJ3x-wLg_jjh1lB82Nyukq_M_uZl3rdq47X4l8aejDM3BBJSNGauqOiZ_3Qz_eZ_q76X2KKBYGH6CEhac51bqtZ6QLegUvsRl5Vc4FIY--kOfEaQ1yJw7xkgS9bpdwS7vhTxiBMQ181jdC3_TxlAPfyCp3chQZ7kfk1A&amp;__tn__=*NK-R\">#GameOn<\/a><\/p>\n\n\n\n<figure class=\"wp-block-image size-large\"><img decoding=\"async\" width=\"1024\" height=\"538\" src=\"https:\/\/albaniantennis.com\/wp-content\/uploads\/2024\/09\/Artboard-1-1copy-5-1024x538.png\" alt=\"\" class=\"wp-image-5441\" srcset=\"https:\/\/albaniantennis.com\/wp-content\/uploads\/2024\/09\/Artboard-1-1copy-5-1024x538.png 1024w, https:\/\/albaniantennis.com\/wp-content\/uploads\/2024\/09\/Artboard-1-1copy-5-300x158.png 300w, https:\/\/albaniantennis.com\/wp-content\/uploads\/2024\/09\/Artboard-1-1copy-5-768x404.png 768w, https:\/\/albaniantennis.com\/wp-content\/uploads\/2024\/09\/Artboard-1-1copy-5-18x9.png 18w, https:\/\/albaniantennis.com\/wp-content\/uploads\/2024\/09\/Artboard-1-1copy-5.png 1201w\" sizes=\"(max-width: 1024px) 100vw, 1024px\" \/><\/figure>\n","protected":false},"excerpt":{"rendered":"<p>ITF World Tennis Number u krijua p\u00ebr t\u00eb b\u00ebr\u00eb q\u00eb m\u00eb shum\u00eb njer\u00ebz t\u00eb luajn\u00eb tenis, m\u00eb shpesh. Duke u regjistruar, menj\u00ebher\u00eb fitoni akses n\u00eb: -Nj\u00eb shkall\u00eb globale t\u00eb vetme p\u00ebr t\u00eb gjith\u00eb. -Nj\u00eb komunitet lojtar\u00ebsh online, me t\u00eb cil\u00ebt mund t\u00eb krahasoheni ose t\u00eb luani kund\u00ebr tyre. -Aft\u00ebsi p\u00ebr t\u00eb krijuar nj\u00eb list\u00eb me lojtar\u00ebt e tu t\u00eb preferuar n\u00eb shkoll\u00ebn tuaj, klubin tuaj ose midis miqve. Ka shum\u00eb m\u00ebnyra t\u00eb tjera emocionuese p\u00ebr t\u00eb p\u00ebrdorur ITF World Tennis Number p\u00ebr ndeshjen tuaj t\u00eb ardhshme n\u00eb fush\u00eb. Regjistrohuni p\u00ebr t\u00eb marr\u00eb Numrin tuaj WTN &gt; https:\/\/worldtennisnumber.com\/eng\/register #GameOn<\/p>","protected":false},"author":2,"featured_media":5443,"comment_status":"closed","ping_status":"open","sticky":false,"template":"","format":"standard","meta":{"_eb_attr":"","pgc_sgb_lightbox_settings":"","footnotes":""},"categories":[11,13,6,8,4,1],"tags":[365,18,35,434,387,408,168,28,433,20,426,99,431,428,435,430,429,422,148,432,155,14,427,407],"class_list":["post-5438","post","type-post","status-publish","format-standard","has-post-thumbnail","hentry","category-lajme","category-lojra","category-lojtare","category-rregullore","category-turne","category-uncategorized","tag-365","tag-albania","tag-albaniantennisfederation","tag-digitalisation","tag-federataboteroreetenisit","tag-federatandrkombetareetenisit","tag-federatashqiptareetenisit","tag-fsht","tag-gameon","tag-itf","tag-itfworldtenisnumber","tag-klausbardeli","tag-now","tag-number","tag-numriboteroritenisit","tag-register","tag-regjistrimet","tag-shqiperi-2","tag-shqiperi","tag-tani","tag-tenis","tag-tennis","tag-world","tag-wtn"],"yoast_head":"<!-- This site is optimized with the Yoast SEO plugin v27.5 - https:\/\/yoast.com\/product\/yoast-seo-wordpress\/ -->\n<title>ITF World Tennis Number n\u00eb Shqip\u00ebri - Regjistrimet jan\u00eb hapur! &#8212; Federata Shqiptare e Tenisit<\/title>\n<meta name=\"robots\" content=\"index, follow, max-snippet:-1, max-image-preview:large, max-video-preview:-1\" \/>\n<link rel=\"canonical\" href=\"https:\/\/albaniantennis.com\/en\/itf-world-tennis-number-ne-shqiperi-regjistrimet-jane-hapur\/\" \/>\n<meta property=\"og:locale\" content=\"en_US\" \/>\n<meta property=\"og:type\" content=\"article\" \/>\n<meta property=\"og:title\" content=\"ITF World Tennis Number n\u00eb Shqip\u00ebri - Regjistrimet jan\u00eb hapur! &#8212; Federata Shqiptare e Tenisit\" \/>\n<meta property=\"og:description\" content=\"ITF World Tennis Number u krijua p\u00ebr t\u00eb b\u00ebr\u00eb q\u00eb m\u00eb shum\u00eb njer\u00ebz t\u00eb luajn\u00eb tenis, m\u00eb shpesh. Duke u regjistruar, menj\u00ebher\u00eb fitoni akses n\u00eb: -Nj\u00eb shkall\u00eb globale t\u00eb vetme p\u00ebr t\u00eb gjith\u00eb. -Nj\u00eb komunitet lojtar\u00ebsh online, me t\u00eb cil\u00ebt mund t\u00eb krahasoheni ose t\u00eb luani kund\u00ebr tyre. -Aft\u00ebsi p\u00ebr t\u00eb krijuar nj\u00eb list\u00eb me lojtar\u00ebt e tu t\u00eb preferuar n\u00eb shkoll\u00ebn tuaj, klubin tuaj ose midis miqve. Ka shum\u00eb m\u00ebnyra t\u00eb tjera emocionuese p\u00ebr t\u00eb p\u00ebrdorur ITF World Tennis Number p\u00ebr ndeshjen tuaj t\u00eb ardhshme n\u00eb fush\u00eb. Regjistrohuni p\u00ebr t\u00eb marr\u00eb Numrin tuaj WTN &gt; https:\/\/worldtennisnumber.com\/eng\/register #GameOn\" \/>\n<meta property=\"og:url\" content=\"https:\/\/albaniantennis.com\/en\/itf-world-tennis-number-ne-shqiperi-regjistrimet-jane-hapur\/\" \/>\n<meta property=\"og:site_name\" content=\"Federata Shqiptare e Tenisit\" \/>\n<meta property=\"article:published_time\" content=\"2024-09-19T10:55:55+00:00\" \/>\n<meta property=\"article:modified_time\" content=\"2024-09-19T10:58:29+00:00\" \/>\n<meta property=\"og:image\" content=\"https:\/\/albaniantennis.com\/wp-content\/uploads\/2024\/09\/Artboard-1-copy-9.png\" \/>\n\t<meta property=\"og:image:width\" content=\"1080\" \/>\n\t<meta property=\"og:image:height\" content=\"1080\" \/>\n\t<meta property=\"og:image:type\" content=\"image\/png\" \/>\n<meta name=\"author\" content=\"Klaus Bardeli\" \/>\n<meta name=\"twitter:card\" content=\"summary_large_image\" \/>\n<meta name=\"twitter:label1\" content=\"Written by\" \/>\n\t<meta name=\"twitter:data1\" content=\"Klaus Bardeli\" \/>\n\t<meta name=\"twitter:label2\" content=\"Est. reading time\" \/>\n\t<meta name=\"twitter:data2\" content=\"2 minutes\" \/>\n<script type=\"application\/ld+json\" class=\"yoast-schema-graph\">{\"@context\":\"https:\\\/\\\/schema.org\",\"@graph\":[{\"@type\":\"Article\",\"@id\":\"https:\\\/\\\/albaniantennis.com\\\/itf-world-tennis-number-ne-shqiperi-regjistrimet-jane-hapur\\\/#article\",\"isPartOf\":{\"@id\":\"https:\\\/\\\/albaniantennis.com\\\/itf-world-tennis-number-ne-shqiperi-regjistrimet-jane-hapur\\\/\"},\"author\":{\"name\":\"Klaus Bardeli\",\"@id\":\"https:\\\/\\\/albaniantennis.com\\\/#\\\/schema\\\/person\\\/6fa460f218c0ed8800448dcf025b86e5\"},\"headline\":\"ITF World Tennis Number n\u00eb Shqip\u00ebri &#8211; Regjistrimet jan\u00eb hapur!\",\"datePublished\":\"2024-09-19T10:55:55+00:00\",\"dateModified\":\"2024-09-19T10:58:29+00:00\",\"mainEntityOfPage\":{\"@id\":\"https:\\\/\\\/albaniantennis.com\\\/itf-world-tennis-number-ne-shqiperi-regjistrimet-jane-hapur\\\/\"},\"wordCount\":130,\"publisher\":{\"@id\":\"https:\\\/\\\/albaniantennis.com\\\/#organization\"},\"image\":{\"@id\":\"https:\\\/\\\/albaniantennis.com\\\/itf-world-tennis-number-ne-shqiperi-regjistrimet-jane-hapur\\\/#primaryimage\"},\"thumbnailUrl\":\"https:\\\/\\\/albaniantennis.com\\\/wp-content\\\/uploads\\\/2024\\\/09\\\/Artboard-1-copy-9.png\",\"keywords\":[\"2024\",\"albania\",\"albaniantennisfederation\",\"digitalisation\",\"FederataboteroreeTenisit\",\"federatandrkombetareetenisit\",\"federatashqiptareetenisit\",\"fsht\",\"gameon\",\"itf\",\"itfworldtenisnumber\",\"klausbardeli\",\"now\",\"number\",\"numriboteroritenisit\",\"register\",\"regjistrimet\",\"shqiperi\",\"shqip\u00ebri\",\"tani\",\"Tenis\",\"tennis\",\"world\",\"wtn\"],\"articleSection\":[\"Lajme\",\"Lojra\",\"Lojtare\",\"Rregullore\",\"Turne\"],\"inLanguage\":\"en-US\"},{\"@type\":\"WebPage\",\"@id\":\"https:\\\/\\\/albaniantennis.com\\\/itf-world-tennis-number-ne-shqiperi-regjistrimet-jane-hapur\\\/\",\"url\":\"https:\\\/\\\/albaniantennis.com\\\/itf-world-tennis-number-ne-shqiperi-regjistrimet-jane-hapur\\\/\",\"name\":\"ITF World Tennis Number n\u00eb Shqip\u00ebri - Regjistrimet jan\u00eb hapur! &#8212; Federata Shqiptare e Tenisit\",\"isPartOf\":{\"@id\":\"https:\\\/\\\/albaniantennis.com\\\/#website\"},\"primaryImageOfPage\":{\"@id\":\"https:\\\/\\\/albaniantennis.com\\\/itf-world-tennis-number-ne-shqiperi-regjistrimet-jane-hapur\\\/#primaryimage\"},\"image\":{\"@id\":\"https:\\\/\\\/albaniantennis.com\\\/itf-world-tennis-number-ne-shqiperi-regjistrimet-jane-hapur\\\/#primaryimage\"},\"thumbnailUrl\":\"https:\\\/\\\/albaniantennis.com\\\/wp-content\\\/uploads\\\/2024\\\/09\\\/Artboard-1-copy-9.png\",\"datePublished\":\"2024-09-19T10:55:55+00:00\",\"dateModified\":\"2024-09-19T10:58:29+00:00\",\"breadcrumb\":{\"@id\":\"https:\\\/\\\/albaniantennis.com\\\/itf-world-tennis-number-ne-shqiperi-regjistrimet-jane-hapur\\\/#breadcrumb\"},\"inLanguage\":\"en-US\",\"potentialAction\":[{\"@type\":\"ReadAction\",\"target\":[\"https:\\\/\\\/albaniantennis.com\\\/itf-world-tennis-number-ne-shqiperi-regjistrimet-jane-hapur\\\/\"]}]},{\"@type\":\"ImageObject\",\"inLanguage\":\"en-US\",\"@id\":\"https:\\\/\\\/albaniantennis.com\\\/itf-world-tennis-number-ne-shqiperi-regjistrimet-jane-hapur\\\/#primaryimage\",\"url\":\"https:\\\/\\\/albaniantennis.com\\\/wp-content\\\/uploads\\\/2024\\\/09\\\/Artboard-1-copy-9.png\",\"contentUrl\":\"https:\\\/\\\/albaniantennis.com\\\/wp-content\\\/uploads\\\/2024\\\/09\\\/Artboard-1-copy-9.png\",\"width\":1080,\"height\":1080},{\"@type\":\"BreadcrumbList\",\"@id\":\"https:\\\/\\\/albaniantennis.com\\\/itf-world-tennis-number-ne-shqiperi-regjistrimet-jane-hapur\\\/#breadcrumb\",\"itemListElement\":[{\"@type\":\"ListItem\",\"position\":1,\"name\":\"Home\",\"item\":\"https:\\\/\\\/albaniantennis.com\\\/\"},{\"@type\":\"ListItem\",\"position\":2,\"name\":\"ITF World Tennis Number n\u00eb Shqip\u00ebri &#8211; Regjistrimet jan\u00eb hapur!\"}]},{\"@type\":\"WebSite\",\"@id\":\"https:\\\/\\\/albaniantennis.com\\\/#website\",\"url\":\"https:\\\/\\\/albaniantennis.com\\\/\",\"name\":\"Federata Shqiptare e Tenisit\",\"description\":\"Federata Shqiptare e Tenisit\",\"publisher\":{\"@id\":\"https:\\\/\\\/albaniantennis.com\\\/#organization\"},\"potentialAction\":[{\"@type\":\"SearchAction\",\"target\":{\"@type\":\"EntryPoint\",\"urlTemplate\":\"https:\\\/\\\/albaniantennis.com\\\/?s={search_term_string}\"},\"query-input\":{\"@type\":\"PropertyValueSpecification\",\"valueRequired\":true,\"valueName\":\"search_term_string\"}}],\"inLanguage\":\"en-US\"},{\"@type\":\"Organization\",\"@id\":\"https:\\\/\\\/albaniantennis.com\\\/#organization\",\"name\":\"Federata Shqip\u00ebtare e Tenisit\",\"url\":\"https:\\\/\\\/albaniantennis.com\\\/\",\"logo\":{\"@type\":\"ImageObject\",\"inLanguage\":\"en-US\",\"@id\":\"https:\\\/\\\/albaniantennis.com\\\/#\\\/schema\\\/logo\\\/image\\\/\",\"url\":\"https:\\\/\\\/albaniantennis.com\\\/wp-content\\\/uploads\\\/2022\\\/03\\\/Logo.png\",\"contentUrl\":\"https:\\\/\\\/albaniantennis.com\\\/wp-content\\\/uploads\\\/2022\\\/03\\\/Logo.png\",\"width\":473,\"height\":400,\"caption\":\"Federata Shqip\u00ebtare e Tenisit\"},\"image\":{\"@id\":\"https:\\\/\\\/albaniantennis.com\\\/#\\\/schema\\\/logo\\\/image\\\/\"}},{\"@type\":\"Person\",\"@id\":\"https:\\\/\\\/albaniantennis.com\\\/#\\\/schema\\\/person\\\/6fa460f218c0ed8800448dcf025b86e5\",\"name\":\"Klaus Bardeli\",\"image\":{\"@type\":\"ImageObject\",\"inLanguage\":\"en-US\",\"@id\":\"https:\\\/\\\/secure.gravatar.com\\\/avatar\\\/294dce01b4cf43b267750000becaa1f5eb79a5971757ba9256e0bad4a9a4c807?s=96&d=mm&r=g\",\"url\":\"https:\\\/\\\/secure.gravatar.com\\\/avatar\\\/294dce01b4cf43b267750000becaa1f5eb79a5971757ba9256e0bad4a9a4c807?s=96&d=mm&r=g\",\"contentUrl\":\"https:\\\/\\\/secure.gravatar.com\\\/avatar\\\/294dce01b4cf43b267750000becaa1f5eb79a5971757ba9256e0bad4a9a4c807?s=96&d=mm&r=g\",\"caption\":\"Klaus Bardeli\"},\"url\":\"https:\\\/\\\/albaniantennis.com\\\/en\\\/author\\\/klausi\\\/\"}]}<\/script>\n<!-- \/ Yoast SEO plugin. -->","yoast_head_json":{"title":"ITF World Tennis Number n\u00eb Shqip\u00ebri - Regjistrimet jan\u00eb hapur! &#8212; Federata Shqiptare e Tenisit","robots":{"index":"index","follow":"follow","max-snippet":"max-snippet:-1","max-image-preview":"max-image-preview:large","max-video-preview":"max-video-preview:-1"},"canonical":"https:\/\/albaniantennis.com\/en\/itf-world-tennis-number-ne-shqiperi-regjistrimet-jane-hapur\/","og_locale":"en_US","og_type":"article","og_title":"ITF World Tennis Number n\u00eb Shqip\u00ebri - Regjistrimet jan\u00eb hapur! &#8212; Federata Shqiptare e Tenisit","og_description":"ITF World Tennis Number u krijua p\u00ebr t\u00eb b\u00ebr\u00eb q\u00eb m\u00eb shum\u00eb njer\u00ebz t\u00eb luajn\u00eb tenis, m\u00eb shpesh. Duke u regjistruar, menj\u00ebher\u00eb fitoni akses n\u00eb: -Nj\u00eb shkall\u00eb globale t\u00eb vetme p\u00ebr t\u00eb gjith\u00eb. -Nj\u00eb komunitet lojtar\u00ebsh online, me t\u00eb cil\u00ebt mund t\u00eb krahasoheni ose t\u00eb luani kund\u00ebr tyre. -Aft\u00ebsi p\u00ebr t\u00eb krijuar nj\u00eb list\u00eb me lojtar\u00ebt e tu t\u00eb preferuar n\u00eb shkoll\u00ebn tuaj, klubin tuaj ose midis miqve. Ka shum\u00eb m\u00ebnyra t\u00eb tjera emocionuese p\u00ebr t\u00eb p\u00ebrdorur ITF World Tennis Number p\u00ebr ndeshjen tuaj t\u00eb ardhshme n\u00eb fush\u00eb. Regjistrohuni p\u00ebr t\u00eb marr\u00eb Numrin tuaj WTN &gt; https:\/\/worldtennisnumber.com\/eng\/register #GameOn","og_url":"https:\/\/albaniantennis.com\/en\/itf-world-tennis-number-ne-shqiperi-regjistrimet-jane-hapur\/","og_site_name":"Federata Shqiptare e Tenisit","article_published_time":"2024-09-19T10:55:55+00:00","article_modified_time":"2024-09-19T10:58:29+00:00","og_image":[{"width":1080,"height":1080,"url":"https:\/\/albaniantennis.com\/wp-content\/uploads\/2024\/09\/Artboard-1-copy-9.png","type":"image\/png"}],"author":"Klaus Bardeli","twitter_card":"summary_large_image","twitter_misc":{"Written by":"Klaus Bardeli","Est. reading time":"2 minutes"},"schema":{"@context":"https:\/\/schema.org","@graph":[{"@type":"Article","@id":"https:\/\/albaniantennis.com\/itf-world-tennis-number-ne-shqiperi-regjistrimet-jane-hapur\/#article","isPartOf":{"@id":"https:\/\/albaniantennis.com\/itf-world-tennis-number-ne-shqiperi-regjistrimet-jane-hapur\/"},"author":{"name":"Klaus Bardeli","@id":"https:\/\/albaniantennis.com\/#\/schema\/person\/6fa460f218c0ed8800448dcf025b86e5"},"headline":"ITF World Tennis Number n\u00eb Shqip\u00ebri &#8211; Regjistrimet jan\u00eb hapur!","datePublished":"2024-09-19T10:55:55+00:00","dateModified":"2024-09-19T10:58:29+00:00","mainEntityOfPage":{"@id":"https:\/\/albaniantennis.com\/itf-world-tennis-number-ne-shqiperi-regjistrimet-jane-hapur\/"},"wordCount":130,"publisher":{"@id":"https:\/\/albaniantennis.com\/#organization"},"image":{"@id":"https:\/\/albaniantennis.com\/itf-world-tennis-number-ne-shqiperi-regjistrimet-jane-hapur\/#primaryimage"},"thumbnailUrl":"https:\/\/albaniantennis.com\/wp-content\/uploads\/2024\/09\/Artboard-1-copy-9.png","keywords":["2024","albania","albaniantennisfederation","digitalisation","FederataboteroreeTenisit","federatandrkombetareetenisit","federatashqiptareetenisit","fsht","gameon","itf","itfworldtenisnumber","klausbardeli","now","number","numriboteroritenisit","register","regjistrimet","shqiperi","shqip\u00ebri","tani","Tenis","tennis","world","wtn"],"articleSection":["Lajme","Lojra","Lojtare","Rregullore","Turne"],"inLanguage":"en-US"},{"@type":"WebPage","@id":"https:\/\/albaniantennis.com\/itf-world-tennis-number-ne-shqiperi-regjistrimet-jane-hapur\/","url":"https:\/\/albaniantennis.com\/itf-world-tennis-number-ne-shqiperi-regjistrimet-jane-hapur\/","name":"ITF World Tennis Number n\u00eb Shqip\u00ebri - Regjistrimet jan\u00eb hapur! &#8212; Federata Shqiptare e Tenisit","isPartOf":{"@id":"https:\/\/albaniantennis.com\/#website"},"primaryImageOfPage":{"@id":"https:\/\/albaniantennis.com\/itf-world-tennis-number-ne-shqiperi-regjistrimet-jane-hapur\/#primaryimage"},"image":{"@id":"https:\/\/albaniantennis.com\/itf-world-tennis-number-ne-shqiperi-regjistrimet-jane-hapur\/#primaryimage"},"thumbnailUrl":"https:\/\/albaniantennis.com\/wp-content\/uploads\/2024\/09\/Artboard-1-copy-9.png","datePublished":"2024-09-19T10:55:55+00:00","dateModified":"2024-09-19T10:58:29+00:00","breadcrumb":{"@id":"https:\/\/albaniantennis.com\/itf-world-tennis-number-ne-shqiperi-regjistrimet-jane-hapur\/#breadcrumb"},"inLanguage":"en-US","potentialAction":[{"@type":"ReadAction","target":["https:\/\/albaniantennis.com\/itf-world-tennis-number-ne-shqiperi-regjistrimet-jane-hapur\/"]}]},{"@type":"ImageObject","inLanguage":"en-US","@id":"https:\/\/albaniantennis.com\/itf-world-tennis-number-ne-shqiperi-regjistrimet-jane-hapur\/#primaryimage","url":"https:\/\/albaniantennis.com\/wp-content\/uploads\/2024\/09\/Artboard-1-copy-9.png","contentUrl":"https:\/\/albaniantennis.com\/wp-content\/uploads\/2024\/09\/Artboard-1-copy-9.png","width":1080,"height":1080},{"@type":"BreadcrumbList","@id":"https:\/\/albaniantennis.com\/itf-world-tennis-number-ne-shqiperi-regjistrimet-jane-hapur\/#breadcrumb","itemListElement":[{"@type":"ListItem","position":1,"name":"Home","item":"https:\/\/albaniantennis.com\/"},{"@type":"ListItem","position":2,"name":"ITF World Tennis Number n\u00eb Shqip\u00ebri &#8211; Regjistrimet jan\u00eb hapur!"}]},{"@type":"WebSite","@id":"https:\/\/albaniantennis.com\/#website","url":"https:\/\/albaniantennis.com\/","name":"Federata Shqiptare e Tenisit","description":"Federata Shqiptare e Tenisit","publisher":{"@id":"https:\/\/albaniantennis.com\/#organization"},"potentialAction":[{"@type":"SearchAction","target":{"@type":"EntryPoint","urlTemplate":"https:\/\/albaniantennis.com\/?s={search_term_string}"},"query-input":{"@type":"PropertyValueSpecification","valueRequired":true,"valueName":"search_term_string"}}],"inLanguage":"en-US"},{"@type":"Organization","@id":"https:\/\/albaniantennis.com\/#organization","name":"Federata Shqip\u00ebtare e Tenisit","url":"https:\/\/albaniantennis.com\/","logo":{"@type":"ImageObject","inLanguage":"en-US","@id":"https:\/\/albaniantennis.com\/#\/schema\/logo\/image\/","url":"https:\/\/albaniantennis.com\/wp-content\/uploads\/2022\/03\/Logo.png","contentUrl":"https:\/\/albaniantennis.com\/wp-content\/uploads\/2022\/03\/Logo.png","width":473,"height":400,"caption":"Federata Shqip\u00ebtare e Tenisit"},"image":{"@id":"https:\/\/albaniantennis.com\/#\/schema\/logo\/image\/"}},{"@type":"Person","@id":"https:\/\/albaniantennis.com\/#\/schema\/person\/6fa460f218c0ed8800448dcf025b86e5","name":"Klaus Bardeli","image":{"@type":"ImageObject","inLanguage":"en-US","@id":"https:\/\/secure.gravatar.com\/avatar\/294dce01b4cf43b267750000becaa1f5eb79a5971757ba9256e0bad4a9a4c807?s=96&d=mm&r=g","url":"https:\/\/secure.gravatar.com\/avatar\/294dce01b4cf43b267750000becaa1f5eb79a5971757ba9256e0bad4a9a4c807?s=96&d=mm&r=g","contentUrl":"https:\/\/secure.gravatar.com\/avatar\/294dce01b4cf43b267750000becaa1f5eb79a5971757ba9256e0bad4a9a4c807?s=96&d=mm&r=g","caption":"Klaus Bardeli"},"url":"https:\/\/albaniantennis.com\/en\/author\/klausi\/"}]}},"_links":{"self":[{"href":"https:\/\/albaniantennis.com\/en\/wp-json\/wp\/v2\/posts\/5438","targetHints":{"allow":["GET"]}}],"collection":[{"href":"https:\/\/albaniantennis.com\/en\/wp-json\/wp\/v2\/posts"}],"about":[{"href":"https:\/\/albaniantennis.com\/en\/wp-json\/wp\/v2\/types\/post"}],"author":[{"embeddable":true,"href":"https:\/\/albaniantennis.com\/en\/wp-json\/wp\/v2\/users\/2"}],"replies":[{"embeddable":true,"href":"https:\/\/albaniantennis.com\/en\/wp-json\/wp\/v2\/comments?post=5438"}],"version-history":[{"count":1,"href":"https:\/\/albaniantennis.com\/en\/wp-json\/wp\/v2\/posts\/5438\/revisions"}],"predecessor-version":[{"id":5442,"href":"https:\/\/albaniantennis.com\/en\/wp-json\/wp\/v2\/posts\/5438\/revisions\/5442"}],"wp:featuredmedia":[{"embeddable":true,"href":"https:\/\/albaniantennis.com\/en\/wp-json\/wp\/v2\/media\/5443"}],"wp:attachment":[{"href":"https:\/\/albaniantennis.com\/en\/wp-json\/wp\/v2\/media?parent=5438"}],"wp:term":[{"taxonomy":"category","embeddable":true,"href":"https:\/\/albaniantennis.com\/en\/wp-json\/wp\/v2\/categories?post=5438"},{"taxonomy":"post_tag","embeddable":true,"href":"https:\/\/albaniantennis.com\/en\/wp-json\/wp\/v2\/tags?post=5438"}],"curies":[{"name":"wp","href":"https:\/\/api.w.org\/{rel}","templated":true}]}}