{"id":4506,"date":"2023-07-26T10:40:46","date_gmt":"2023-07-26T10:40:46","guid":{"rendered":"https:\/\/albaniantennis.com\/?p=4506"},"modified":"2023-07-26T10:41:38","modified_gmt":"2023-07-26T10:41:38","slug":"ekipi-kombetar-i-djemve-ne-davis-cup-2023","status":"publish","type":"post","link":"https:\/\/albaniantennis.com\/en\/ekipi-kombetar-i-djemve-ne-davis-cup-2023\/","title":{"rendered":"Ekipi komb\u00ebtar i Djemve n\u00eb Davis Cup 2023"},"content":{"rendered":"<p>Ekipi komb\u00ebtar i Djemve n\u00eb Davis Cup 2023.<\/p>\n<p>\ufe0fNga data 18 Korrik deri dje ekipi komb\u00ebtar i djemve i kategoris\u00eb s\u00eb t\u00eb rriturve \u00ebsht\u00eb grumbulluar n\u00eb Ulqin t\u00eb Malit t\u00eb Zi, n\u00eb Klubin e Tenisit &#8220;Bellevue&#8221; si parap\u00ebrgatitje p\u00ebr pjes\u00ebmarrjen n\u00eb Kampionatin Bot\u00ebror Ekipor t\u00eb Meshkujve &#8220;2023 Davis Cup Europe Group IV&#8221; q\u00eb fillon sot deri m\u00eb 29 Korrik 2023 n\u00eb Ulqin, Mal i Zi.<\/p>\n<p>Shqip\u00ebria ndodhet n\u00eb grupin IV, Pool B, s\u00eb bashku me: Island\u00ebn, Azerbajxhanin dhe Kosov\u00ebn.<br \/>\nSot Shqip\u00ebria do t\u00eb p\u00ebrballet me Island\u00ebn.<\/p>\n<p>Ekipi komb\u00ebtar shqiptar p\u00ebrb\u00ebhet nga tenist\u00ebt: Mario Zili (kapiten\/lojtar), Martin Muedini, Nermin Hoxhi\u00e7 dhe Arb\u00ebr Sulstarova.<\/p>\n<p>I urojm\u00eb shum\u00eb suksese ekipit ton\u00eb n\u00eb k\u00ebt\u00eb kompeticion t\u00eb r\u00ebnd\u00ebsish\u00ebm nd\u00ebrkomb\u00ebtar.<img fetchpriority=\"high\" decoding=\"async\" class=\"alignnone size-medium wp-image-4507\" src=\"https:\/\/albaniantennis.com\/wp-content\/uploads\/2023\/07\/362940795_296975979553435_7720921518559517681_n-300x218.jpg\" alt=\"\" width=\"300\" height=\"218\" srcset=\"https:\/\/albaniantennis.com\/wp-content\/uploads\/2023\/07\/362940795_296975979553435_7720921518559517681_n-300x218.jpg 300w, https:\/\/albaniantennis.com\/wp-content\/uploads\/2023\/07\/362940795_296975979553435_7720921518559517681_n-1024x743.jpg 1024w, https:\/\/albaniantennis.com\/wp-content\/uploads\/2023\/07\/362940795_296975979553435_7720921518559517681_n-768x557.jpg 768w, https:\/\/albaniantennis.com\/wp-content\/uploads\/2023\/07\/362940795_296975979553435_7720921518559517681_n.jpg 1043w\" sizes=\"(max-width: 300px) 100vw, 300px\" \/><\/p>","protected":false},"excerpt":{"rendered":"<p>Ekipi komb\u00ebtar i Djemve n\u00eb Davis Cup 2023. \ufe0fNga data 18 Korrik deri dje ekipi komb\u00ebtar i djemve i kategoris\u00eb s\u00eb t\u00eb rriturve \u00ebsht\u00eb grumbulluar n\u00eb Ulqin t\u00eb Malit t\u00eb Zi, n\u00eb Klubin e Tenisit &#8220;Bellevue&#8221; si parap\u00ebrgatitje p\u00ebr pjes\u00ebmarrjen n\u00eb Kampionatin Bot\u00ebror Ekipor t\u00eb Meshkujve &#8220;2023 Davis Cup Europe Group IV&#8221; q\u00eb fillon sot deri m\u00eb 29 Korrik 2023 n\u00eb Ulqin, Mal i Zi. Shqip\u00ebria ndodhet n\u00eb grupin IV, Pool B, s\u00eb bashku me: Island\u00ebn, Azerbajxhanin dhe Kosov\u00ebn. Sot Shqip\u00ebria do t\u00eb p\u00ebrballet me Island\u00ebn. Ekipi komb\u00ebtar shqiptar p\u00ebrb\u00ebhet nga tenist\u00ebt: Mario Zili (kapiten\/lojtar), Martin Muedini, Nermin Hoxhi\u00e7 dhe Arb\u00ebr Sulstarova. I urojm\u00eb shum\u00eb suksese ekipit ton\u00eb n\u00eb k\u00ebt\u00eb kompeticion t\u00eb r\u00ebnd\u00ebsish\u00ebm nd\u00ebrkomb\u00ebtar.<\/p>","protected":false},"author":2,"featured_media":4507,"comment_status":"closed","ping_status":"open","sticky":false,"template":"","format":"standard","meta":{"_eb_attr":"","pgc_sgb_lightbox_settings":"","footnotes":""},"categories":[11,4],"tags":[276,18,35,41,168,28,342,75,343,157,221,155,331,344],"class_list":["post-4506","post","type-post","status-publish","format-standard","has-post-thumbnail","hentry","category-lajme","category-turne","tag-276","tag-albania","tag-albaniantennisfederation","tag-daviscup","tag-federatashqiptareetenisit","tag-fsht","tag-groupiv","tag-klaus-bardeli","tag-mal-i-zi","tag-montenegro","tag-shqiperia","tag-tenis","tag-ulcinj","tag-ulqin"],"yoast_head":"<!-- This site is optimized with the Yoast SEO plugin v27.4 - https:\/\/yoast.com\/product\/yoast-seo-wordpress\/ -->\n<title>Ekipi komb\u00ebtar i Djemve n\u00eb Davis Cup 2023 &#8212; Federata Shqiptare e Tenisit<\/title>\n<meta name=\"robots\" content=\"index, follow, max-snippet:-1, max-image-preview:large, max-video-preview:-1\" \/>\n<link rel=\"canonical\" href=\"https:\/\/albaniantennis.com\/en\/ekipi-kombetar-i-djemve-ne-davis-cup-2023\/\" \/>\n<meta property=\"og:locale\" content=\"en_US\" \/>\n<meta property=\"og:type\" content=\"article\" \/>\n<meta property=\"og:title\" content=\"Ekipi komb\u00ebtar i Djemve n\u00eb Davis Cup 2023 &#8212; Federata Shqiptare e Tenisit\" \/>\n<meta property=\"og:description\" content=\"Ekipi komb\u00ebtar i Djemve n\u00eb Davis Cup 2023. \ufe0fNga data 18 Korrik deri dje ekipi komb\u00ebtar i djemve i kategoris\u00eb s\u00eb t\u00eb rriturve \u00ebsht\u00eb grumbulluar n\u00eb Ulqin t\u00eb Malit t\u00eb Zi, n\u00eb Klubin e Tenisit &#8220;Bellevue&#8221; si parap\u00ebrgatitje p\u00ebr pjes\u00ebmarrjen n\u00eb Kampionatin Bot\u00ebror Ekipor t\u00eb Meshkujve &#8220;2023 Davis Cup Europe Group IV&#8221; q\u00eb fillon sot deri m\u00eb 29 Korrik 2023 n\u00eb Ulqin, Mal i Zi. Shqip\u00ebria ndodhet n\u00eb grupin IV, Pool B, s\u00eb bashku me: Island\u00ebn, Azerbajxhanin dhe Kosov\u00ebn. Sot Shqip\u00ebria do t\u00eb p\u00ebrballet me Island\u00ebn. Ekipi komb\u00ebtar shqiptar p\u00ebrb\u00ebhet nga tenist\u00ebt: Mario Zili (kapiten\/lojtar), Martin Muedini, Nermin Hoxhi\u00e7 dhe Arb\u00ebr Sulstarova. I urojm\u00eb shum\u00eb suksese ekipit ton\u00eb n\u00eb k\u00ebt\u00eb kompeticion t\u00eb r\u00ebnd\u00ebsish\u00ebm nd\u00ebrkomb\u00ebtar.\" \/>\n<meta property=\"og:url\" content=\"https:\/\/albaniantennis.com\/en\/ekipi-kombetar-i-djemve-ne-davis-cup-2023\/\" \/>\n<meta property=\"og:site_name\" content=\"Federata Shqiptare e Tenisit\" \/>\n<meta property=\"article:published_time\" content=\"2023-07-26T10:40:46+00:00\" \/>\n<meta property=\"article:modified_time\" content=\"2023-07-26T10:41:38+00:00\" \/>\n<meta property=\"og:image\" content=\"https:\/\/albaniantennis.com\/wp-content\/uploads\/2023\/07\/362940795_296975979553435_7720921518559517681_n.jpg\" \/>\n\t<meta property=\"og:image:width\" content=\"1043\" \/>\n\t<meta property=\"og:image:height\" content=\"757\" \/>\n\t<meta property=\"og:image:type\" content=\"image\/jpeg\" \/>\n<meta name=\"author\" content=\"Klaus Bardeli\" \/>\n<meta name=\"twitter:card\" content=\"summary_large_image\" \/>\n<meta name=\"twitter:label1\" content=\"Written by\" \/>\n\t<meta name=\"twitter:data1\" content=\"Klaus Bardeli\" \/>\n\t<meta name=\"twitter:label2\" content=\"Est. reading time\" \/>\n\t<meta name=\"twitter:data2\" content=\"1 minute\" \/>\n<script type=\"application\/ld+json\" class=\"yoast-schema-graph\">{\"@context\":\"https:\\\/\\\/schema.org\",\"@graph\":[{\"@type\":\"Article\",\"@id\":\"https:\\\/\\\/albaniantennis.com\\\/ekipi-kombetar-i-djemve-ne-davis-cup-2023\\\/#article\",\"isPartOf\":{\"@id\":\"https:\\\/\\\/albaniantennis.com\\\/ekipi-kombetar-i-djemve-ne-davis-cup-2023\\\/\"},\"author\":{\"name\":\"Klaus Bardeli\",\"@id\":\"https:\\\/\\\/albaniantennis.com\\\/#\\\/schema\\\/person\\\/6fa460f218c0ed8800448dcf025b86e5\"},\"headline\":\"Ekipi komb\u00ebtar i Djemve n\u00eb Davis Cup 2023\",\"datePublished\":\"2023-07-26T10:40:46+00:00\",\"dateModified\":\"2023-07-26T10:41:38+00:00\",\"mainEntityOfPage\":{\"@id\":\"https:\\\/\\\/albaniantennis.com\\\/ekipi-kombetar-i-djemve-ne-davis-cup-2023\\\/\"},\"wordCount\":141,\"publisher\":{\"@id\":\"https:\\\/\\\/albaniantennis.com\\\/#organization\"},\"image\":{\"@id\":\"https:\\\/\\\/albaniantennis.com\\\/ekipi-kombetar-i-djemve-ne-davis-cup-2023\\\/#primaryimage\"},\"thumbnailUrl\":\"https:\\\/\\\/albaniantennis.com\\\/wp-content\\\/uploads\\\/2023\\\/07\\\/362940795_296975979553435_7720921518559517681_n.jpg\",\"keywords\":[\"2023\",\"albania\",\"albaniantennisfederation\",\"davisCup\",\"federatashqiptareetenisit\",\"fsht\",\"GroupIV\",\"klaus bardeli\",\"Mal i Zi\",\"montenegro\",\"Shqiperia\",\"Tenis\",\"Ulcinj\",\"Ulqin\"],\"articleSection\":[\"Lajme\",\"Turne\"],\"inLanguage\":\"en-US\"},{\"@type\":\"WebPage\",\"@id\":\"https:\\\/\\\/albaniantennis.com\\\/ekipi-kombetar-i-djemve-ne-davis-cup-2023\\\/\",\"url\":\"https:\\\/\\\/albaniantennis.com\\\/ekipi-kombetar-i-djemve-ne-davis-cup-2023\\\/\",\"name\":\"Ekipi komb\u00ebtar i Djemve n\u00eb Davis Cup 2023 &#8212; Federata Shqiptare e Tenisit\",\"isPartOf\":{\"@id\":\"https:\\\/\\\/albaniantennis.com\\\/#website\"},\"primaryImageOfPage\":{\"@id\":\"https:\\\/\\\/albaniantennis.com\\\/ekipi-kombetar-i-djemve-ne-davis-cup-2023\\\/#primaryimage\"},\"image\":{\"@id\":\"https:\\\/\\\/albaniantennis.com\\\/ekipi-kombetar-i-djemve-ne-davis-cup-2023\\\/#primaryimage\"},\"thumbnailUrl\":\"https:\\\/\\\/albaniantennis.com\\\/wp-content\\\/uploads\\\/2023\\\/07\\\/362940795_296975979553435_7720921518559517681_n.jpg\",\"datePublished\":\"2023-07-26T10:40:46+00:00\",\"dateModified\":\"2023-07-26T10:41:38+00:00\",\"breadcrumb\":{\"@id\":\"https:\\\/\\\/albaniantennis.com\\\/ekipi-kombetar-i-djemve-ne-davis-cup-2023\\\/#breadcrumb\"},\"inLanguage\":\"en-US\",\"potentialAction\":[{\"@type\":\"ReadAction\",\"target\":[\"https:\\\/\\\/albaniantennis.com\\\/ekipi-kombetar-i-djemve-ne-davis-cup-2023\\\/\"]}]},{\"@type\":\"ImageObject\",\"inLanguage\":\"en-US\",\"@id\":\"https:\\\/\\\/albaniantennis.com\\\/ekipi-kombetar-i-djemve-ne-davis-cup-2023\\\/#primaryimage\",\"url\":\"https:\\\/\\\/albaniantennis.com\\\/wp-content\\\/uploads\\\/2023\\\/07\\\/362940795_296975979553435_7720921518559517681_n.jpg\",\"contentUrl\":\"https:\\\/\\\/albaniantennis.com\\\/wp-content\\\/uploads\\\/2023\\\/07\\\/362940795_296975979553435_7720921518559517681_n.jpg\",\"width\":1043,\"height\":757},{\"@type\":\"BreadcrumbList\",\"@id\":\"https:\\\/\\\/albaniantennis.com\\\/ekipi-kombetar-i-djemve-ne-davis-cup-2023\\\/#breadcrumb\",\"itemListElement\":[{\"@type\":\"ListItem\",\"position\":1,\"name\":\"Home\",\"item\":\"https:\\\/\\\/albaniantennis.com\\\/\"},{\"@type\":\"ListItem\",\"position\":2,\"name\":\"Ekipi komb\u00ebtar i Djemve n\u00eb Davis Cup 2023\"}]},{\"@type\":\"WebSite\",\"@id\":\"https:\\\/\\\/albaniantennis.com\\\/#website\",\"url\":\"https:\\\/\\\/albaniantennis.com\\\/\",\"name\":\"Federata Shqiptare e Tenisit\",\"description\":\"Federata Shqiptare e Tenisit\",\"publisher\":{\"@id\":\"https:\\\/\\\/albaniantennis.com\\\/#organization\"},\"potentialAction\":[{\"@type\":\"SearchAction\",\"target\":{\"@type\":\"EntryPoint\",\"urlTemplate\":\"https:\\\/\\\/albaniantennis.com\\\/?s={search_term_string}\"},\"query-input\":{\"@type\":\"PropertyValueSpecification\",\"valueRequired\":true,\"valueName\":\"search_term_string\"}}],\"inLanguage\":\"en-US\"},{\"@type\":\"Organization\",\"@id\":\"https:\\\/\\\/albaniantennis.com\\\/#organization\",\"name\":\"Federata Shqip\u00ebtare e Tenisit\",\"url\":\"https:\\\/\\\/albaniantennis.com\\\/\",\"logo\":{\"@type\":\"ImageObject\",\"inLanguage\":\"en-US\",\"@id\":\"https:\\\/\\\/albaniantennis.com\\\/#\\\/schema\\\/logo\\\/image\\\/\",\"url\":\"https:\\\/\\\/albaniantennis.com\\\/wp-content\\\/uploads\\\/2022\\\/03\\\/Logo.png\",\"contentUrl\":\"https:\\\/\\\/albaniantennis.com\\\/wp-content\\\/uploads\\\/2022\\\/03\\\/Logo.png\",\"width\":473,\"height\":400,\"caption\":\"Federata Shqip\u00ebtare e Tenisit\"},\"image\":{\"@id\":\"https:\\\/\\\/albaniantennis.com\\\/#\\\/schema\\\/logo\\\/image\\\/\"}},{\"@type\":\"Person\",\"@id\":\"https:\\\/\\\/albaniantennis.com\\\/#\\\/schema\\\/person\\\/6fa460f218c0ed8800448dcf025b86e5\",\"name\":\"Klaus Bardeli\",\"image\":{\"@type\":\"ImageObject\",\"inLanguage\":\"en-US\",\"@id\":\"https:\\\/\\\/secure.gravatar.com\\\/avatar\\\/294dce01b4cf43b267750000becaa1f5eb79a5971757ba9256e0bad4a9a4c807?s=96&d=mm&r=g\",\"url\":\"https:\\\/\\\/secure.gravatar.com\\\/avatar\\\/294dce01b4cf43b267750000becaa1f5eb79a5971757ba9256e0bad4a9a4c807?s=96&d=mm&r=g\",\"contentUrl\":\"https:\\\/\\\/secure.gravatar.com\\\/avatar\\\/294dce01b4cf43b267750000becaa1f5eb79a5971757ba9256e0bad4a9a4c807?s=96&d=mm&r=g\",\"caption\":\"Klaus Bardeli\"},\"url\":\"https:\\\/\\\/albaniantennis.com\\\/en\\\/author\\\/klausi\\\/\"}]}<\/script>\n<!-- \/ Yoast SEO plugin. -->","yoast_head_json":{"title":"Ekipi komb\u00ebtar i Djemve n\u00eb Davis Cup 2023 &#8212; Federata Shqiptare e Tenisit","robots":{"index":"index","follow":"follow","max-snippet":"max-snippet:-1","max-image-preview":"max-image-preview:large","max-video-preview":"max-video-preview:-1"},"canonical":"https:\/\/albaniantennis.com\/en\/ekipi-kombetar-i-djemve-ne-davis-cup-2023\/","og_locale":"en_US","og_type":"article","og_title":"Ekipi komb\u00ebtar i Djemve n\u00eb Davis Cup 2023 &#8212; Federata Shqiptare e Tenisit","og_description":"Ekipi komb\u00ebtar i Djemve n\u00eb Davis Cup 2023. \ufe0fNga data 18 Korrik deri dje ekipi komb\u00ebtar i djemve i kategoris\u00eb s\u00eb t\u00eb rriturve \u00ebsht\u00eb grumbulluar n\u00eb Ulqin t\u00eb Malit t\u00eb Zi, n\u00eb Klubin e Tenisit &#8220;Bellevue&#8221; si parap\u00ebrgatitje p\u00ebr pjes\u00ebmarrjen n\u00eb Kampionatin Bot\u00ebror Ekipor t\u00eb Meshkujve &#8220;2023 Davis Cup Europe Group IV&#8221; q\u00eb fillon sot deri m\u00eb 29 Korrik 2023 n\u00eb Ulqin, Mal i Zi. Shqip\u00ebria ndodhet n\u00eb grupin IV, Pool B, s\u00eb bashku me: Island\u00ebn, Azerbajxhanin dhe Kosov\u00ebn. Sot Shqip\u00ebria do t\u00eb p\u00ebrballet me Island\u00ebn. Ekipi komb\u00ebtar shqiptar p\u00ebrb\u00ebhet nga tenist\u00ebt: Mario Zili (kapiten\/lojtar), Martin Muedini, Nermin Hoxhi\u00e7 dhe Arb\u00ebr Sulstarova. I urojm\u00eb shum\u00eb suksese ekipit ton\u00eb n\u00eb k\u00ebt\u00eb kompeticion t\u00eb r\u00ebnd\u00ebsish\u00ebm nd\u00ebrkomb\u00ebtar.","og_url":"https:\/\/albaniantennis.com\/en\/ekipi-kombetar-i-djemve-ne-davis-cup-2023\/","og_site_name":"Federata Shqiptare e Tenisit","article_published_time":"2023-07-26T10:40:46+00:00","article_modified_time":"2023-07-26T10:41:38+00:00","og_image":[{"width":1043,"height":757,"url":"https:\/\/albaniantennis.com\/wp-content\/uploads\/2023\/07\/362940795_296975979553435_7720921518559517681_n.jpg","type":"image\/jpeg"}],"author":"Klaus Bardeli","twitter_card":"summary_large_image","twitter_misc":{"Written by":"Klaus Bardeli","Est. reading time":"1 minute"},"schema":{"@context":"https:\/\/schema.org","@graph":[{"@type":"Article","@id":"https:\/\/albaniantennis.com\/ekipi-kombetar-i-djemve-ne-davis-cup-2023\/#article","isPartOf":{"@id":"https:\/\/albaniantennis.com\/ekipi-kombetar-i-djemve-ne-davis-cup-2023\/"},"author":{"name":"Klaus Bardeli","@id":"https:\/\/albaniantennis.com\/#\/schema\/person\/6fa460f218c0ed8800448dcf025b86e5"},"headline":"Ekipi komb\u00ebtar i Djemve n\u00eb Davis Cup 2023","datePublished":"2023-07-26T10:40:46+00:00","dateModified":"2023-07-26T10:41:38+00:00","mainEntityOfPage":{"@id":"https:\/\/albaniantennis.com\/ekipi-kombetar-i-djemve-ne-davis-cup-2023\/"},"wordCount":141,"publisher":{"@id":"https:\/\/albaniantennis.com\/#organization"},"image":{"@id":"https:\/\/albaniantennis.com\/ekipi-kombetar-i-djemve-ne-davis-cup-2023\/#primaryimage"},"thumbnailUrl":"https:\/\/albaniantennis.com\/wp-content\/uploads\/2023\/07\/362940795_296975979553435_7720921518559517681_n.jpg","keywords":["2023","albania","albaniantennisfederation","davisCup","federatashqiptareetenisit","fsht","GroupIV","klaus bardeli","Mal i Zi","montenegro","Shqiperia","Tenis","Ulcinj","Ulqin"],"articleSection":["Lajme","Turne"],"inLanguage":"en-US"},{"@type":"WebPage","@id":"https:\/\/albaniantennis.com\/ekipi-kombetar-i-djemve-ne-davis-cup-2023\/","url":"https:\/\/albaniantennis.com\/ekipi-kombetar-i-djemve-ne-davis-cup-2023\/","name":"Ekipi komb\u00ebtar i Djemve n\u00eb Davis Cup 2023 &#8212; Federata Shqiptare e Tenisit","isPartOf":{"@id":"https:\/\/albaniantennis.com\/#website"},"primaryImageOfPage":{"@id":"https:\/\/albaniantennis.com\/ekipi-kombetar-i-djemve-ne-davis-cup-2023\/#primaryimage"},"image":{"@id":"https:\/\/albaniantennis.com\/ekipi-kombetar-i-djemve-ne-davis-cup-2023\/#primaryimage"},"thumbnailUrl":"https:\/\/albaniantennis.com\/wp-content\/uploads\/2023\/07\/362940795_296975979553435_7720921518559517681_n.jpg","datePublished":"2023-07-26T10:40:46+00:00","dateModified":"2023-07-26T10:41:38+00:00","breadcrumb":{"@id":"https:\/\/albaniantennis.com\/ekipi-kombetar-i-djemve-ne-davis-cup-2023\/#breadcrumb"},"inLanguage":"en-US","potentialAction":[{"@type":"ReadAction","target":["https:\/\/albaniantennis.com\/ekipi-kombetar-i-djemve-ne-davis-cup-2023\/"]}]},{"@type":"ImageObject","inLanguage":"en-US","@id":"https:\/\/albaniantennis.com\/ekipi-kombetar-i-djemve-ne-davis-cup-2023\/#primaryimage","url":"https:\/\/albaniantennis.com\/wp-content\/uploads\/2023\/07\/362940795_296975979553435_7720921518559517681_n.jpg","contentUrl":"https:\/\/albaniantennis.com\/wp-content\/uploads\/2023\/07\/362940795_296975979553435_7720921518559517681_n.jpg","width":1043,"height":757},{"@type":"BreadcrumbList","@id":"https:\/\/albaniantennis.com\/ekipi-kombetar-i-djemve-ne-davis-cup-2023\/#breadcrumb","itemListElement":[{"@type":"ListItem","position":1,"name":"Home","item":"https:\/\/albaniantennis.com\/"},{"@type":"ListItem","position":2,"name":"Ekipi komb\u00ebtar i Djemve n\u00eb Davis Cup 2023"}]},{"@type":"WebSite","@id":"https:\/\/albaniantennis.com\/#website","url":"https:\/\/albaniantennis.com\/","name":"Federata Shqiptare e Tenisit","description":"Federata Shqiptare e Tenisit","publisher":{"@id":"https:\/\/albaniantennis.com\/#organization"},"potentialAction":[{"@type":"SearchAction","target":{"@type":"EntryPoint","urlTemplate":"https:\/\/albaniantennis.com\/?s={search_term_string}"},"query-input":{"@type":"PropertyValueSpecification","valueRequired":true,"valueName":"search_term_string"}}],"inLanguage":"en-US"},{"@type":"Organization","@id":"https:\/\/albaniantennis.com\/#organization","name":"Federata Shqip\u00ebtare e Tenisit","url":"https:\/\/albaniantennis.com\/","logo":{"@type":"ImageObject","inLanguage":"en-US","@id":"https:\/\/albaniantennis.com\/#\/schema\/logo\/image\/","url":"https:\/\/albaniantennis.com\/wp-content\/uploads\/2022\/03\/Logo.png","contentUrl":"https:\/\/albaniantennis.com\/wp-content\/uploads\/2022\/03\/Logo.png","width":473,"height":400,"caption":"Federata Shqip\u00ebtare e Tenisit"},"image":{"@id":"https:\/\/albaniantennis.com\/#\/schema\/logo\/image\/"}},{"@type":"Person","@id":"https:\/\/albaniantennis.com\/#\/schema\/person\/6fa460f218c0ed8800448dcf025b86e5","name":"Klaus Bardeli","image":{"@type":"ImageObject","inLanguage":"en-US","@id":"https:\/\/secure.gravatar.com\/avatar\/294dce01b4cf43b267750000becaa1f5eb79a5971757ba9256e0bad4a9a4c807?s=96&d=mm&r=g","url":"https:\/\/secure.gravatar.com\/avatar\/294dce01b4cf43b267750000becaa1f5eb79a5971757ba9256e0bad4a9a4c807?s=96&d=mm&r=g","contentUrl":"https:\/\/secure.gravatar.com\/avatar\/294dce01b4cf43b267750000becaa1f5eb79a5971757ba9256e0bad4a9a4c807?s=96&d=mm&r=g","caption":"Klaus Bardeli"},"url":"https:\/\/albaniantennis.com\/en\/author\/klausi\/"}]}},"_links":{"self":[{"href":"https:\/\/albaniantennis.com\/en\/wp-json\/wp\/v2\/posts\/4506","targetHints":{"allow":["GET"]}}],"collection":[{"href":"https:\/\/albaniantennis.com\/en\/wp-json\/wp\/v2\/posts"}],"about":[{"href":"https:\/\/albaniantennis.com\/en\/wp-json\/wp\/v2\/types\/post"}],"author":[{"embeddable":true,"href":"https:\/\/albaniantennis.com\/en\/wp-json\/wp\/v2\/users\/2"}],"replies":[{"embeddable":true,"href":"https:\/\/albaniantennis.com\/en\/wp-json\/wp\/v2\/comments?post=4506"}],"version-history":[{"count":1,"href":"https:\/\/albaniantennis.com\/en\/wp-json\/wp\/v2\/posts\/4506\/revisions"}],"predecessor-version":[{"id":4508,"href":"https:\/\/albaniantennis.com\/en\/wp-json\/wp\/v2\/posts\/4506\/revisions\/4508"}],"wp:featuredmedia":[{"embeddable":true,"href":"https:\/\/albaniantennis.com\/en\/wp-json\/wp\/v2\/media\/4507"}],"wp:attachment":[{"href":"https:\/\/albaniantennis.com\/en\/wp-json\/wp\/v2\/media?parent=4506"}],"wp:term":[{"taxonomy":"category","embeddable":true,"href":"https:\/\/albaniantennis.com\/en\/wp-json\/wp\/v2\/categories?post=4506"},{"taxonomy":"post_tag","embeddable":true,"href":"https:\/\/albaniantennis.com\/en\/wp-json\/wp\/v2\/tags?post=4506"}],"curies":[{"name":"wp","href":"https:\/\/api.w.org\/{rel}","templated":true}]}}