{"id":4244,"date":"2023-06-11T14:02:55","date_gmt":"2023-06-11T14:02:55","guid":{"rendered":"https:\/\/albaniantennis.com\/?p=4244"},"modified":"2023-06-11T14:02:55","modified_gmt":"2023-06-11T14:02:55","slug":"vitor-cabral-ne-shqiperi-zhvillohet-itf-parents-workshop-level-1","status":"publish","type":"post","link":"https:\/\/albaniantennis.com\/en\/vitor-cabral-ne-shqiperi-zhvillohet-itf-parents-workshop-level-1\/","title":{"rendered":"Vitor Cabral n\u00eb Shqip\u00ebri. Zhvillohet &#8220;ITF Parents Workshop Level 1&#8221;"},"content":{"rendered":"<div class=\"xdj266r x11i5rnm xat24cr x1mh8g0r x1vvkbs x126k92a\">\n<div dir=\"auto\">Fillimi i k\u00ebtij muaji sh\u00ebnoi vizit\u00ebn e p\u00ebrfaq\u00ebsuesit t\u00eb Federat\u00ebs Bot\u00ebrore t\u00eb Tenisit, Vitor Cabral (ITF Development Officer Europe).<\/div>\n<\/div>\n<div class=\"x11i5rnm xat24cr x1mh8g0r x1vvkbs xtlvy1s x126k92a\">\n<div dir=\"auto\">Vitor Cabral organizoi kursin p\u00ebr t\u00eb gjith\u00eb prind\u00ebrit q\u00eb kan\u00eb f\u00ebmij\u00eb t\u00eb angazhuar n\u00eb sportin e tenisit n\u00eb Shqip\u00ebri &#8220;ITF Parents Workshop Level 1&#8221; n\u00eb &#8220;National Sport Park&#8221; n\u00eb Tiran\u00eb.<\/div>\n<\/div>\n<div class=\"x11i5rnm xat24cr x1mh8g0r x1vvkbs xtlvy1s x126k92a\">\n<div dir=\"auto\">Bashk\u00eb me njohurit\u00eb e prezantuara dhe diskutimet n\u00eb k\u00ebt\u00eb kurs prind\u00ebrit u njoh\u00ebn me platform\u00ebn online t\u00eb Federat\u00ebs Nd\u00ebrkomb\u00ebtare t\u00eb Tenisit (ITF Academy), ku mund t\u00eb gjejn\u00eb informacione dhe kurse t\u00eb vlefshme p\u00ebrgjat\u00eb gjith\u00eb vitit.<\/div>\n<\/div>\n<div class=\"x11i5rnm xat24cr x1mh8g0r x1vvkbs xtlvy1s x126k92a\">\n<div dir=\"auto\">Gjat\u00eb vizit\u00ebs s\u00eb tij n\u00eb Shqip\u00ebri, Vitor Cabral krijoi mund\u00ebsin\u00eb e takimit me p\u00ebrfaq\u00ebsues t\u00eb klubeve t\u00eb ndryshme dhe tenist\u00ebve n\u00eb vend.<\/div>\n<\/div>\n<div class=\"x11i5rnm xat24cr x1mh8g0r x1vvkbs xtlvy1s x126k92a\">\n<div dir=\"auto\">Konkretisht ai ishte i pranish\u00ebm n\u00eb klubet respektive t\u00eb qyteteve si Tirana, Kor\u00e7a, Vlora dhe Shkodra, duke par\u00eb nga af\u00ebr zhvillimet e arrituara, lojtar\u00ebt m\u00eb t\u00eb talentuar, por edhe duke diskutuar problematikat q\u00eb has \u00e7do klub dhe federata si dhe projektet p\u00ebr t\u00eb ardhmen.<\/div>\n<\/div>\n<div class=\"x11i5rnm xat24cr x1mh8g0r x1vvkbs xtlvy1s x126k92a\">\n<div dir=\"auto\">P\u00ebr Cabral ishte hera e par\u00eb p\u00ebr t\u00eb n\u00eb disa prej k\u00ebtyre qyteteve, ku n\u00eb qytetin e Kor\u00e7\u00ebs realizoi nj\u00eb takim me kryebashkiakun Sotiraq Filo ku u bisedua p\u00ebr q\u00ebllimet e k\u00ebsaj bashkie n\u00eb t\u00eb mir\u00eb t\u00eb zhvillimit t\u00eb m\u00ebtejsh\u00ebm t\u00eb tenisit n\u00eb Kor\u00e7\u00eb.<\/div>\n<div dir=\"auto\">Gjat\u00eb kthimit nga Kor\u00e7a, Vitor Cabral gjati koh\u00ebn t\u00eb ndaloj\u00eb n\u00eb Pogradec n\u00eb nj\u00eb takim me zv.Kryetaren e Bashkis\u00eb Entela Gusho dhe p\u00ebrfaq\u00ebsues t\u00eb tjer\u00eb t\u00eb k\u00ebsaj bashkie. Nd\u00ebr t\u00eb tjera n\u00eb k\u00ebt\u00eb takim u diskutua rreth infrastruktur\u00ebs s\u00eb tenisit n\u00eb qytet si element ky\u00e7 p\u00ebr zhvillimin e k\u00ebtij sporti.<\/div>\n<\/div>\n<div class=\"x11i5rnm xat24cr x1mh8g0r x1vvkbs xtlvy1s x126k92a\">\n<div dir=\"auto\">Vitor Cabral largohet me p\u00ebrshtypjet m\u00eb t\u00eb mira nga Shqip\u00ebria dhe me synime t\u00eb reja bashk\u00ebpunimi mes Federat\u00ebs Nd\u00ebrkomb\u00ebtare t\u00eb Tenisit dhe federat\u00ebs son\u00eb.<div class=\"rl-gallery-container\" id=\"rl-gallery-container-1\" data-gallery_id=\"0\"> <div class=\"rl-gallery rl-basicmasonry-gallery\" id=\"rl-gallery-1\" data-gallery_no=\"1\"> <div class=\"rl-gutter-sizer\"><\/div><div class=\"rl-grid-sizer\"><\/div> <div class=\"rl-gallery-item rl-gallery-item-width-4\" > <div class=\"rl-gallery-item-content\"> <a href=\"https:\/\/albaniantennis.com\/wp-content\/uploads\/2023\/06\/352217298_927379345039204_2418582497658846596_n.jpg\" title=\"\" data-rl_title=\"\" class=\"rl-gallery-link\" data-rl_caption=\"\" data-rel=\"lightbox-gallery-1\"><img fetchpriority=\"high\" decoding=\"async\" src=\"https:\/\/albaniantennis.com\/wp-content\/uploads\/2023\/06\/352217298_927379345039204_2418582497658846596_n-300x175.jpg\" width=\"300\" height=\"175\" alt=\"\" \/><\/a> <\/div> <\/div> <div class=\"rl-gallery-item\" > <div class=\"rl-gallery-item-content\"> <a href=\"https:\/\/albaniantennis.com\/wp-content\/uploads\/2023\/06\/352174598_189355593722289_7671727058070772419_n.jpg\" title=\"\" data-rl_title=\"\" class=\"rl-gallery-link\" data-rl_caption=\"\" data-rel=\"lightbox-gallery-1\"><img decoding=\"async\" src=\"https:\/\/albaniantennis.com\/wp-content\/uploads\/2023\/06\/352174598_189355593722289_7671727058070772419_n-300x175.jpg\" width=\"300\" height=\"175\" alt=\"\" \/><\/a> <\/div> <\/div> <div class=\"rl-gallery-item\" > <div class=\"rl-gallery-item-content\"> <a href=\"https:\/\/albaniantennis.com\/wp-content\/uploads\/2023\/06\/352565564_2134047563467629_3549907603705876841_n.jpg\" title=\"\" data-rl_title=\"\" class=\"rl-gallery-link\" data-rl_caption=\"\" data-rel=\"lightbox-gallery-1\"><img decoding=\"async\" src=\"https:\/\/albaniantennis.com\/wp-content\/uploads\/2023\/06\/352565564_2134047563467629_3549907603705876841_n-300x175.jpg\" width=\"300\" height=\"175\" alt=\"\" \/><\/a> <\/div> <\/div> <div class=\"rl-gallery-item\" > <div class=\"rl-gallery-item-content\"> <a href=\"https:\/\/albaniantennis.com\/wp-content\/uploads\/2023\/06\/352222984_184861680882777_650137900329079352_n.jpg\" title=\"\" data-rl_title=\"\" class=\"rl-gallery-link\" data-rl_caption=\"\" data-rel=\"lightbox-gallery-1\"><img loading=\"lazy\" decoding=\"async\" src=\"https:\/\/albaniantennis.com\/wp-content\/uploads\/2023\/06\/352222984_184861680882777_650137900329079352_n-300x175.jpg\" width=\"300\" height=\"175\" alt=\"\" \/><\/a> <\/div> <\/div> <div class=\"rl-gallery-item\" > <div class=\"rl-gallery-item-content\"> <a href=\"https:\/\/albaniantennis.com\/wp-content\/uploads\/2023\/06\/352719112_571239385159105_2350053755421740080_n.jpg\" title=\"\" data-rl_title=\"\" class=\"rl-gallery-link\" data-rl_caption=\"\" data-rel=\"lightbox-gallery-1\"><img loading=\"lazy\" decoding=\"async\" src=\"https:\/\/albaniantennis.com\/wp-content\/uploads\/2023\/06\/352719112_571239385159105_2350053755421740080_n-300x175.jpg\" width=\"300\" height=\"175\" alt=\"\" \/><\/a> <\/div> <\/div> <div class=\"rl-gallery-item\" > <div class=\"rl-gallery-item-content\"> <a href=\"https:\/\/albaniantennis.com\/wp-content\/uploads\/2023\/06\/352182467_1198166257494826_3231586244631684904_n.jpg\" title=\"\" data-rl_title=\"\" class=\"rl-gallery-link\" data-rl_caption=\"\" data-rel=\"lightbox-gallery-1\"><img loading=\"lazy\" decoding=\"async\" src=\"https:\/\/albaniantennis.com\/wp-content\/uploads\/2023\/06\/352182467_1198166257494826_3231586244631684904_n-300x175.jpg\" width=\"300\" height=\"175\" alt=\"\" \/><\/a> <\/div> <\/div> <div class=\"rl-gallery-item\" > <div class=\"rl-gallery-item-content\"> <a href=\"https:\/\/albaniantennis.com\/wp-content\/uploads\/2023\/06\/352411685_771045611473880_3193802456581878354_n.jpg\" title=\"\" data-rl_title=\"\" class=\"rl-gallery-link\" data-rl_caption=\"\" data-rel=\"lightbox-gallery-1\"><img loading=\"lazy\" decoding=\"async\" src=\"https:\/\/albaniantennis.com\/wp-content\/uploads\/2023\/06\/352411685_771045611473880_3193802456581878354_n-300x175.jpg\" width=\"300\" height=\"175\" alt=\"\" \/><\/a> <\/div> <\/div> <div class=\"rl-gallery-item\" > <div class=\"rl-gallery-item-content\"> <a href=\"https:\/\/albaniantennis.com\/wp-content\/uploads\/2023\/06\/352133700_958857652121494_8378393126904062436_n.jpg\" title=\"\" data-rl_title=\"\" class=\"rl-gallery-link\" data-rl_caption=\"\" data-rel=\"lightbox-gallery-1\"><img loading=\"lazy\" decoding=\"async\" src=\"https:\/\/albaniantennis.com\/wp-content\/uploads\/2023\/06\/352133700_958857652121494_8378393126904062436_n-300x175.jpg\" width=\"300\" height=\"175\" alt=\"\" \/><\/a> <\/div> <\/div> <div class=\"rl-gallery-item\" > <div class=\"rl-gallery-item-content\"> <a href=\"https:\/\/albaniantennis.com\/wp-content\/uploads\/2023\/06\/352174552_1045391996422861_1837662469086934687_n.jpg\" title=\"\" data-rl_title=\"\" class=\"rl-gallery-link\" data-rl_caption=\"\" data-rel=\"lightbox-gallery-1\"><img loading=\"lazy\" decoding=\"async\" src=\"https:\/\/albaniantennis.com\/wp-content\/uploads\/2023\/06\/352174552_1045391996422861_1837662469086934687_n-300x175.jpg\" width=\"300\" height=\"175\" alt=\"\" \/><\/a> <\/div> <\/div> <div class=\"rl-gallery-item\" > <div class=\"rl-gallery-item-content\"> <a href=\"https:\/\/albaniantennis.com\/wp-content\/uploads\/2023\/06\/352658294_214010784789916_9105497427153332521_n.jpg\" title=\"\" data-rl_title=\"\" class=\"rl-gallery-link\" data-rl_caption=\"\" data-rel=\"lightbox-gallery-1\"><img loading=\"lazy\" decoding=\"async\" src=\"https:\/\/albaniantennis.com\/wp-content\/uploads\/2023\/06\/352658294_214010784789916_9105497427153332521_n-300x175.jpg\" width=\"300\" height=\"175\" alt=\"\" \/><\/a> <\/div> <\/div> <\/div> <\/div><\/p>\n<\/div>\n<div dir=\"auto\"><\/div>\n<div dir=\"auto\"><\/div>\n<\/div>","protected":false},"excerpt":{"rendered":"<p>Fillimi i k\u00ebtij muaji sh\u00ebnoi vizit\u00ebn e p\u00ebrfaq\u00ebsuesit t\u00eb Federat\u00ebs Bot\u00ebrore t\u00eb Tenisit, Vitor Cabral (ITF Development Officer Europe). Vitor Cabral organizoi kursin p\u00ebr t\u00eb gjith\u00eb prind\u00ebrit q\u00eb kan\u00eb f\u00ebmij\u00eb t\u00eb angazhuar n\u00eb sportin e tenisit n\u00eb Shqip\u00ebri &#8220;ITF Parents Workshop Level 1&#8221; n\u00eb &#8220;National Sport Park&#8221; n\u00eb Tiran\u00eb. Bashk\u00eb me njohurit\u00eb e prezantuara dhe diskutimet n\u00eb k\u00ebt\u00eb kurs prind\u00ebrit u njoh\u00ebn me platform\u00ebn online t\u00eb Federat\u00ebs Nd\u00ebrkomb\u00ebtare t\u00eb Tenisit (ITF Academy), ku mund t\u00eb gjejn\u00eb informacione dhe kurse t\u00eb vlefshme p\u00ebrgjat\u00eb gjith\u00eb vitit. Gjat\u00eb vizit\u00ebs s\u00eb tij n\u00eb Shqip\u00ebri, Vitor Cabral krijoi mund\u00ebsin\u00eb e takimit me p\u00ebrfaq\u00ebsues t\u00eb klubeve t\u00eb ndryshme dhe tenist\u00ebve n\u00eb vend. Konkretisht ai ishte i pranish\u00ebm n\u00eb klubet respektive t\u00eb qyteteve si Tirana, Kor\u00e7a, Vlora dhe Shkodra, duke par\u00eb nga af\u00ebr zhvillimet e arrituara, lojtar\u00ebt m\u00eb t\u00eb talentuar, por edhe duke diskutuar problematikat q\u00eb has \u00e7do klub dhe federata si dhe projektet p\u00ebr t\u00eb ardhmen. P\u00ebr Cabral ishte hera e par\u00eb p\u00ebr t\u00eb n\u00eb disa prej k\u00ebtyre qyteteve, ku n\u00eb qytetin e Kor\u00e7\u00ebs realizoi nj\u00eb takim me kryebashkiakun Sotiraq Filo ku u bisedua p\u00ebr q\u00ebllimet e k\u00ebsaj bashkie n\u00eb t\u00eb mir\u00eb t\u00eb zhvillimit t\u00eb m\u00ebtejsh\u00ebm t\u00eb tenisit n\u00eb Kor\u00e7\u00eb. Gjat\u00eb kthimit nga Kor\u00e7a, Vitor Cabral gjati koh\u00ebn t\u00eb ndaloj\u00eb n\u00eb Pogradec n\u00eb nj\u00eb takim me zv.Kryetaren e Bashkis\u00eb Entela Gusho dhe p\u00ebrfaq\u00ebsues t\u00eb tjer\u00eb t\u00eb k\u00ebsaj bashkie. Nd\u00ebr t\u00eb tjera n\u00eb k\u00ebt\u00eb takim u diskutua rreth infrastruktur\u00ebs s\u00eb tenisit n\u00eb qytet si element ky\u00e7 p\u00ebr zhvillimin e k\u00ebtij sporti. Vitor Cabral largohet me p\u00ebrshtypjet m\u00eb t\u00eb mira nga Shqip\u00ebria dhe me synime t\u00eb reja bashk\u00ebpunimi mes Federat\u00ebs Nd\u00ebrkomb\u00ebtare t\u00eb Tenisit dhe federat\u00ebs son\u00eb.<\/p>","protected":false},"author":2,"featured_media":4252,"comment_status":"closed","ping_status":"open","sticky":false,"template":"","format":"standard","meta":{"_eb_attr":"","pgc_sgb_lightbox_settings":"","footnotes":""},"categories":[11,6,12],"tags":[276,18,35,168,138,28,290,20,315,316,99,49,317,47,319,238,148,14,149,245,318],"class_list":["post-4244","post","type-post","status-publish","format-standard","has-post-thumbnail","hentry","category-lajme","category-lojtare","category-trajneret","tag-276","tag-albania","tag-albaniantennisfederation","tag-federatashqiptareetenisit","tag-ferdinandsulo","tag-fsht","tag-internationaltennisfederation","tag-itf","tag-itf-development-officer-europe","tag-itf-parents-workshop-level-1","tag-klausbardeli","tag-korca","tag-officials","tag-players","tag-pogradec","tag-shkodra","tag-shqiperi","tag-tennis","tag-tirana","tag-vitorcabral","tag-vlora"],"yoast_head":"<!-- This site is optimized with the Yoast SEO plugin v27.5 - https:\/\/yoast.com\/product\/yoast-seo-wordpress\/ -->\n<title>Vitor Cabral n\u00eb Shqip\u00ebri. Zhvillohet &quot;ITF Parents Workshop Level 1&quot; &#8212; Federata Shqiptare e Tenisit<\/title>\n<meta name=\"robots\" content=\"index, follow, max-snippet:-1, max-image-preview:large, max-video-preview:-1\" \/>\n<link rel=\"canonical\" href=\"https:\/\/albaniantennis.com\/en\/vitor-cabral-ne-shqiperi-zhvillohet-itf-parents-workshop-level-1\/\" \/>\n<meta property=\"og:locale\" content=\"en_US\" \/>\n<meta property=\"og:type\" content=\"article\" \/>\n<meta property=\"og:title\" content=\"Vitor Cabral n\u00eb Shqip\u00ebri. Zhvillohet &quot;ITF Parents Workshop Level 1&quot; &#8212; Federata Shqiptare e Tenisit\" \/>\n<meta property=\"og:description\" content=\"Fillimi i k\u00ebtij muaji sh\u00ebnoi vizit\u00ebn e p\u00ebrfaq\u00ebsuesit t\u00eb Federat\u00ebs Bot\u00ebrore t\u00eb Tenisit, Vitor Cabral (ITF Development Officer Europe). Vitor Cabral organizoi kursin p\u00ebr t\u00eb gjith\u00eb prind\u00ebrit q\u00eb kan\u00eb f\u00ebmij\u00eb t\u00eb angazhuar n\u00eb sportin e tenisit n\u00eb Shqip\u00ebri &#8220;ITF Parents Workshop Level 1&#8221; n\u00eb &#8220;National Sport Park&#8221; n\u00eb Tiran\u00eb. Bashk\u00eb me njohurit\u00eb e prezantuara dhe diskutimet n\u00eb k\u00ebt\u00eb kurs prind\u00ebrit u njoh\u00ebn me platform\u00ebn online t\u00eb Federat\u00ebs Nd\u00ebrkomb\u00ebtare t\u00eb Tenisit (ITF Academy), ku mund t\u00eb gjejn\u00eb informacione dhe kurse t\u00eb vlefshme p\u00ebrgjat\u00eb gjith\u00eb vitit. Gjat\u00eb vizit\u00ebs s\u00eb tij n\u00eb Shqip\u00ebri, Vitor Cabral krijoi mund\u00ebsin\u00eb e takimit me p\u00ebrfaq\u00ebsues t\u00eb klubeve t\u00eb ndryshme dhe tenist\u00ebve n\u00eb vend. Konkretisht ai ishte i pranish\u00ebm n\u00eb klubet respektive t\u00eb qyteteve si Tirana, Kor\u00e7a, Vlora dhe Shkodra, duke par\u00eb nga af\u00ebr zhvillimet e arrituara, lojtar\u00ebt m\u00eb t\u00eb talentuar, por edhe duke diskutuar problematikat q\u00eb has \u00e7do klub dhe federata si dhe projektet p\u00ebr t\u00eb ardhmen. P\u00ebr Cabral ishte hera e par\u00eb p\u00ebr t\u00eb n\u00eb disa prej k\u00ebtyre qyteteve, ku n\u00eb qytetin e Kor\u00e7\u00ebs realizoi nj\u00eb takim me kryebashkiakun Sotiraq Filo ku u bisedua p\u00ebr q\u00ebllimet e k\u00ebsaj bashkie n\u00eb t\u00eb mir\u00eb t\u00eb zhvillimit t\u00eb m\u00ebtejsh\u00ebm t\u00eb tenisit n\u00eb Kor\u00e7\u00eb. Gjat\u00eb kthimit nga Kor\u00e7a, Vitor Cabral gjati koh\u00ebn t\u00eb ndaloj\u00eb n\u00eb Pogradec n\u00eb nj\u00eb takim me zv.Kryetaren e Bashkis\u00eb Entela Gusho dhe p\u00ebrfaq\u00ebsues t\u00eb tjer\u00eb t\u00eb k\u00ebsaj bashkie. Nd\u00ebr t\u00eb tjera n\u00eb k\u00ebt\u00eb takim u diskutua rreth infrastruktur\u00ebs s\u00eb tenisit n\u00eb qytet si element ky\u00e7 p\u00ebr zhvillimin e k\u00ebtij sporti. Vitor Cabral largohet me p\u00ebrshtypjet m\u00eb t\u00eb mira nga Shqip\u00ebria dhe me synime t\u00eb reja bashk\u00ebpunimi mes Federat\u00ebs Nd\u00ebrkomb\u00ebtare t\u00eb Tenisit dhe federat\u00ebs son\u00eb.\" \/>\n<meta property=\"og:url\" content=\"https:\/\/albaniantennis.com\/en\/vitor-cabral-ne-shqiperi-zhvillohet-itf-parents-workshop-level-1\/\" \/>\n<meta property=\"og:site_name\" content=\"Federata Shqiptare e Tenisit\" \/>\n<meta property=\"article:published_time\" content=\"2023-06-11T14:02:55+00:00\" \/>\n<meta property=\"og:image\" content=\"https:\/\/albaniantennis.com\/wp-content\/uploads\/2023\/06\/352565564_2134047563467629_3549907603705876841_n.jpg\" \/>\n\t<meta property=\"og:image:width\" content=\"1440\" \/>\n\t<meta property=\"og:image:height\" content=\"841\" \/>\n\t<meta property=\"og:image:type\" content=\"image\/jpeg\" \/>\n<meta name=\"author\" content=\"Klaus Bardeli\" \/>\n<meta name=\"twitter:card\" content=\"summary_large_image\" \/>\n<meta name=\"twitter:label1\" content=\"Written by\" \/>\n\t<meta name=\"twitter:data1\" content=\"Klaus Bardeli\" \/>\n\t<meta name=\"twitter:label2\" content=\"Est. reading time\" \/>\n\t<meta name=\"twitter:data2\" content=\"2 minutes\" \/>\n<script type=\"application\/ld+json\" class=\"yoast-schema-graph\">{\"@context\":\"https:\\\/\\\/schema.org\",\"@graph\":[{\"@type\":\"Article\",\"@id\":\"https:\\\/\\\/albaniantennis.com\\\/vitor-cabral-ne-shqiperi-zhvillohet-itf-parents-workshop-level-1\\\/#article\",\"isPartOf\":{\"@id\":\"https:\\\/\\\/albaniantennis.com\\\/vitor-cabral-ne-shqiperi-zhvillohet-itf-parents-workshop-level-1\\\/\"},\"author\":{\"name\":\"Klaus Bardeli\",\"@id\":\"https:\\\/\\\/albaniantennis.com\\\/#\\\/schema\\\/person\\\/6fa460f218c0ed8800448dcf025b86e5\"},\"headline\":\"Vitor Cabral n\u00eb Shqip\u00ebri. Zhvillohet &#8220;ITF Parents Workshop Level 1&#8221;\",\"datePublished\":\"2023-06-11T14:02:55+00:00\",\"mainEntityOfPage\":{\"@id\":\"https:\\\/\\\/albaniantennis.com\\\/vitor-cabral-ne-shqiperi-zhvillohet-itf-parents-workshop-level-1\\\/\"},\"wordCount\":340,\"publisher\":{\"@id\":\"https:\\\/\\\/albaniantennis.com\\\/#organization\"},\"image\":{\"@id\":\"https:\\\/\\\/albaniantennis.com\\\/vitor-cabral-ne-shqiperi-zhvillohet-itf-parents-workshop-level-1\\\/#primaryimage\"},\"thumbnailUrl\":\"https:\\\/\\\/albaniantennis.com\\\/wp-content\\\/uploads\\\/2023\\\/06\\\/352565564_2134047563467629_3549907603705876841_n.jpg\",\"keywords\":[\"2023\",\"albania\",\"albaniantennisfederation\",\"federatashqiptareetenisit\",\"FerdinandSulo\",\"fsht\",\"InternationalTennisFederation\",\"itf\",\"ITF Development Officer Europe\",\"ITF Parents Workshop Level 1\",\"klausbardeli\",\"kor\u00e7a\",\"officials\",\"players\",\"Pogradec\",\"shkodra\",\"shqip\u00ebri\",\"tennis\",\"tirana\",\"VitorCabral\",\"Vlora\"],\"articleSection\":[\"Lajme\",\"Lojtare\",\"Trajner\u00ebt\"],\"inLanguage\":\"en-US\"},{\"@type\":\"WebPage\",\"@id\":\"https:\\\/\\\/albaniantennis.com\\\/vitor-cabral-ne-shqiperi-zhvillohet-itf-parents-workshop-level-1\\\/\",\"url\":\"https:\\\/\\\/albaniantennis.com\\\/vitor-cabral-ne-shqiperi-zhvillohet-itf-parents-workshop-level-1\\\/\",\"name\":\"Vitor Cabral n\u00eb Shqip\u00ebri. Zhvillohet \\\"ITF Parents Workshop Level 1\\\" &#8212; Federata Shqiptare e Tenisit\",\"isPartOf\":{\"@id\":\"https:\\\/\\\/albaniantennis.com\\\/#website\"},\"primaryImageOfPage\":{\"@id\":\"https:\\\/\\\/albaniantennis.com\\\/vitor-cabral-ne-shqiperi-zhvillohet-itf-parents-workshop-level-1\\\/#primaryimage\"},\"image\":{\"@id\":\"https:\\\/\\\/albaniantennis.com\\\/vitor-cabral-ne-shqiperi-zhvillohet-itf-parents-workshop-level-1\\\/#primaryimage\"},\"thumbnailUrl\":\"https:\\\/\\\/albaniantennis.com\\\/wp-content\\\/uploads\\\/2023\\\/06\\\/352565564_2134047563467629_3549907603705876841_n.jpg\",\"datePublished\":\"2023-06-11T14:02:55+00:00\",\"breadcrumb\":{\"@id\":\"https:\\\/\\\/albaniantennis.com\\\/vitor-cabral-ne-shqiperi-zhvillohet-itf-parents-workshop-level-1\\\/#breadcrumb\"},\"inLanguage\":\"en-US\",\"potentialAction\":[{\"@type\":\"ReadAction\",\"target\":[\"https:\\\/\\\/albaniantennis.com\\\/vitor-cabral-ne-shqiperi-zhvillohet-itf-parents-workshop-level-1\\\/\"]}]},{\"@type\":\"ImageObject\",\"inLanguage\":\"en-US\",\"@id\":\"https:\\\/\\\/albaniantennis.com\\\/vitor-cabral-ne-shqiperi-zhvillohet-itf-parents-workshop-level-1\\\/#primaryimage\",\"url\":\"https:\\\/\\\/albaniantennis.com\\\/wp-content\\\/uploads\\\/2023\\\/06\\\/352565564_2134047563467629_3549907603705876841_n.jpg\",\"contentUrl\":\"https:\\\/\\\/albaniantennis.com\\\/wp-content\\\/uploads\\\/2023\\\/06\\\/352565564_2134047563467629_3549907603705876841_n.jpg\",\"width\":1440,\"height\":841},{\"@type\":\"BreadcrumbList\",\"@id\":\"https:\\\/\\\/albaniantennis.com\\\/vitor-cabral-ne-shqiperi-zhvillohet-itf-parents-workshop-level-1\\\/#breadcrumb\",\"itemListElement\":[{\"@type\":\"ListItem\",\"position\":1,\"name\":\"Home\",\"item\":\"https:\\\/\\\/albaniantennis.com\\\/\"},{\"@type\":\"ListItem\",\"position\":2,\"name\":\"Vitor Cabral n\u00eb Shqip\u00ebri. Zhvillohet &#8220;ITF Parents Workshop Level 1&#8221;\"}]},{\"@type\":\"WebSite\",\"@id\":\"https:\\\/\\\/albaniantennis.com\\\/#website\",\"url\":\"https:\\\/\\\/albaniantennis.com\\\/\",\"name\":\"Federata Shqiptare e Tenisit\",\"description\":\"Federata Shqiptare e Tenisit\",\"publisher\":{\"@id\":\"https:\\\/\\\/albaniantennis.com\\\/#organization\"},\"potentialAction\":[{\"@type\":\"SearchAction\",\"target\":{\"@type\":\"EntryPoint\",\"urlTemplate\":\"https:\\\/\\\/albaniantennis.com\\\/?s={search_term_string}\"},\"query-input\":{\"@type\":\"PropertyValueSpecification\",\"valueRequired\":true,\"valueName\":\"search_term_string\"}}],\"inLanguage\":\"en-US\"},{\"@type\":\"Organization\",\"@id\":\"https:\\\/\\\/albaniantennis.com\\\/#organization\",\"name\":\"Federata Shqip\u00ebtare e Tenisit\",\"url\":\"https:\\\/\\\/albaniantennis.com\\\/\",\"logo\":{\"@type\":\"ImageObject\",\"inLanguage\":\"en-US\",\"@id\":\"https:\\\/\\\/albaniantennis.com\\\/#\\\/schema\\\/logo\\\/image\\\/\",\"url\":\"https:\\\/\\\/albaniantennis.com\\\/wp-content\\\/uploads\\\/2022\\\/03\\\/Logo.png\",\"contentUrl\":\"https:\\\/\\\/albaniantennis.com\\\/wp-content\\\/uploads\\\/2022\\\/03\\\/Logo.png\",\"width\":473,\"height\":400,\"caption\":\"Federata Shqip\u00ebtare e Tenisit\"},\"image\":{\"@id\":\"https:\\\/\\\/albaniantennis.com\\\/#\\\/schema\\\/logo\\\/image\\\/\"}},{\"@type\":\"Person\",\"@id\":\"https:\\\/\\\/albaniantennis.com\\\/#\\\/schema\\\/person\\\/6fa460f218c0ed8800448dcf025b86e5\",\"name\":\"Klaus Bardeli\",\"image\":{\"@type\":\"ImageObject\",\"inLanguage\":\"en-US\",\"@id\":\"https:\\\/\\\/secure.gravatar.com\\\/avatar\\\/294dce01b4cf43b267750000becaa1f5eb79a5971757ba9256e0bad4a9a4c807?s=96&d=mm&r=g\",\"url\":\"https:\\\/\\\/secure.gravatar.com\\\/avatar\\\/294dce01b4cf43b267750000becaa1f5eb79a5971757ba9256e0bad4a9a4c807?s=96&d=mm&r=g\",\"contentUrl\":\"https:\\\/\\\/secure.gravatar.com\\\/avatar\\\/294dce01b4cf43b267750000becaa1f5eb79a5971757ba9256e0bad4a9a4c807?s=96&d=mm&r=g\",\"caption\":\"Klaus Bardeli\"},\"url\":\"https:\\\/\\\/albaniantennis.com\\\/en\\\/author\\\/klausi\\\/\"}]}<\/script>\n<!-- \/ Yoast SEO plugin. -->","yoast_head_json":{"title":"Vitor Cabral n\u00eb Shqip\u00ebri. Zhvillohet \"ITF Parents Workshop Level 1\" &#8212; Federata Shqiptare e Tenisit","robots":{"index":"index","follow":"follow","max-snippet":"max-snippet:-1","max-image-preview":"max-image-preview:large","max-video-preview":"max-video-preview:-1"},"canonical":"https:\/\/albaniantennis.com\/en\/vitor-cabral-ne-shqiperi-zhvillohet-itf-parents-workshop-level-1\/","og_locale":"en_US","og_type":"article","og_title":"Vitor Cabral n\u00eb Shqip\u00ebri. Zhvillohet \"ITF Parents Workshop Level 1\" &#8212; Federata Shqiptare e Tenisit","og_description":"Fillimi i k\u00ebtij muaji sh\u00ebnoi vizit\u00ebn e p\u00ebrfaq\u00ebsuesit t\u00eb Federat\u00ebs Bot\u00ebrore t\u00eb Tenisit, Vitor Cabral (ITF Development Officer Europe). Vitor Cabral organizoi kursin p\u00ebr t\u00eb gjith\u00eb prind\u00ebrit q\u00eb kan\u00eb f\u00ebmij\u00eb t\u00eb angazhuar n\u00eb sportin e tenisit n\u00eb Shqip\u00ebri &#8220;ITF Parents Workshop Level 1&#8221; n\u00eb &#8220;National Sport Park&#8221; n\u00eb Tiran\u00eb. Bashk\u00eb me njohurit\u00eb e prezantuara dhe diskutimet n\u00eb k\u00ebt\u00eb kurs prind\u00ebrit u njoh\u00ebn me platform\u00ebn online t\u00eb Federat\u00ebs Nd\u00ebrkomb\u00ebtare t\u00eb Tenisit (ITF Academy), ku mund t\u00eb gjejn\u00eb informacione dhe kurse t\u00eb vlefshme p\u00ebrgjat\u00eb gjith\u00eb vitit. Gjat\u00eb vizit\u00ebs s\u00eb tij n\u00eb Shqip\u00ebri, Vitor Cabral krijoi mund\u00ebsin\u00eb e takimit me p\u00ebrfaq\u00ebsues t\u00eb klubeve t\u00eb ndryshme dhe tenist\u00ebve n\u00eb vend. Konkretisht ai ishte i pranish\u00ebm n\u00eb klubet respektive t\u00eb qyteteve si Tirana, Kor\u00e7a, Vlora dhe Shkodra, duke par\u00eb nga af\u00ebr zhvillimet e arrituara, lojtar\u00ebt m\u00eb t\u00eb talentuar, por edhe duke diskutuar problematikat q\u00eb has \u00e7do klub dhe federata si dhe projektet p\u00ebr t\u00eb ardhmen. P\u00ebr Cabral ishte hera e par\u00eb p\u00ebr t\u00eb n\u00eb disa prej k\u00ebtyre qyteteve, ku n\u00eb qytetin e Kor\u00e7\u00ebs realizoi nj\u00eb takim me kryebashkiakun Sotiraq Filo ku u bisedua p\u00ebr q\u00ebllimet e k\u00ebsaj bashkie n\u00eb t\u00eb mir\u00eb t\u00eb zhvillimit t\u00eb m\u00ebtejsh\u00ebm t\u00eb tenisit n\u00eb Kor\u00e7\u00eb. Gjat\u00eb kthimit nga Kor\u00e7a, Vitor Cabral gjati koh\u00ebn t\u00eb ndaloj\u00eb n\u00eb Pogradec n\u00eb nj\u00eb takim me zv.Kryetaren e Bashkis\u00eb Entela Gusho dhe p\u00ebrfaq\u00ebsues t\u00eb tjer\u00eb t\u00eb k\u00ebsaj bashkie. Nd\u00ebr t\u00eb tjera n\u00eb k\u00ebt\u00eb takim u diskutua rreth infrastruktur\u00ebs s\u00eb tenisit n\u00eb qytet si element ky\u00e7 p\u00ebr zhvillimin e k\u00ebtij sporti. Vitor Cabral largohet me p\u00ebrshtypjet m\u00eb t\u00eb mira nga Shqip\u00ebria dhe me synime t\u00eb reja bashk\u00ebpunimi mes Federat\u00ebs Nd\u00ebrkomb\u00ebtare t\u00eb Tenisit dhe federat\u00ebs son\u00eb.","og_url":"https:\/\/albaniantennis.com\/en\/vitor-cabral-ne-shqiperi-zhvillohet-itf-parents-workshop-level-1\/","og_site_name":"Federata Shqiptare e Tenisit","article_published_time":"2023-06-11T14:02:55+00:00","og_image":[{"width":1440,"height":841,"url":"https:\/\/albaniantennis.com\/wp-content\/uploads\/2023\/06\/352565564_2134047563467629_3549907603705876841_n.jpg","type":"image\/jpeg"}],"author":"Klaus Bardeli","twitter_card":"summary_large_image","twitter_misc":{"Written by":"Klaus Bardeli","Est. reading time":"2 minutes"},"schema":{"@context":"https:\/\/schema.org","@graph":[{"@type":"Article","@id":"https:\/\/albaniantennis.com\/vitor-cabral-ne-shqiperi-zhvillohet-itf-parents-workshop-level-1\/#article","isPartOf":{"@id":"https:\/\/albaniantennis.com\/vitor-cabral-ne-shqiperi-zhvillohet-itf-parents-workshop-level-1\/"},"author":{"name":"Klaus Bardeli","@id":"https:\/\/albaniantennis.com\/#\/schema\/person\/6fa460f218c0ed8800448dcf025b86e5"},"headline":"Vitor Cabral n\u00eb Shqip\u00ebri. Zhvillohet &#8220;ITF Parents Workshop Level 1&#8221;","datePublished":"2023-06-11T14:02:55+00:00","mainEntityOfPage":{"@id":"https:\/\/albaniantennis.com\/vitor-cabral-ne-shqiperi-zhvillohet-itf-parents-workshop-level-1\/"},"wordCount":340,"publisher":{"@id":"https:\/\/albaniantennis.com\/#organization"},"image":{"@id":"https:\/\/albaniantennis.com\/vitor-cabral-ne-shqiperi-zhvillohet-itf-parents-workshop-level-1\/#primaryimage"},"thumbnailUrl":"https:\/\/albaniantennis.com\/wp-content\/uploads\/2023\/06\/352565564_2134047563467629_3549907603705876841_n.jpg","keywords":["2023","albania","albaniantennisfederation","federatashqiptareetenisit","FerdinandSulo","fsht","InternationalTennisFederation","itf","ITF Development Officer Europe","ITF Parents Workshop Level 1","klausbardeli","kor\u00e7a","officials","players","Pogradec","shkodra","shqip\u00ebri","tennis","tirana","VitorCabral","Vlora"],"articleSection":["Lajme","Lojtare","Trajner\u00ebt"],"inLanguage":"en-US"},{"@type":"WebPage","@id":"https:\/\/albaniantennis.com\/vitor-cabral-ne-shqiperi-zhvillohet-itf-parents-workshop-level-1\/","url":"https:\/\/albaniantennis.com\/vitor-cabral-ne-shqiperi-zhvillohet-itf-parents-workshop-level-1\/","name":"Vitor Cabral n\u00eb Shqip\u00ebri. Zhvillohet \"ITF Parents Workshop Level 1\" &#8212; Federata Shqiptare e Tenisit","isPartOf":{"@id":"https:\/\/albaniantennis.com\/#website"},"primaryImageOfPage":{"@id":"https:\/\/albaniantennis.com\/vitor-cabral-ne-shqiperi-zhvillohet-itf-parents-workshop-level-1\/#primaryimage"},"image":{"@id":"https:\/\/albaniantennis.com\/vitor-cabral-ne-shqiperi-zhvillohet-itf-parents-workshop-level-1\/#primaryimage"},"thumbnailUrl":"https:\/\/albaniantennis.com\/wp-content\/uploads\/2023\/06\/352565564_2134047563467629_3549907603705876841_n.jpg","datePublished":"2023-06-11T14:02:55+00:00","breadcrumb":{"@id":"https:\/\/albaniantennis.com\/vitor-cabral-ne-shqiperi-zhvillohet-itf-parents-workshop-level-1\/#breadcrumb"},"inLanguage":"en-US","potentialAction":[{"@type":"ReadAction","target":["https:\/\/albaniantennis.com\/vitor-cabral-ne-shqiperi-zhvillohet-itf-parents-workshop-level-1\/"]}]},{"@type":"ImageObject","inLanguage":"en-US","@id":"https:\/\/albaniantennis.com\/vitor-cabral-ne-shqiperi-zhvillohet-itf-parents-workshop-level-1\/#primaryimage","url":"https:\/\/albaniantennis.com\/wp-content\/uploads\/2023\/06\/352565564_2134047563467629_3549907603705876841_n.jpg","contentUrl":"https:\/\/albaniantennis.com\/wp-content\/uploads\/2023\/06\/352565564_2134047563467629_3549907603705876841_n.jpg","width":1440,"height":841},{"@type":"BreadcrumbList","@id":"https:\/\/albaniantennis.com\/vitor-cabral-ne-shqiperi-zhvillohet-itf-parents-workshop-level-1\/#breadcrumb","itemListElement":[{"@type":"ListItem","position":1,"name":"Home","item":"https:\/\/albaniantennis.com\/"},{"@type":"ListItem","position":2,"name":"Vitor Cabral n\u00eb Shqip\u00ebri. Zhvillohet &#8220;ITF Parents Workshop Level 1&#8221;"}]},{"@type":"WebSite","@id":"https:\/\/albaniantennis.com\/#website","url":"https:\/\/albaniantennis.com\/","name":"Federata Shqiptare e Tenisit","description":"Federata Shqiptare e Tenisit","publisher":{"@id":"https:\/\/albaniantennis.com\/#organization"},"potentialAction":[{"@type":"SearchAction","target":{"@type":"EntryPoint","urlTemplate":"https:\/\/albaniantennis.com\/?s={search_term_string}"},"query-input":{"@type":"PropertyValueSpecification","valueRequired":true,"valueName":"search_term_string"}}],"inLanguage":"en-US"},{"@type":"Organization","@id":"https:\/\/albaniantennis.com\/#organization","name":"Federata Shqip\u00ebtare e Tenisit","url":"https:\/\/albaniantennis.com\/","logo":{"@type":"ImageObject","inLanguage":"en-US","@id":"https:\/\/albaniantennis.com\/#\/schema\/logo\/image\/","url":"https:\/\/albaniantennis.com\/wp-content\/uploads\/2022\/03\/Logo.png","contentUrl":"https:\/\/albaniantennis.com\/wp-content\/uploads\/2022\/03\/Logo.png","width":473,"height":400,"caption":"Federata Shqip\u00ebtare e Tenisit"},"image":{"@id":"https:\/\/albaniantennis.com\/#\/schema\/logo\/image\/"}},{"@type":"Person","@id":"https:\/\/albaniantennis.com\/#\/schema\/person\/6fa460f218c0ed8800448dcf025b86e5","name":"Klaus Bardeli","image":{"@type":"ImageObject","inLanguage":"en-US","@id":"https:\/\/secure.gravatar.com\/avatar\/294dce01b4cf43b267750000becaa1f5eb79a5971757ba9256e0bad4a9a4c807?s=96&d=mm&r=g","url":"https:\/\/secure.gravatar.com\/avatar\/294dce01b4cf43b267750000becaa1f5eb79a5971757ba9256e0bad4a9a4c807?s=96&d=mm&r=g","contentUrl":"https:\/\/secure.gravatar.com\/avatar\/294dce01b4cf43b267750000becaa1f5eb79a5971757ba9256e0bad4a9a4c807?s=96&d=mm&r=g","caption":"Klaus Bardeli"},"url":"https:\/\/albaniantennis.com\/en\/author\/klausi\/"}]}},"_links":{"self":[{"href":"https:\/\/albaniantennis.com\/en\/wp-json\/wp\/v2\/posts\/4244","targetHints":{"allow":["GET"]}}],"collection":[{"href":"https:\/\/albaniantennis.com\/en\/wp-json\/wp\/v2\/posts"}],"about":[{"href":"https:\/\/albaniantennis.com\/en\/wp-json\/wp\/v2\/types\/post"}],"author":[{"embeddable":true,"href":"https:\/\/albaniantennis.com\/en\/wp-json\/wp\/v2\/users\/2"}],"replies":[{"embeddable":true,"href":"https:\/\/albaniantennis.com\/en\/wp-json\/wp\/v2\/comments?post=4244"}],"version-history":[{"count":1,"href":"https:\/\/albaniantennis.com\/en\/wp-json\/wp\/v2\/posts\/4244\/revisions"}],"predecessor-version":[{"id":4255,"href":"https:\/\/albaniantennis.com\/en\/wp-json\/wp\/v2\/posts\/4244\/revisions\/4255"}],"wp:featuredmedia":[{"embeddable":true,"href":"https:\/\/albaniantennis.com\/en\/wp-json\/wp\/v2\/media\/4252"}],"wp:attachment":[{"href":"https:\/\/albaniantennis.com\/en\/wp-json\/wp\/v2\/media?parent=4244"}],"wp:term":[{"taxonomy":"category","embeddable":true,"href":"https:\/\/albaniantennis.com\/en\/wp-json\/wp\/v2\/categories?post=4244"},{"taxonomy":"post_tag","embeddable":true,"href":"https:\/\/albaniantennis.com\/en\/wp-json\/wp\/v2\/tags?post=4244"}],"curies":[{"name":"wp","href":"https:\/\/api.w.org\/{rel}","templated":true}]}}