{"id":3837,"date":"2023-02-25T11:25:27","date_gmt":"2023-02-25T11:25:27","guid":{"rendered":"https:\/\/albaniantennis.com\/?p=3837"},"modified":"2023-02-25T11:25:27","modified_gmt":"2023-02-25T11:25:27","slug":"gresi-bajri-gjysmefinaliste-ne-luksemburg-j60-esch-alzette-itf-junior-tour-u18-doubles","status":"publish","type":"post","link":"https:\/\/albaniantennis.com\/en\/gresi-bajri-gjysmefinaliste-ne-luksemburg-j60-esch-alzette-itf-junior-tour-u18-doubles\/","title":{"rendered":"Gresi Bajri gjysm\u00ebfinaliste n\u00eb Luksemburg &#8220;J60 Esch-Alzette ITF Junior Tour&#8221; U18 Doubles"},"content":{"rendered":"<p>Gresi Bajri kalon n\u00eb gjysm\u00ebfinale Doubles n\u00eb turneun nd\u00ebrkomb\u00ebtar t\u00eb tenisit n\u00eb Luksemburg &#8220;J60 Esch-Alzette ITF Junior Tour&#8221; p\u00ebr kategorin\u00eb U18.<br \/>\nN\u00eb dyshe me kolegen e saj nga Ukraina Sofiia Mykhailets, Gresi arrin t\u00eb mposht\u00eb me rezultatin \u00a06-2, 4-6, 10-7 dyshen nga Belgjika Eline Bex dhe Katarina Kujovic, mbart\u00ebset e 4-ta t\u00eb turneut. Gjithashtu arrin t\u00eb fitoj\u00eb edhe p\u00ebrballjen e rradh\u00ebs duke siguruar gjysm\u00ebfinalen. I urojm\u00eb shum\u00eb suksese tenistes shqiptare, Gresi Bajri n\u00eb \u00e7erekfinalen doubles t\u00eb k\u00ebtij turneu t\u00eb fort\u00eb!<\/p>\n<div class=\"rl-gallery-container\" id=\"rl-gallery-container-1\" data-gallery_id=\"0\"> <div class=\"rl-gallery rl-basicmasonry-gallery\" id=\"rl-gallery-1\" data-gallery_no=\"1\"> <div class=\"rl-gutter-sizer\"><\/div><div class=\"rl-grid-sizer\"><\/div> <div class=\"rl-gallery-item rl-gallery-item-width-4\" > <div class=\"rl-gallery-item-content\"> <a href=\"https:\/\/albaniantennis.com\/wp-content\/uploads\/2023\/02\/332749760_755402206013035_4226703370659790999_n.jpg\" title=\"\" data-rl_title=\"\" class=\"rl-gallery-link\" data-rl_caption=\"\" data-rel=\"lightbox-gallery-1\"><img fetchpriority=\"high\" decoding=\"async\" src=\"https:\/\/albaniantennis.com\/wp-content\/uploads\/2023\/02\/332749760_755402206013035_4226703370659790999_n-300x300.jpg\" width=\"300\" height=\"300\" alt=\"\" \/><\/a> <\/div> <\/div> <div class=\"rl-gallery-item\" > <div class=\"rl-gallery-item-content\"> <a href=\"https:\/\/albaniantennis.com\/wp-content\/uploads\/2023\/02\/332707063_3426761217567468_5079477009166622719_n.jpg\" title=\"\" data-rl_title=\"\" class=\"rl-gallery-link\" data-rl_caption=\"\" data-rel=\"lightbox-gallery-1\"><img decoding=\"async\" src=\"https:\/\/albaniantennis.com\/wp-content\/uploads\/2023\/02\/332707063_3426761217567468_5079477009166622719_n-300x300.jpg\" width=\"300\" height=\"300\" alt=\"\" \/><\/a> <\/div> <\/div> <\/div> <\/div>","protected":false},"excerpt":{"rendered":"<p>Gresi Bajri kalon n\u00eb gjysm\u00ebfinale Doubles n\u00eb turneun nd\u00ebrkomb\u00ebtar t\u00eb tenisit n\u00eb Luksemburg &#8220;J60 Esch-Alzette ITF Junior Tour&#8221; p\u00ebr kategorin\u00eb U18. N\u00eb dyshe me kolegen e saj nga Ukraina Sofiia Mykhailets, Gresi arrin t\u00eb mposht\u00eb me rezultatin \u00a06-2, 4-6, 10-7 dyshen nga Belgjika Eline Bex dhe Katarina Kujovic, mbart\u00ebset e 4-ta t\u00eb turneut. Gjithashtu arrin t\u00eb fitoj\u00eb edhe p\u00ebrballjen e rradh\u00ebs duke siguruar gjysm\u00ebfinalen. I urojm\u00eb shum\u00eb suksese tenistes shqiptare, Gresi Bajri n\u00eb \u00e7erekfinalen doubles t\u00eb k\u00ebtij turneu t\u00eb fort\u00eb!<\/p>","protected":false},"author":2,"featured_media":3840,"comment_status":"closed","ping_status":"open","sticky":false,"template":"","format":"standard","meta":{"_eb_attr":"","pgc_sgb_lightbox_settings":"","footnotes":""},"categories":[11,4],"tags":[276,28,37,20,55,280,47,148,155,14,281,42,85,51],"class_list":["post-3837","post","type-post","status-publish","format-standard","has-post-thumbnail","hentry","category-lajme","category-turne","tag-276","tag-fsht","tag-gresi-bajri","tag-itf","tag-juniors","tag-luxembourg","tag-players","tag-shqiperi","tag-tenis","tag-tennis","tag-tour","tag-tournament","tag-u18","tag-winners"],"yoast_head":"<!-- This site is optimized with the Yoast SEO plugin v27.4 - https:\/\/yoast.com\/product\/yoast-seo-wordpress\/ -->\n<title>Gresi Bajri gjysm\u00ebfinaliste n\u00eb Luksemburg &quot;J60 Esch-Alzette ITF Junior Tour&quot; U18 Doubles &#8212; Federata Shqiptare e Tenisit<\/title>\n<meta name=\"robots\" content=\"index, follow, max-snippet:-1, max-image-preview:large, max-video-preview:-1\" \/>\n<link rel=\"canonical\" href=\"https:\/\/albaniantennis.com\/en\/gresi-bajri-gjysmefinaliste-ne-luksemburg-j60-esch-alzette-itf-junior-tour-u18-doubles\/\" \/>\n<meta property=\"og:locale\" content=\"en_US\" \/>\n<meta property=\"og:type\" content=\"article\" \/>\n<meta property=\"og:title\" content=\"Gresi Bajri gjysm\u00ebfinaliste n\u00eb Luksemburg &quot;J60 Esch-Alzette ITF Junior Tour&quot; U18 Doubles &#8212; Federata Shqiptare e Tenisit\" \/>\n<meta property=\"og:description\" content=\"Gresi Bajri kalon n\u00eb gjysm\u00ebfinale Doubles n\u00eb turneun nd\u00ebrkomb\u00ebtar t\u00eb tenisit n\u00eb Luksemburg &#8220;J60 Esch-Alzette ITF Junior Tour&#8221; p\u00ebr kategorin\u00eb U18. N\u00eb dyshe me kolegen e saj nga Ukraina Sofiia Mykhailets, Gresi arrin t\u00eb mposht\u00eb me rezultatin \u00a06-2, 4-6, 10-7 dyshen nga Belgjika Eline Bex dhe Katarina Kujovic, mbart\u00ebset e 4-ta t\u00eb turneut. Gjithashtu arrin t\u00eb fitoj\u00eb edhe p\u00ebrballjen e rradh\u00ebs duke siguruar gjysm\u00ebfinalen. I urojm\u00eb shum\u00eb suksese tenistes shqiptare, Gresi Bajri n\u00eb \u00e7erekfinalen doubles t\u00eb k\u00ebtij turneu t\u00eb fort\u00eb!\" \/>\n<meta property=\"og:url\" content=\"https:\/\/albaniantennis.com\/en\/gresi-bajri-gjysmefinaliste-ne-luksemburg-j60-esch-alzette-itf-junior-tour-u18-doubles\/\" \/>\n<meta property=\"og:site_name\" content=\"Federata Shqiptare e Tenisit\" \/>\n<meta property=\"article:published_time\" content=\"2023-02-25T11:25:27+00:00\" \/>\n<meta property=\"og:image\" content=\"https:\/\/albaniantennis.com\/wp-content\/uploads\/2023\/02\/332707063_3426761217567468_5079477009166622719_n-1.jpg\" \/>\n\t<meta property=\"og:image:width\" content=\"630\" \/>\n\t<meta property=\"og:image:height\" content=\"353\" \/>\n\t<meta property=\"og:image:type\" content=\"image\/jpeg\" \/>\n<meta name=\"author\" content=\"Klaus Bardeli\" \/>\n<meta name=\"twitter:card\" content=\"summary_large_image\" \/>\n<meta name=\"twitter:label1\" content=\"Written by\" \/>\n\t<meta name=\"twitter:data1\" content=\"Klaus Bardeli\" \/>\n\t<meta name=\"twitter:label2\" content=\"Est. reading time\" \/>\n\t<meta name=\"twitter:data2\" content=\"1 minute\" \/>\n<script type=\"application\/ld+json\" class=\"yoast-schema-graph\">{\"@context\":\"https:\\\/\\\/schema.org\",\"@graph\":[{\"@type\":\"Article\",\"@id\":\"https:\\\/\\\/albaniantennis.com\\\/gresi-bajri-gjysmefinaliste-ne-luksemburg-j60-esch-alzette-itf-junior-tour-u18-doubles\\\/#article\",\"isPartOf\":{\"@id\":\"https:\\\/\\\/albaniantennis.com\\\/gresi-bajri-gjysmefinaliste-ne-luksemburg-j60-esch-alzette-itf-junior-tour-u18-doubles\\\/\"},\"author\":{\"name\":\"Klaus Bardeli\",\"@id\":\"https:\\\/\\\/albaniantennis.com\\\/#\\\/schema\\\/person\\\/6fa460f218c0ed8800448dcf025b86e5\"},\"headline\":\"Gresi Bajri gjysm\u00ebfinaliste n\u00eb Luksemburg &#8220;J60 Esch-Alzette ITF Junior Tour&#8221; U18 Doubles\",\"datePublished\":\"2023-02-25T11:25:27+00:00\",\"mainEntityOfPage\":{\"@id\":\"https:\\\/\\\/albaniantennis.com\\\/gresi-bajri-gjysmefinaliste-ne-luksemburg-j60-esch-alzette-itf-junior-tour-u18-doubles\\\/\"},\"wordCount\":108,\"publisher\":{\"@id\":\"https:\\\/\\\/albaniantennis.com\\\/#organization\"},\"image\":{\"@id\":\"https:\\\/\\\/albaniantennis.com\\\/gresi-bajri-gjysmefinaliste-ne-luksemburg-j60-esch-alzette-itf-junior-tour-u18-doubles\\\/#primaryimage\"},\"thumbnailUrl\":\"https:\\\/\\\/albaniantennis.com\\\/wp-content\\\/uploads\\\/2023\\\/02\\\/332707063_3426761217567468_5079477009166622719_n-1.jpg\",\"keywords\":[\"2023\",\"fsht\",\"gresi bajri\",\"itf\",\"juniors\",\"luxembourg\",\"players\",\"shqip\u00ebri\",\"Tenis\",\"tennis\",\"tour\",\"tournament\",\"u18\",\"winners\"],\"articleSection\":[\"Lajme\",\"Turne\"],\"inLanguage\":\"en-US\"},{\"@type\":\"WebPage\",\"@id\":\"https:\\\/\\\/albaniantennis.com\\\/gresi-bajri-gjysmefinaliste-ne-luksemburg-j60-esch-alzette-itf-junior-tour-u18-doubles\\\/\",\"url\":\"https:\\\/\\\/albaniantennis.com\\\/gresi-bajri-gjysmefinaliste-ne-luksemburg-j60-esch-alzette-itf-junior-tour-u18-doubles\\\/\",\"name\":\"Gresi Bajri gjysm\u00ebfinaliste n\u00eb Luksemburg \\\"J60 Esch-Alzette ITF Junior Tour\\\" U18 Doubles &#8212; Federata Shqiptare e Tenisit\",\"isPartOf\":{\"@id\":\"https:\\\/\\\/albaniantennis.com\\\/#website\"},\"primaryImageOfPage\":{\"@id\":\"https:\\\/\\\/albaniantennis.com\\\/gresi-bajri-gjysmefinaliste-ne-luksemburg-j60-esch-alzette-itf-junior-tour-u18-doubles\\\/#primaryimage\"},\"image\":{\"@id\":\"https:\\\/\\\/albaniantennis.com\\\/gresi-bajri-gjysmefinaliste-ne-luksemburg-j60-esch-alzette-itf-junior-tour-u18-doubles\\\/#primaryimage\"},\"thumbnailUrl\":\"https:\\\/\\\/albaniantennis.com\\\/wp-content\\\/uploads\\\/2023\\\/02\\\/332707063_3426761217567468_5079477009166622719_n-1.jpg\",\"datePublished\":\"2023-02-25T11:25:27+00:00\",\"breadcrumb\":{\"@id\":\"https:\\\/\\\/albaniantennis.com\\\/gresi-bajri-gjysmefinaliste-ne-luksemburg-j60-esch-alzette-itf-junior-tour-u18-doubles\\\/#breadcrumb\"},\"inLanguage\":\"en-US\",\"potentialAction\":[{\"@type\":\"ReadAction\",\"target\":[\"https:\\\/\\\/albaniantennis.com\\\/gresi-bajri-gjysmefinaliste-ne-luksemburg-j60-esch-alzette-itf-junior-tour-u18-doubles\\\/\"]}]},{\"@type\":\"ImageObject\",\"inLanguage\":\"en-US\",\"@id\":\"https:\\\/\\\/albaniantennis.com\\\/gresi-bajri-gjysmefinaliste-ne-luksemburg-j60-esch-alzette-itf-junior-tour-u18-doubles\\\/#primaryimage\",\"url\":\"https:\\\/\\\/albaniantennis.com\\\/wp-content\\\/uploads\\\/2023\\\/02\\\/332707063_3426761217567468_5079477009166622719_n-1.jpg\",\"contentUrl\":\"https:\\\/\\\/albaniantennis.com\\\/wp-content\\\/uploads\\\/2023\\\/02\\\/332707063_3426761217567468_5079477009166622719_n-1.jpg\",\"width\":630,\"height\":353},{\"@type\":\"BreadcrumbList\",\"@id\":\"https:\\\/\\\/albaniantennis.com\\\/gresi-bajri-gjysmefinaliste-ne-luksemburg-j60-esch-alzette-itf-junior-tour-u18-doubles\\\/#breadcrumb\",\"itemListElement\":[{\"@type\":\"ListItem\",\"position\":1,\"name\":\"Home\",\"item\":\"https:\\\/\\\/albaniantennis.com\\\/\"},{\"@type\":\"ListItem\",\"position\":2,\"name\":\"Gresi Bajri gjysm\u00ebfinaliste n\u00eb Luksemburg &#8220;J60 Esch-Alzette ITF Junior Tour&#8221; U18 Doubles\"}]},{\"@type\":\"WebSite\",\"@id\":\"https:\\\/\\\/albaniantennis.com\\\/#website\",\"url\":\"https:\\\/\\\/albaniantennis.com\\\/\",\"name\":\"Federata Shqiptare e Tenisit\",\"description\":\"Federata Shqiptare e Tenisit\",\"publisher\":{\"@id\":\"https:\\\/\\\/albaniantennis.com\\\/#organization\"},\"potentialAction\":[{\"@type\":\"SearchAction\",\"target\":{\"@type\":\"EntryPoint\",\"urlTemplate\":\"https:\\\/\\\/albaniantennis.com\\\/?s={search_term_string}\"},\"query-input\":{\"@type\":\"PropertyValueSpecification\",\"valueRequired\":true,\"valueName\":\"search_term_string\"}}],\"inLanguage\":\"en-US\"},{\"@type\":\"Organization\",\"@id\":\"https:\\\/\\\/albaniantennis.com\\\/#organization\",\"name\":\"Federata Shqip\u00ebtare e Tenisit\",\"url\":\"https:\\\/\\\/albaniantennis.com\\\/\",\"logo\":{\"@type\":\"ImageObject\",\"inLanguage\":\"en-US\",\"@id\":\"https:\\\/\\\/albaniantennis.com\\\/#\\\/schema\\\/logo\\\/image\\\/\",\"url\":\"https:\\\/\\\/albaniantennis.com\\\/wp-content\\\/uploads\\\/2022\\\/03\\\/Logo.png\",\"contentUrl\":\"https:\\\/\\\/albaniantennis.com\\\/wp-content\\\/uploads\\\/2022\\\/03\\\/Logo.png\",\"width\":473,\"height\":400,\"caption\":\"Federata Shqip\u00ebtare e Tenisit\"},\"image\":{\"@id\":\"https:\\\/\\\/albaniantennis.com\\\/#\\\/schema\\\/logo\\\/image\\\/\"}},{\"@type\":\"Person\",\"@id\":\"https:\\\/\\\/albaniantennis.com\\\/#\\\/schema\\\/person\\\/6fa460f218c0ed8800448dcf025b86e5\",\"name\":\"Klaus Bardeli\",\"image\":{\"@type\":\"ImageObject\",\"inLanguage\":\"en-US\",\"@id\":\"https:\\\/\\\/secure.gravatar.com\\\/avatar\\\/294dce01b4cf43b267750000becaa1f5eb79a5971757ba9256e0bad4a9a4c807?s=96&d=mm&r=g\",\"url\":\"https:\\\/\\\/secure.gravatar.com\\\/avatar\\\/294dce01b4cf43b267750000becaa1f5eb79a5971757ba9256e0bad4a9a4c807?s=96&d=mm&r=g\",\"contentUrl\":\"https:\\\/\\\/secure.gravatar.com\\\/avatar\\\/294dce01b4cf43b267750000becaa1f5eb79a5971757ba9256e0bad4a9a4c807?s=96&d=mm&r=g\",\"caption\":\"Klaus Bardeli\"},\"url\":\"https:\\\/\\\/albaniantennis.com\\\/en\\\/author\\\/klausi\\\/\"}]}<\/script>\n<!-- \/ Yoast SEO plugin. -->","yoast_head_json":{"title":"Gresi Bajri gjysm\u00ebfinaliste n\u00eb Luksemburg \"J60 Esch-Alzette ITF Junior Tour\" U18 Doubles &#8212; Federata Shqiptare e Tenisit","robots":{"index":"index","follow":"follow","max-snippet":"max-snippet:-1","max-image-preview":"max-image-preview:large","max-video-preview":"max-video-preview:-1"},"canonical":"https:\/\/albaniantennis.com\/en\/gresi-bajri-gjysmefinaliste-ne-luksemburg-j60-esch-alzette-itf-junior-tour-u18-doubles\/","og_locale":"en_US","og_type":"article","og_title":"Gresi Bajri gjysm\u00ebfinaliste n\u00eb Luksemburg \"J60 Esch-Alzette ITF Junior Tour\" U18 Doubles &#8212; Federata Shqiptare e Tenisit","og_description":"Gresi Bajri kalon n\u00eb gjysm\u00ebfinale Doubles n\u00eb turneun nd\u00ebrkomb\u00ebtar t\u00eb tenisit n\u00eb Luksemburg &#8220;J60 Esch-Alzette ITF Junior Tour&#8221; p\u00ebr kategorin\u00eb U18. N\u00eb dyshe me kolegen e saj nga Ukraina Sofiia Mykhailets, Gresi arrin t\u00eb mposht\u00eb me rezultatin \u00a06-2, 4-6, 10-7 dyshen nga Belgjika Eline Bex dhe Katarina Kujovic, mbart\u00ebset e 4-ta t\u00eb turneut. Gjithashtu arrin t\u00eb fitoj\u00eb edhe p\u00ebrballjen e rradh\u00ebs duke siguruar gjysm\u00ebfinalen. I urojm\u00eb shum\u00eb suksese tenistes shqiptare, Gresi Bajri n\u00eb \u00e7erekfinalen doubles t\u00eb k\u00ebtij turneu t\u00eb fort\u00eb!","og_url":"https:\/\/albaniantennis.com\/en\/gresi-bajri-gjysmefinaliste-ne-luksemburg-j60-esch-alzette-itf-junior-tour-u18-doubles\/","og_site_name":"Federata Shqiptare e Tenisit","article_published_time":"2023-02-25T11:25:27+00:00","og_image":[{"width":630,"height":353,"url":"https:\/\/albaniantennis.com\/wp-content\/uploads\/2023\/02\/332707063_3426761217567468_5079477009166622719_n-1.jpg","type":"image\/jpeg"}],"author":"Klaus Bardeli","twitter_card":"summary_large_image","twitter_misc":{"Written by":"Klaus Bardeli","Est. reading time":"1 minute"},"schema":{"@context":"https:\/\/schema.org","@graph":[{"@type":"Article","@id":"https:\/\/albaniantennis.com\/gresi-bajri-gjysmefinaliste-ne-luksemburg-j60-esch-alzette-itf-junior-tour-u18-doubles\/#article","isPartOf":{"@id":"https:\/\/albaniantennis.com\/gresi-bajri-gjysmefinaliste-ne-luksemburg-j60-esch-alzette-itf-junior-tour-u18-doubles\/"},"author":{"name":"Klaus Bardeli","@id":"https:\/\/albaniantennis.com\/#\/schema\/person\/6fa460f218c0ed8800448dcf025b86e5"},"headline":"Gresi Bajri gjysm\u00ebfinaliste n\u00eb Luksemburg &#8220;J60 Esch-Alzette ITF Junior Tour&#8221; U18 Doubles","datePublished":"2023-02-25T11:25:27+00:00","mainEntityOfPage":{"@id":"https:\/\/albaniantennis.com\/gresi-bajri-gjysmefinaliste-ne-luksemburg-j60-esch-alzette-itf-junior-tour-u18-doubles\/"},"wordCount":108,"publisher":{"@id":"https:\/\/albaniantennis.com\/#organization"},"image":{"@id":"https:\/\/albaniantennis.com\/gresi-bajri-gjysmefinaliste-ne-luksemburg-j60-esch-alzette-itf-junior-tour-u18-doubles\/#primaryimage"},"thumbnailUrl":"https:\/\/albaniantennis.com\/wp-content\/uploads\/2023\/02\/332707063_3426761217567468_5079477009166622719_n-1.jpg","keywords":["2023","fsht","gresi bajri","itf","juniors","luxembourg","players","shqip\u00ebri","Tenis","tennis","tour","tournament","u18","winners"],"articleSection":["Lajme","Turne"],"inLanguage":"en-US"},{"@type":"WebPage","@id":"https:\/\/albaniantennis.com\/gresi-bajri-gjysmefinaliste-ne-luksemburg-j60-esch-alzette-itf-junior-tour-u18-doubles\/","url":"https:\/\/albaniantennis.com\/gresi-bajri-gjysmefinaliste-ne-luksemburg-j60-esch-alzette-itf-junior-tour-u18-doubles\/","name":"Gresi Bajri gjysm\u00ebfinaliste n\u00eb Luksemburg \"J60 Esch-Alzette ITF Junior Tour\" U18 Doubles &#8212; Federata Shqiptare e Tenisit","isPartOf":{"@id":"https:\/\/albaniantennis.com\/#website"},"primaryImageOfPage":{"@id":"https:\/\/albaniantennis.com\/gresi-bajri-gjysmefinaliste-ne-luksemburg-j60-esch-alzette-itf-junior-tour-u18-doubles\/#primaryimage"},"image":{"@id":"https:\/\/albaniantennis.com\/gresi-bajri-gjysmefinaliste-ne-luksemburg-j60-esch-alzette-itf-junior-tour-u18-doubles\/#primaryimage"},"thumbnailUrl":"https:\/\/albaniantennis.com\/wp-content\/uploads\/2023\/02\/332707063_3426761217567468_5079477009166622719_n-1.jpg","datePublished":"2023-02-25T11:25:27+00:00","breadcrumb":{"@id":"https:\/\/albaniantennis.com\/gresi-bajri-gjysmefinaliste-ne-luksemburg-j60-esch-alzette-itf-junior-tour-u18-doubles\/#breadcrumb"},"inLanguage":"en-US","potentialAction":[{"@type":"ReadAction","target":["https:\/\/albaniantennis.com\/gresi-bajri-gjysmefinaliste-ne-luksemburg-j60-esch-alzette-itf-junior-tour-u18-doubles\/"]}]},{"@type":"ImageObject","inLanguage":"en-US","@id":"https:\/\/albaniantennis.com\/gresi-bajri-gjysmefinaliste-ne-luksemburg-j60-esch-alzette-itf-junior-tour-u18-doubles\/#primaryimage","url":"https:\/\/albaniantennis.com\/wp-content\/uploads\/2023\/02\/332707063_3426761217567468_5079477009166622719_n-1.jpg","contentUrl":"https:\/\/albaniantennis.com\/wp-content\/uploads\/2023\/02\/332707063_3426761217567468_5079477009166622719_n-1.jpg","width":630,"height":353},{"@type":"BreadcrumbList","@id":"https:\/\/albaniantennis.com\/gresi-bajri-gjysmefinaliste-ne-luksemburg-j60-esch-alzette-itf-junior-tour-u18-doubles\/#breadcrumb","itemListElement":[{"@type":"ListItem","position":1,"name":"Home","item":"https:\/\/albaniantennis.com\/"},{"@type":"ListItem","position":2,"name":"Gresi Bajri gjysm\u00ebfinaliste n\u00eb Luksemburg &#8220;J60 Esch-Alzette ITF Junior Tour&#8221; U18 Doubles"}]},{"@type":"WebSite","@id":"https:\/\/albaniantennis.com\/#website","url":"https:\/\/albaniantennis.com\/","name":"Federata Shqiptare e Tenisit","description":"Federata Shqiptare e Tenisit","publisher":{"@id":"https:\/\/albaniantennis.com\/#organization"},"potentialAction":[{"@type":"SearchAction","target":{"@type":"EntryPoint","urlTemplate":"https:\/\/albaniantennis.com\/?s={search_term_string}"},"query-input":{"@type":"PropertyValueSpecification","valueRequired":true,"valueName":"search_term_string"}}],"inLanguage":"en-US"},{"@type":"Organization","@id":"https:\/\/albaniantennis.com\/#organization","name":"Federata Shqip\u00ebtare e Tenisit","url":"https:\/\/albaniantennis.com\/","logo":{"@type":"ImageObject","inLanguage":"en-US","@id":"https:\/\/albaniantennis.com\/#\/schema\/logo\/image\/","url":"https:\/\/albaniantennis.com\/wp-content\/uploads\/2022\/03\/Logo.png","contentUrl":"https:\/\/albaniantennis.com\/wp-content\/uploads\/2022\/03\/Logo.png","width":473,"height":400,"caption":"Federata Shqip\u00ebtare e Tenisit"},"image":{"@id":"https:\/\/albaniantennis.com\/#\/schema\/logo\/image\/"}},{"@type":"Person","@id":"https:\/\/albaniantennis.com\/#\/schema\/person\/6fa460f218c0ed8800448dcf025b86e5","name":"Klaus Bardeli","image":{"@type":"ImageObject","inLanguage":"en-US","@id":"https:\/\/secure.gravatar.com\/avatar\/294dce01b4cf43b267750000becaa1f5eb79a5971757ba9256e0bad4a9a4c807?s=96&d=mm&r=g","url":"https:\/\/secure.gravatar.com\/avatar\/294dce01b4cf43b267750000becaa1f5eb79a5971757ba9256e0bad4a9a4c807?s=96&d=mm&r=g","contentUrl":"https:\/\/secure.gravatar.com\/avatar\/294dce01b4cf43b267750000becaa1f5eb79a5971757ba9256e0bad4a9a4c807?s=96&d=mm&r=g","caption":"Klaus Bardeli"},"url":"https:\/\/albaniantennis.com\/en\/author\/klausi\/"}]}},"_links":{"self":[{"href":"https:\/\/albaniantennis.com\/en\/wp-json\/wp\/v2\/posts\/3837","targetHints":{"allow":["GET"]}}],"collection":[{"href":"https:\/\/albaniantennis.com\/en\/wp-json\/wp\/v2\/posts"}],"about":[{"href":"https:\/\/albaniantennis.com\/en\/wp-json\/wp\/v2\/types\/post"}],"author":[{"embeddable":true,"href":"https:\/\/albaniantennis.com\/en\/wp-json\/wp\/v2\/users\/2"}],"replies":[{"embeddable":true,"href":"https:\/\/albaniantennis.com\/en\/wp-json\/wp\/v2\/comments?post=3837"}],"version-history":[{"count":1,"href":"https:\/\/albaniantennis.com\/en\/wp-json\/wp\/v2\/posts\/3837\/revisions"}],"predecessor-version":[{"id":3841,"href":"https:\/\/albaniantennis.com\/en\/wp-json\/wp\/v2\/posts\/3837\/revisions\/3841"}],"wp:featuredmedia":[{"embeddable":true,"href":"https:\/\/albaniantennis.com\/en\/wp-json\/wp\/v2\/media\/3840"}],"wp:attachment":[{"href":"https:\/\/albaniantennis.com\/en\/wp-json\/wp\/v2\/media?parent=3837"}],"wp:term":[{"taxonomy":"category","embeddable":true,"href":"https:\/\/albaniantennis.com\/en\/wp-json\/wp\/v2\/categories?post=3837"},{"taxonomy":"post_tag","embeddable":true,"href":"https:\/\/albaniantennis.com\/en\/wp-json\/wp\/v2\/tags?post=3837"}],"curies":[{"name":"wp","href":"https:\/\/api.w.org\/{rel}","templated":true}]}}