{"id":3811,"date":"2023-02-07T09:31:44","date_gmt":"2023-02-07T09:31:44","guid":{"rendered":"https:\/\/albaniantennis.com\/?p=3811"},"modified":"2023-02-07T09:31:44","modified_gmt":"2023-02-07T09:31:44","slug":"ekipi-kombetar-u14-djem-per-here-te-pare-ne-tennis-europe-winter-cups","status":"publish","type":"post","link":"https:\/\/albaniantennis.com\/en\/ekipi-kombetar-u14-djem-per-here-te-pare-ne-tennis-europe-winter-cups\/","title":{"rendered":"Ekipi komb\u00ebtar U14 Djem, p\u00ebr her\u00eb t\u00eb par\u00eb n\u00eb &#8220;Tennis Europe Winter Cups&#8221;"},"content":{"rendered":"<div class=\"x11i5rnm xat24cr x1mh8g0r x1vvkbs xdj266r x126k92a\">\n<div dir=\"auto\">Ekipi komb\u00ebtar shqiptar i djemve U14 merr pjes\u00eb p\u00ebr her\u00eb t\u00eb par\u00eb n\u00eb kampionatin &#8220;Tennis Europe Winter Cups&#8221; t\u00eb zhvilluar n\u00eb Bari t\u00eb Italis\u00eb.<\/div>\n<div dir=\"auto\"><\/div>\n<\/div>\n<div class=\"x11i5rnm xat24cr x1mh8g0r x1vvkbs xtlvy1s x126k92a\">\n<div dir=\"auto\">Ekipi shqiptar p\u00ebrb\u00ebhej nga tenist\u00ebt: Denis Gaba, Alex Prifti dhe Ares Ferhati, shoq\u00ebruar nga kapiteni Maksim Prifti.<\/div>\n<div dir=\"auto\"><\/div>\n<\/div>\n<div class=\"x11i5rnm xat24cr x1mh8g0r x1vvkbs xtlvy1s x126k92a\">\n<div dir=\"auto\">N\u00eb dy p\u00ebrballje, tenist\u00ebt tan\u00eb nuk arrit\u00ebn t\u00eb mposhtin kund\u00ebrshtar\u00ebt p\u00ebr t\u00eb kaluar n\u00eb faz\u00ebn tjet\u00ebr, duke humbur k\u00ebshtu me rezultatin 1-2 ndaj Gjeorgjis\u00eb dhe 3-0 ndaj Danimark\u00ebs.<\/div>\n<div dir=\"auto\"><\/div>\n<\/div>\n<div class=\"x11i5rnm xat24cr x1mh8g0r x1vvkbs xtlvy1s x126k92a\">\n<div dir=\"auto\">Gjithsesi kjo ishte ekperienca e par\u00eb n\u00eb nj\u00eb format t\u00eb till\u00eb t\u00eb r\u00ebnd\u00ebsish\u00ebm p\u00ebr tenist\u00ebt tan\u00eb t\u00eb kategoris\u00eb U14 ku u p\u00ebrball\u00ebn me tenist\u00ebt m\u00eb t\u00eb mir\u00eb t\u00eb vendeve respektive.<\/div>\n<div dir=\"auto\"><\/div>\n<\/div>\n<div class=\"x11i5rnm xat24cr x1mh8g0r x1vvkbs xtlvy1s x126k92a\">\n<div dir=\"auto\">I urojm\u00eb suksese n\u00eb vijim ekipit ton\u00eb!<div class=\"rl-gallery-container\" id=\"rl-gallery-container-1\" data-gallery_id=\"0\"> <div class=\"rl-gallery rl-basicmasonry-gallery\" id=\"rl-gallery-1\" data-gallery_no=\"1\"> <div class=\"rl-gutter-sizer\"><\/div><div class=\"rl-grid-sizer\"><\/div> <div class=\"rl-gallery-item rl-gallery-item-width-4\" > <div class=\"rl-gallery-item-content\"> <a href=\"https:\/\/albaniantennis.com\/wp-content\/uploads\/2023\/02\/IMG-20230203-WA0014.jpg\" title=\"\" data-rl_title=\"\" class=\"rl-gallery-link\" data-rl_caption=\"\" data-rel=\"lightbox-gallery-1\"><img decoding=\"async\" src=\"https:\/\/albaniantennis.com\/wp-content\/uploads\/2023\/02\/IMG-20230203-WA0014-142x300.jpg\" width=\"142\" height=\"300\" alt=\"\" \/><\/a> <\/div> <\/div> <div class=\"rl-gallery-item\" > <div class=\"rl-gallery-item-content\"> <a href=\"https:\/\/albaniantennis.com\/wp-content\/uploads\/2023\/02\/IMG-20230203-WA0016.jpg\" title=\"\" data-rl_title=\"\" class=\"rl-gallery-link\" data-rl_caption=\"\" data-rel=\"lightbox-gallery-1\"><img decoding=\"async\" src=\"https:\/\/albaniantennis.com\/wp-content\/uploads\/2023\/02\/IMG-20230203-WA0016-300x142.jpg\" width=\"300\" height=\"142\" alt=\"\" \/><\/a> <\/div> <\/div> <div class=\"rl-gallery-item\" > <div class=\"rl-gallery-item-content\"> <a href=\"https:\/\/albaniantennis.com\/wp-content\/uploads\/2023\/02\/IMG-20230203-WA0006.jpg\" title=\"\" data-rl_title=\"\" class=\"rl-gallery-link\" data-rl_caption=\"\" data-rel=\"lightbox-gallery-1\"><img decoding=\"async\" src=\"https:\/\/albaniantennis.com\/wp-content\/uploads\/2023\/02\/IMG-20230203-WA0006-142x300.jpg\" width=\"142\" height=\"300\" alt=\"\" \/><\/a> <\/div> <\/div> <div class=\"rl-gallery-item\" > <div class=\"rl-gallery-item-content\"> <a href=\"https:\/\/albaniantennis.com\/wp-content\/uploads\/2023\/02\/IMG-20230203-WA0005.jpg\" title=\"\" data-rl_title=\"\" class=\"rl-gallery-link\" data-rl_caption=\"\" data-rel=\"lightbox-gallery-1\"><img loading=\"lazy\" decoding=\"async\" src=\"https:\/\/albaniantennis.com\/wp-content\/uploads\/2023\/02\/IMG-20230203-WA0005-300x142.jpg\" width=\"300\" height=\"142\" alt=\"\" \/><\/a> <\/div> <\/div> <div class=\"rl-gallery-item\" > <div class=\"rl-gallery-item-content\"> <a href=\"https:\/\/albaniantennis.com\/wp-content\/uploads\/2023\/02\/IMG-20230203-WA0010.jpg\" title=\"\" data-rl_title=\"\" class=\"rl-gallery-link\" data-rl_caption=\"\" data-rel=\"lightbox-gallery-1\"><img loading=\"lazy\" decoding=\"async\" src=\"https:\/\/albaniantennis.com\/wp-content\/uploads\/2023\/02\/IMG-20230203-WA0010-300x142.jpg\" width=\"300\" height=\"142\" alt=\"\" \/><\/a> <\/div> <\/div> <div class=\"rl-gallery-item\" > <div class=\"rl-gallery-item-content\"> <a href=\"https:\/\/albaniantennis.com\/wp-content\/uploads\/2023\/02\/IMG-20230203-WA0012.jpg\" title=\"\" data-rl_title=\"\" class=\"rl-gallery-link\" data-rl_caption=\"\" data-rel=\"lightbox-gallery-1\"><img loading=\"lazy\" decoding=\"async\" src=\"https:\/\/albaniantennis.com\/wp-content\/uploads\/2023\/02\/IMG-20230203-WA0012-142x300.jpg\" width=\"142\" height=\"300\" alt=\"\" \/><\/a> <\/div> <\/div> <div class=\"rl-gallery-item\" > <div class=\"rl-gallery-item-content\"> <a href=\"https:\/\/albaniantennis.com\/wp-content\/uploads\/2023\/02\/IMG-20230203-WA0013.jpg\" title=\"\" data-rl_title=\"\" class=\"rl-gallery-link\" data-rl_caption=\"\" data-rel=\"lightbox-gallery-1\"><img loading=\"lazy\" decoding=\"async\" src=\"https:\/\/albaniantennis.com\/wp-content\/uploads\/2023\/02\/IMG-20230203-WA0013-300x225.jpg\" width=\"300\" height=\"225\" alt=\"\" \/><\/a> <\/div> <\/div> <div class=\"rl-gallery-item\" > <div class=\"rl-gallery-item-content\"> <a href=\"https:\/\/albaniantennis.com\/wp-content\/uploads\/2023\/02\/IMG-20230203-WA0004.jpg\" title=\"\" data-rl_title=\"\" class=\"rl-gallery-link\" data-rl_caption=\"\" data-rel=\"lightbox-gallery-1\"><img loading=\"lazy\" decoding=\"async\" src=\"https:\/\/albaniantennis.com\/wp-content\/uploads\/2023\/02\/IMG-20230203-WA0004-187x300.jpg\" width=\"187\" height=\"300\" alt=\"\" \/><\/a> <\/div> <\/div> <div class=\"rl-gallery-item\" > <div class=\"rl-gallery-item-content\"> <a href=\"https:\/\/albaniantennis.com\/wp-content\/uploads\/2023\/02\/IMG-20230203-WA0009.jpg\" title=\"\" data-rl_title=\"\" class=\"rl-gallery-link\" data-rl_caption=\"\" data-rel=\"lightbox-gallery-1\"><img loading=\"lazy\" decoding=\"async\" src=\"https:\/\/albaniantennis.com\/wp-content\/uploads\/2023\/02\/IMG-20230203-WA0009-300x142.jpg\" width=\"300\" height=\"142\" alt=\"\" \/><\/a> <\/div> <\/div> <div class=\"rl-gallery-item\" > <div class=\"rl-gallery-item-content\"> <a href=\"https:\/\/albaniantennis.com\/wp-content\/uploads\/2023\/02\/IMG-20230203-WA0008.jpg\" title=\"\" data-rl_title=\"\" class=\"rl-gallery-link\" data-rl_caption=\"\" data-rel=\"lightbox-gallery-1\"><img loading=\"lazy\" decoding=\"async\" src=\"https:\/\/albaniantennis.com\/wp-content\/uploads\/2023\/02\/IMG-20230203-WA0008-300x142.jpg\" width=\"300\" height=\"142\" alt=\"\" \/><\/a> <\/div> <\/div> <\/div> <\/div><\/p>\n<\/div>\n<\/div>","protected":false},"excerpt":{"rendered":"<p>Ekipi komb\u00ebtar shqiptar i djemve U14 merr pjes\u00eb p\u00ebr her\u00eb t\u00eb par\u00eb n\u00eb kampionatin &#8220;Tennis Europe Winter Cups&#8221; t\u00eb zhvilluar n\u00eb Bari t\u00eb Italis\u00eb. Ekipi shqiptar p\u00ebrb\u00ebhej nga tenist\u00ebt: Denis Gaba, Alex Prifti dhe Ares Ferhati, shoq\u00ebruar nga kapiteni Maksim Prifti. N\u00eb dy p\u00ebrballje, tenist\u00ebt tan\u00eb nuk arrit\u00ebn t\u00eb mposhtin kund\u00ebrshtar\u00ebt p\u00ebr t\u00eb kaluar n\u00eb faz\u00ebn tjet\u00ebr, duke humbur k\u00ebshtu me rezultatin 1-2 ndaj Gjeorgjis\u00eb dhe 3-0 ndaj Danimark\u00ebs. Gjithsesi kjo ishte ekperienca e par\u00eb n\u00eb nj\u00eb format t\u00eb till\u00eb t\u00eb r\u00ebnd\u00ebsish\u00ebm p\u00ebr tenist\u00ebt tan\u00eb t\u00eb kategoris\u00eb U14 ku u p\u00ebrball\u00ebn me tenist\u00ebt m\u00eb t\u00eb mir\u00eb t\u00eb vendeve respektive. I urojm\u00eb suksese n\u00eb vijim ekipit ton\u00eb!<\/p>","protected":false},"author":2,"featured_media":3823,"comment_status":"closed","ping_status":"open","sticky":false,"template":"","format":"standard","meta":{"_eb_attr":"","pgc_sgb_lightbox_settings":"","footnotes":""},"categories":[11,4],"tags":[276,18,35,217,218,249,279,264,209,168,28,250,277,14,27,42,23,278],"class_list":["post-3811","post","type-post","status-publish","format-standard","has-post-thumbnail","hentry","category-lajme","category-turne","tag-276","tag-albania","tag-albaniantennisfederation","tag-alexprifti","tag-aresferhati","tag-bari","tag-boys","tag-denisgaba","tag-djem","tag-federatashqiptareetenisit","tag-fsht","tag-italy","tag-maksimprifti","tag-tennis","tag-tennis-europe","tag-tournament","tag-u14","tag-wintercups"],"yoast_head":"<!-- This site is optimized with the Yoast SEO plugin v27.4 - https:\/\/yoast.com\/product\/yoast-seo-wordpress\/ -->\n<title>Ekipi komb\u00ebtar U14 Djem, p\u00ebr her\u00eb t\u00eb par\u00eb n\u00eb &quot;Tennis Europe Winter Cups&quot; &#8212; Federata Shqiptare e Tenisit<\/title>\n<meta name=\"robots\" content=\"index, follow, max-snippet:-1, max-image-preview:large, max-video-preview:-1\" \/>\n<link rel=\"canonical\" href=\"https:\/\/albaniantennis.com\/en\/ekipi-kombetar-u14-djem-per-here-te-pare-ne-tennis-europe-winter-cups\/\" \/>\n<meta property=\"og:locale\" content=\"en_US\" \/>\n<meta property=\"og:type\" content=\"article\" \/>\n<meta property=\"og:title\" content=\"Ekipi komb\u00ebtar U14 Djem, p\u00ebr her\u00eb t\u00eb par\u00eb n\u00eb &quot;Tennis Europe Winter Cups&quot; &#8212; Federata Shqiptare e Tenisit\" \/>\n<meta property=\"og:description\" content=\"Ekipi komb\u00ebtar shqiptar i djemve U14 merr pjes\u00eb p\u00ebr her\u00eb t\u00eb par\u00eb n\u00eb kampionatin &#8220;Tennis Europe Winter Cups&#8221; t\u00eb zhvilluar n\u00eb Bari t\u00eb Italis\u00eb. Ekipi shqiptar p\u00ebrb\u00ebhej nga tenist\u00ebt: Denis Gaba, Alex Prifti dhe Ares Ferhati, shoq\u00ebruar nga kapiteni Maksim Prifti. N\u00eb dy p\u00ebrballje, tenist\u00ebt tan\u00eb nuk arrit\u00ebn t\u00eb mposhtin kund\u00ebrshtar\u00ebt p\u00ebr t\u00eb kaluar n\u00eb faz\u00ebn tjet\u00ebr, duke humbur k\u00ebshtu me rezultatin 1-2 ndaj Gjeorgjis\u00eb dhe 3-0 ndaj Danimark\u00ebs. Gjithsesi kjo ishte ekperienca e par\u00eb n\u00eb nj\u00eb format t\u00eb till\u00eb t\u00eb r\u00ebnd\u00ebsish\u00ebm p\u00ebr tenist\u00ebt tan\u00eb t\u00eb kategoris\u00eb U14 ku u p\u00ebrball\u00ebn me tenist\u00ebt m\u00eb t\u00eb mir\u00eb t\u00eb vendeve respektive. I urojm\u00eb suksese n\u00eb vijim ekipit ton\u00eb!\" \/>\n<meta property=\"og:url\" content=\"https:\/\/albaniantennis.com\/en\/ekipi-kombetar-u14-djem-per-here-te-pare-ne-tennis-europe-winter-cups\/\" \/>\n<meta property=\"og:site_name\" content=\"Federata Shqiptare e Tenisit\" \/>\n<meta property=\"article:published_time\" content=\"2023-02-07T09:31:44+00:00\" \/>\n<meta property=\"og:image\" content=\"https:\/\/albaniantennis.com\/wp-content\/uploads\/2023\/02\/IMG-20230203-WA0014-1.jpg\" \/>\n\t<meta property=\"og:image:width\" content=\"605\" \/>\n\t<meta property=\"og:image:height\" content=\"375\" \/>\n\t<meta property=\"og:image:type\" content=\"image\/jpeg\" \/>\n<meta name=\"author\" content=\"Klaus Bardeli\" \/>\n<meta name=\"twitter:card\" content=\"summary_large_image\" \/>\n<meta name=\"twitter:label1\" content=\"Written by\" \/>\n\t<meta name=\"twitter:data1\" content=\"Klaus Bardeli\" \/>\n\t<meta name=\"twitter:label2\" content=\"Est. reading time\" \/>\n\t<meta name=\"twitter:data2\" content=\"1 minute\" \/>\n<script type=\"application\/ld+json\" class=\"yoast-schema-graph\">{\"@context\":\"https:\\\/\\\/schema.org\",\"@graph\":[{\"@type\":\"Article\",\"@id\":\"https:\\\/\\\/albaniantennis.com\\\/ekipi-kombetar-u14-djem-per-here-te-pare-ne-tennis-europe-winter-cups\\\/#article\",\"isPartOf\":{\"@id\":\"https:\\\/\\\/albaniantennis.com\\\/ekipi-kombetar-u14-djem-per-here-te-pare-ne-tennis-europe-winter-cups\\\/\"},\"author\":{\"name\":\"Klaus Bardeli\",\"@id\":\"https:\\\/\\\/albaniantennis.com\\\/#\\\/schema\\\/person\\\/6fa460f218c0ed8800448dcf025b86e5\"},\"headline\":\"Ekipi komb\u00ebtar U14 Djem, p\u00ebr her\u00eb t\u00eb par\u00eb n\u00eb &#8220;Tennis Europe Winter Cups&#8221;\",\"datePublished\":\"2023-02-07T09:31:44+00:00\",\"mainEntityOfPage\":{\"@id\":\"https:\\\/\\\/albaniantennis.com\\\/ekipi-kombetar-u14-djem-per-here-te-pare-ne-tennis-europe-winter-cups\\\/\"},\"wordCount\":151,\"publisher\":{\"@id\":\"https:\\\/\\\/albaniantennis.com\\\/#organization\"},\"image\":{\"@id\":\"https:\\\/\\\/albaniantennis.com\\\/ekipi-kombetar-u14-djem-per-here-te-pare-ne-tennis-europe-winter-cups\\\/#primaryimage\"},\"thumbnailUrl\":\"https:\\\/\\\/albaniantennis.com\\\/wp-content\\\/uploads\\\/2023\\\/02\\\/IMG-20230203-WA0014-1.jpg\",\"keywords\":[\"2023\",\"albania\",\"albaniantennisfederation\",\"AlexPrifti\",\"AresFerhati\",\"Bari\",\"Boys\",\"DenisGaba\",\"djem\",\"federatashqiptareetenisit\",\"fsht\",\"italy\",\"MaksimPrifti\",\"tennis\",\"tennis europe\",\"tournament\",\"u14\",\"WinterCups\"],\"articleSection\":[\"Lajme\",\"Turne\"],\"inLanguage\":\"en-US\"},{\"@type\":\"WebPage\",\"@id\":\"https:\\\/\\\/albaniantennis.com\\\/ekipi-kombetar-u14-djem-per-here-te-pare-ne-tennis-europe-winter-cups\\\/\",\"url\":\"https:\\\/\\\/albaniantennis.com\\\/ekipi-kombetar-u14-djem-per-here-te-pare-ne-tennis-europe-winter-cups\\\/\",\"name\":\"Ekipi komb\u00ebtar U14 Djem, p\u00ebr her\u00eb t\u00eb par\u00eb n\u00eb \\\"Tennis Europe Winter Cups\\\" &#8212; Federata Shqiptare e Tenisit\",\"isPartOf\":{\"@id\":\"https:\\\/\\\/albaniantennis.com\\\/#website\"},\"primaryImageOfPage\":{\"@id\":\"https:\\\/\\\/albaniantennis.com\\\/ekipi-kombetar-u14-djem-per-here-te-pare-ne-tennis-europe-winter-cups\\\/#primaryimage\"},\"image\":{\"@id\":\"https:\\\/\\\/albaniantennis.com\\\/ekipi-kombetar-u14-djem-per-here-te-pare-ne-tennis-europe-winter-cups\\\/#primaryimage\"},\"thumbnailUrl\":\"https:\\\/\\\/albaniantennis.com\\\/wp-content\\\/uploads\\\/2023\\\/02\\\/IMG-20230203-WA0014-1.jpg\",\"datePublished\":\"2023-02-07T09:31:44+00:00\",\"breadcrumb\":{\"@id\":\"https:\\\/\\\/albaniantennis.com\\\/ekipi-kombetar-u14-djem-per-here-te-pare-ne-tennis-europe-winter-cups\\\/#breadcrumb\"},\"inLanguage\":\"en-US\",\"potentialAction\":[{\"@type\":\"ReadAction\",\"target\":[\"https:\\\/\\\/albaniantennis.com\\\/ekipi-kombetar-u14-djem-per-here-te-pare-ne-tennis-europe-winter-cups\\\/\"]}]},{\"@type\":\"ImageObject\",\"inLanguage\":\"en-US\",\"@id\":\"https:\\\/\\\/albaniantennis.com\\\/ekipi-kombetar-u14-djem-per-here-te-pare-ne-tennis-europe-winter-cups\\\/#primaryimage\",\"url\":\"https:\\\/\\\/albaniantennis.com\\\/wp-content\\\/uploads\\\/2023\\\/02\\\/IMG-20230203-WA0014-1.jpg\",\"contentUrl\":\"https:\\\/\\\/albaniantennis.com\\\/wp-content\\\/uploads\\\/2023\\\/02\\\/IMG-20230203-WA0014-1.jpg\",\"width\":605,\"height\":375},{\"@type\":\"BreadcrumbList\",\"@id\":\"https:\\\/\\\/albaniantennis.com\\\/ekipi-kombetar-u14-djem-per-here-te-pare-ne-tennis-europe-winter-cups\\\/#breadcrumb\",\"itemListElement\":[{\"@type\":\"ListItem\",\"position\":1,\"name\":\"Home\",\"item\":\"https:\\\/\\\/albaniantennis.com\\\/\"},{\"@type\":\"ListItem\",\"position\":2,\"name\":\"Ekipi komb\u00ebtar U14 Djem, p\u00ebr her\u00eb t\u00eb par\u00eb n\u00eb &#8220;Tennis Europe Winter Cups&#8221;\"}]},{\"@type\":\"WebSite\",\"@id\":\"https:\\\/\\\/albaniantennis.com\\\/#website\",\"url\":\"https:\\\/\\\/albaniantennis.com\\\/\",\"name\":\"Federata Shqiptare e Tenisit\",\"description\":\"Federata Shqiptare e Tenisit\",\"publisher\":{\"@id\":\"https:\\\/\\\/albaniantennis.com\\\/#organization\"},\"potentialAction\":[{\"@type\":\"SearchAction\",\"target\":{\"@type\":\"EntryPoint\",\"urlTemplate\":\"https:\\\/\\\/albaniantennis.com\\\/?s={search_term_string}\"},\"query-input\":{\"@type\":\"PropertyValueSpecification\",\"valueRequired\":true,\"valueName\":\"search_term_string\"}}],\"inLanguage\":\"en-US\"},{\"@type\":\"Organization\",\"@id\":\"https:\\\/\\\/albaniantennis.com\\\/#organization\",\"name\":\"Federata Shqip\u00ebtare e Tenisit\",\"url\":\"https:\\\/\\\/albaniantennis.com\\\/\",\"logo\":{\"@type\":\"ImageObject\",\"inLanguage\":\"en-US\",\"@id\":\"https:\\\/\\\/albaniantennis.com\\\/#\\\/schema\\\/logo\\\/image\\\/\",\"url\":\"https:\\\/\\\/albaniantennis.com\\\/wp-content\\\/uploads\\\/2022\\\/03\\\/Logo.png\",\"contentUrl\":\"https:\\\/\\\/albaniantennis.com\\\/wp-content\\\/uploads\\\/2022\\\/03\\\/Logo.png\",\"width\":473,\"height\":400,\"caption\":\"Federata Shqip\u00ebtare e Tenisit\"},\"image\":{\"@id\":\"https:\\\/\\\/albaniantennis.com\\\/#\\\/schema\\\/logo\\\/image\\\/\"}},{\"@type\":\"Person\",\"@id\":\"https:\\\/\\\/albaniantennis.com\\\/#\\\/schema\\\/person\\\/6fa460f218c0ed8800448dcf025b86e5\",\"name\":\"Klaus Bardeli\",\"image\":{\"@type\":\"ImageObject\",\"inLanguage\":\"en-US\",\"@id\":\"https:\\\/\\\/secure.gravatar.com\\\/avatar\\\/294dce01b4cf43b267750000becaa1f5eb79a5971757ba9256e0bad4a9a4c807?s=96&d=mm&r=g\",\"url\":\"https:\\\/\\\/secure.gravatar.com\\\/avatar\\\/294dce01b4cf43b267750000becaa1f5eb79a5971757ba9256e0bad4a9a4c807?s=96&d=mm&r=g\",\"contentUrl\":\"https:\\\/\\\/secure.gravatar.com\\\/avatar\\\/294dce01b4cf43b267750000becaa1f5eb79a5971757ba9256e0bad4a9a4c807?s=96&d=mm&r=g\",\"caption\":\"Klaus Bardeli\"},\"url\":\"https:\\\/\\\/albaniantennis.com\\\/en\\\/author\\\/klausi\\\/\"}]}<\/script>\n<!-- \/ Yoast SEO plugin. -->","yoast_head_json":{"title":"Ekipi komb\u00ebtar U14 Djem, p\u00ebr her\u00eb t\u00eb par\u00eb n\u00eb \"Tennis Europe Winter Cups\" &#8212; Federata Shqiptare e Tenisit","robots":{"index":"index","follow":"follow","max-snippet":"max-snippet:-1","max-image-preview":"max-image-preview:large","max-video-preview":"max-video-preview:-1"},"canonical":"https:\/\/albaniantennis.com\/en\/ekipi-kombetar-u14-djem-per-here-te-pare-ne-tennis-europe-winter-cups\/","og_locale":"en_US","og_type":"article","og_title":"Ekipi komb\u00ebtar U14 Djem, p\u00ebr her\u00eb t\u00eb par\u00eb n\u00eb \"Tennis Europe Winter Cups\" &#8212; Federata Shqiptare e Tenisit","og_description":"Ekipi komb\u00ebtar shqiptar i djemve U14 merr pjes\u00eb p\u00ebr her\u00eb t\u00eb par\u00eb n\u00eb kampionatin &#8220;Tennis Europe Winter Cups&#8221; t\u00eb zhvilluar n\u00eb Bari t\u00eb Italis\u00eb. Ekipi shqiptar p\u00ebrb\u00ebhej nga tenist\u00ebt: Denis Gaba, Alex Prifti dhe Ares Ferhati, shoq\u00ebruar nga kapiteni Maksim Prifti. N\u00eb dy p\u00ebrballje, tenist\u00ebt tan\u00eb nuk arrit\u00ebn t\u00eb mposhtin kund\u00ebrshtar\u00ebt p\u00ebr t\u00eb kaluar n\u00eb faz\u00ebn tjet\u00ebr, duke humbur k\u00ebshtu me rezultatin 1-2 ndaj Gjeorgjis\u00eb dhe 3-0 ndaj Danimark\u00ebs. Gjithsesi kjo ishte ekperienca e par\u00eb n\u00eb nj\u00eb format t\u00eb till\u00eb t\u00eb r\u00ebnd\u00ebsish\u00ebm p\u00ebr tenist\u00ebt tan\u00eb t\u00eb kategoris\u00eb U14 ku u p\u00ebrball\u00ebn me tenist\u00ebt m\u00eb t\u00eb mir\u00eb t\u00eb vendeve respektive. I urojm\u00eb suksese n\u00eb vijim ekipit ton\u00eb!","og_url":"https:\/\/albaniantennis.com\/en\/ekipi-kombetar-u14-djem-per-here-te-pare-ne-tennis-europe-winter-cups\/","og_site_name":"Federata Shqiptare e Tenisit","article_published_time":"2023-02-07T09:31:44+00:00","og_image":[{"width":605,"height":375,"url":"https:\/\/albaniantennis.com\/wp-content\/uploads\/2023\/02\/IMG-20230203-WA0014-1.jpg","type":"image\/jpeg"}],"author":"Klaus Bardeli","twitter_card":"summary_large_image","twitter_misc":{"Written by":"Klaus Bardeli","Est. reading time":"1 minute"},"schema":{"@context":"https:\/\/schema.org","@graph":[{"@type":"Article","@id":"https:\/\/albaniantennis.com\/ekipi-kombetar-u14-djem-per-here-te-pare-ne-tennis-europe-winter-cups\/#article","isPartOf":{"@id":"https:\/\/albaniantennis.com\/ekipi-kombetar-u14-djem-per-here-te-pare-ne-tennis-europe-winter-cups\/"},"author":{"name":"Klaus Bardeli","@id":"https:\/\/albaniantennis.com\/#\/schema\/person\/6fa460f218c0ed8800448dcf025b86e5"},"headline":"Ekipi komb\u00ebtar U14 Djem, p\u00ebr her\u00eb t\u00eb par\u00eb n\u00eb &#8220;Tennis Europe Winter Cups&#8221;","datePublished":"2023-02-07T09:31:44+00:00","mainEntityOfPage":{"@id":"https:\/\/albaniantennis.com\/ekipi-kombetar-u14-djem-per-here-te-pare-ne-tennis-europe-winter-cups\/"},"wordCount":151,"publisher":{"@id":"https:\/\/albaniantennis.com\/#organization"},"image":{"@id":"https:\/\/albaniantennis.com\/ekipi-kombetar-u14-djem-per-here-te-pare-ne-tennis-europe-winter-cups\/#primaryimage"},"thumbnailUrl":"https:\/\/albaniantennis.com\/wp-content\/uploads\/2023\/02\/IMG-20230203-WA0014-1.jpg","keywords":["2023","albania","albaniantennisfederation","AlexPrifti","AresFerhati","Bari","Boys","DenisGaba","djem","federatashqiptareetenisit","fsht","italy","MaksimPrifti","tennis","tennis europe","tournament","u14","WinterCups"],"articleSection":["Lajme","Turne"],"inLanguage":"en-US"},{"@type":"WebPage","@id":"https:\/\/albaniantennis.com\/ekipi-kombetar-u14-djem-per-here-te-pare-ne-tennis-europe-winter-cups\/","url":"https:\/\/albaniantennis.com\/ekipi-kombetar-u14-djem-per-here-te-pare-ne-tennis-europe-winter-cups\/","name":"Ekipi komb\u00ebtar U14 Djem, p\u00ebr her\u00eb t\u00eb par\u00eb n\u00eb \"Tennis Europe Winter Cups\" &#8212; Federata Shqiptare e Tenisit","isPartOf":{"@id":"https:\/\/albaniantennis.com\/#website"},"primaryImageOfPage":{"@id":"https:\/\/albaniantennis.com\/ekipi-kombetar-u14-djem-per-here-te-pare-ne-tennis-europe-winter-cups\/#primaryimage"},"image":{"@id":"https:\/\/albaniantennis.com\/ekipi-kombetar-u14-djem-per-here-te-pare-ne-tennis-europe-winter-cups\/#primaryimage"},"thumbnailUrl":"https:\/\/albaniantennis.com\/wp-content\/uploads\/2023\/02\/IMG-20230203-WA0014-1.jpg","datePublished":"2023-02-07T09:31:44+00:00","breadcrumb":{"@id":"https:\/\/albaniantennis.com\/ekipi-kombetar-u14-djem-per-here-te-pare-ne-tennis-europe-winter-cups\/#breadcrumb"},"inLanguage":"en-US","potentialAction":[{"@type":"ReadAction","target":["https:\/\/albaniantennis.com\/ekipi-kombetar-u14-djem-per-here-te-pare-ne-tennis-europe-winter-cups\/"]}]},{"@type":"ImageObject","inLanguage":"en-US","@id":"https:\/\/albaniantennis.com\/ekipi-kombetar-u14-djem-per-here-te-pare-ne-tennis-europe-winter-cups\/#primaryimage","url":"https:\/\/albaniantennis.com\/wp-content\/uploads\/2023\/02\/IMG-20230203-WA0014-1.jpg","contentUrl":"https:\/\/albaniantennis.com\/wp-content\/uploads\/2023\/02\/IMG-20230203-WA0014-1.jpg","width":605,"height":375},{"@type":"BreadcrumbList","@id":"https:\/\/albaniantennis.com\/ekipi-kombetar-u14-djem-per-here-te-pare-ne-tennis-europe-winter-cups\/#breadcrumb","itemListElement":[{"@type":"ListItem","position":1,"name":"Home","item":"https:\/\/albaniantennis.com\/"},{"@type":"ListItem","position":2,"name":"Ekipi komb\u00ebtar U14 Djem, p\u00ebr her\u00eb t\u00eb par\u00eb n\u00eb &#8220;Tennis Europe Winter Cups&#8221;"}]},{"@type":"WebSite","@id":"https:\/\/albaniantennis.com\/#website","url":"https:\/\/albaniantennis.com\/","name":"Federata Shqiptare e Tenisit","description":"Federata Shqiptare e Tenisit","publisher":{"@id":"https:\/\/albaniantennis.com\/#organization"},"potentialAction":[{"@type":"SearchAction","target":{"@type":"EntryPoint","urlTemplate":"https:\/\/albaniantennis.com\/?s={search_term_string}"},"query-input":{"@type":"PropertyValueSpecification","valueRequired":true,"valueName":"search_term_string"}}],"inLanguage":"en-US"},{"@type":"Organization","@id":"https:\/\/albaniantennis.com\/#organization","name":"Federata Shqip\u00ebtare e Tenisit","url":"https:\/\/albaniantennis.com\/","logo":{"@type":"ImageObject","inLanguage":"en-US","@id":"https:\/\/albaniantennis.com\/#\/schema\/logo\/image\/","url":"https:\/\/albaniantennis.com\/wp-content\/uploads\/2022\/03\/Logo.png","contentUrl":"https:\/\/albaniantennis.com\/wp-content\/uploads\/2022\/03\/Logo.png","width":473,"height":400,"caption":"Federata Shqip\u00ebtare e Tenisit"},"image":{"@id":"https:\/\/albaniantennis.com\/#\/schema\/logo\/image\/"}},{"@type":"Person","@id":"https:\/\/albaniantennis.com\/#\/schema\/person\/6fa460f218c0ed8800448dcf025b86e5","name":"Klaus Bardeli","image":{"@type":"ImageObject","inLanguage":"en-US","@id":"https:\/\/secure.gravatar.com\/avatar\/294dce01b4cf43b267750000becaa1f5eb79a5971757ba9256e0bad4a9a4c807?s=96&d=mm&r=g","url":"https:\/\/secure.gravatar.com\/avatar\/294dce01b4cf43b267750000becaa1f5eb79a5971757ba9256e0bad4a9a4c807?s=96&d=mm&r=g","contentUrl":"https:\/\/secure.gravatar.com\/avatar\/294dce01b4cf43b267750000becaa1f5eb79a5971757ba9256e0bad4a9a4c807?s=96&d=mm&r=g","caption":"Klaus Bardeli"},"url":"https:\/\/albaniantennis.com\/en\/author\/klausi\/"}]}},"_links":{"self":[{"href":"https:\/\/albaniantennis.com\/en\/wp-json\/wp\/v2\/posts\/3811","targetHints":{"allow":["GET"]}}],"collection":[{"href":"https:\/\/albaniantennis.com\/en\/wp-json\/wp\/v2\/posts"}],"about":[{"href":"https:\/\/albaniantennis.com\/en\/wp-json\/wp\/v2\/types\/post"}],"author":[{"embeddable":true,"href":"https:\/\/albaniantennis.com\/en\/wp-json\/wp\/v2\/users\/2"}],"replies":[{"embeddable":true,"href":"https:\/\/albaniantennis.com\/en\/wp-json\/wp\/v2\/comments?post=3811"}],"version-history":[{"count":1,"href":"https:\/\/albaniantennis.com\/en\/wp-json\/wp\/v2\/posts\/3811\/revisions"}],"predecessor-version":[{"id":3824,"href":"https:\/\/albaniantennis.com\/en\/wp-json\/wp\/v2\/posts\/3811\/revisions\/3824"}],"wp:featuredmedia":[{"embeddable":true,"href":"https:\/\/albaniantennis.com\/en\/wp-json\/wp\/v2\/media\/3823"}],"wp:attachment":[{"href":"https:\/\/albaniantennis.com\/en\/wp-json\/wp\/v2\/media?parent=3811"}],"wp:term":[{"taxonomy":"category","embeddable":true,"href":"https:\/\/albaniantennis.com\/en\/wp-json\/wp\/v2\/categories?post=3811"},{"taxonomy":"post_tag","embeddable":true,"href":"https:\/\/albaniantennis.com\/en\/wp-json\/wp\/v2\/tags?post=3811"}],"curies":[{"name":"wp","href":"https:\/\/api.w.org\/{rel}","templated":true}]}}