{"id":3599,"date":"2022-10-26T10:50:06","date_gmt":"2022-10-26T10:50:06","guid":{"rendered":"https:\/\/albaniantennis.com\/?p=3599"},"modified":"2022-10-26T10:50:06","modified_gmt":"2022-10-26T10:50:06","slug":"inaugurohen-fushat-e-para-dhe-te-vetme-te-tenisit-indoor-ne-tirane","status":"publish","type":"post","link":"https:\/\/albaniantennis.com\/en\/inaugurohen-fushat-e-para-dhe-te-vetme-te-tenisit-indoor-ne-tirane\/","title":{"rendered":"Inaugurohen fushat e para dhe t\u00eb vetme t\u00eb tenisit Indoor n\u00eb Tiran\u00eb"},"content":{"rendered":"<p>N\u00eb Qendr\u00ebn Komb\u00ebtare t\u00eb Tenisit &#8220;National Sport Park&#8221; u inauguruan 2 fusha t\u00eb mbyllura tenisi, shoq\u00ebruar nga nj\u00eb ceremoni e mir\u00eborganizuar inaugurimi, me pjes\u00ebmarrjen e personaliteteve t\u00eb ndryshme nga bota e tenisit, sportit dhe politik\u00ebs e m\u00eb gjer\u00eb.<\/p>\n<p>I ftuar special n\u00eb k\u00ebt\u00eb ceremoni ishte z.Vitor Cabral (ITF Develop<\/p>\n<div class=\"rl-gallery-container\" id=\"rl-gallery-container-1\" data-gallery_id=\"0\"> <div class=\"rl-gallery rl-basicmasonry-gallery\" id=\"rl-gallery-1\" data-gallery_no=\"1\"> <div class=\"rl-gutter-sizer\"><\/div><div class=\"rl-grid-sizer\"><\/div> <div class=\"rl-gallery-item rl-gallery-item-width-4\" > <div class=\"rl-gallery-item-content\"> <a href=\"https:\/\/albaniantennis.com\/wp-content\/uploads\/2022\/10\/DSCF1475-scaled.jpg\" title=\"\" data-rl_title=\"\" class=\"rl-gallery-link\" data-rl_caption=\"\" data-rel=\"lightbox-gallery-1\"><img fetchpriority=\"high\" decoding=\"async\" src=\"https:\/\/albaniantennis.com\/wp-content\/uploads\/2022\/10\/DSCF1475-300x200.jpg\" width=\"300\" height=\"200\" alt=\"\" \/><\/a> <\/div> <\/div> <div class=\"rl-gallery-item\" > <div class=\"rl-gallery-item-content\"> <a href=\"https:\/\/albaniantennis.com\/wp-content\/uploads\/2022\/10\/20221025_170344-scaled.jpg\" title=\"\" data-rl_title=\"\" class=\"rl-gallery-link\" data-rl_caption=\"\" data-rel=\"lightbox-gallery-1\"><img decoding=\"async\" src=\"https:\/\/albaniantennis.com\/wp-content\/uploads\/2022\/10\/20221025_170344-225x300.jpg\" width=\"225\" height=\"300\" alt=\"\" \/><\/a> <\/div> <\/div> <div class=\"rl-gallery-item\" > <div class=\"rl-gallery-item-content\"> <a href=\"https:\/\/albaniantennis.com\/wp-content\/uploads\/2022\/10\/313041578_10158485147920458_6466677762638874522_n.jpg\" title=\"\" data-rl_title=\"\" class=\"rl-gallery-link\" data-rl_caption=\"\" data-rel=\"lightbox-gallery-1\"><img decoding=\"async\" src=\"https:\/\/albaniantennis.com\/wp-content\/uploads\/2022\/10\/313041578_10158485147920458_6466677762638874522_n-300x284.jpg\" width=\"300\" height=\"284\" alt=\"\" \/><\/a> <\/div> <\/div> <div class=\"rl-gallery-item\" > <div class=\"rl-gallery-item-content\"> <a href=\"https:\/\/albaniantennis.com\/wp-content\/uploads\/2022\/10\/20221025_170007-scaled.jpg\" title=\"\" data-rl_title=\"\" class=\"rl-gallery-link\" data-rl_caption=\"\" data-rel=\"lightbox-gallery-1\"><img loading=\"lazy\" decoding=\"async\" src=\"https:\/\/albaniantennis.com\/wp-content\/uploads\/2022\/10\/20221025_170007-225x300.jpg\" width=\"225\" height=\"300\" alt=\"\" \/><\/a> <\/div> <\/div> <div class=\"rl-gallery-item\" > <div class=\"rl-gallery-item-content\"> <a href=\"https:\/\/albaniantennis.com\/wp-content\/uploads\/2022\/10\/Screenshot_20221026-120919_Instagram.jpg\" title=\"\" data-rl_title=\"\" class=\"rl-gallery-link\" data-rl_caption=\"\" data-rel=\"lightbox-gallery-1\"><img loading=\"lazy\" decoding=\"async\" src=\"https:\/\/albaniantennis.com\/wp-content\/uploads\/2022\/10\/Screenshot_20221026-120919_Instagram-300x222.jpg\" width=\"300\" height=\"222\" alt=\"\" \/><\/a> <\/div> <\/div> <div class=\"rl-gallery-item\" > <div class=\"rl-gallery-item-content\"> <a href=\"https:\/\/albaniantennis.com\/wp-content\/uploads\/2022\/10\/DSCF1349-scaled.jpg\" title=\"\" data-rl_title=\"\" class=\"rl-gallery-link\" data-rl_caption=\"\" data-rel=\"lightbox-gallery-1\"><img loading=\"lazy\" decoding=\"async\" src=\"https:\/\/albaniantennis.com\/wp-content\/uploads\/2022\/10\/DSCF1349-300x200.jpg\" width=\"300\" height=\"200\" alt=\"\" \/><\/a> <\/div> <\/div> <div class=\"rl-gallery-item\" > <div class=\"rl-gallery-item-content\"> <a href=\"https:\/\/albaniantennis.com\/wp-content\/uploads\/2022\/10\/DSCF1473-scaled.jpg\" title=\"\" data-rl_title=\"\" class=\"rl-gallery-link\" data-rl_caption=\"\" data-rel=\"lightbox-gallery-1\"><img loading=\"lazy\" decoding=\"async\" src=\"https:\/\/albaniantennis.com\/wp-content\/uploads\/2022\/10\/DSCF1473-300x200.jpg\" width=\"300\" height=\"200\" alt=\"\" \/><\/a> <\/div> <\/div> <div class=\"rl-gallery-item\" > <div class=\"rl-gallery-item-content\"> <a href=\"https:\/\/albaniantennis.com\/wp-content\/uploads\/2022\/10\/DSCF1358-scaled.jpg\" title=\"\" data-rl_title=\"\" class=\"rl-gallery-link\" data-rl_caption=\"\" data-rel=\"lightbox-gallery-1\"><img loading=\"lazy\" decoding=\"async\" src=\"https:\/\/albaniantennis.com\/wp-content\/uploads\/2022\/10\/DSCF1358-300x200.jpg\" width=\"300\" height=\"200\" alt=\"\" \/><\/a> <\/div> <\/div> <div class=\"rl-gallery-item\" > <div class=\"rl-gallery-item-content\"> <a href=\"https:\/\/albaniantennis.com\/wp-content\/uploads\/2022\/10\/DSCF1364-scaled.jpg\" title=\"\" data-rl_title=\"\" class=\"rl-gallery-link\" data-rl_caption=\"\" data-rel=\"lightbox-gallery-1\"><img loading=\"lazy\" decoding=\"async\" src=\"https:\/\/albaniantennis.com\/wp-content\/uploads\/2022\/10\/DSCF1364-300x200.jpg\" width=\"300\" height=\"200\" alt=\"\" \/><\/a> <\/div> <\/div> <div class=\"rl-gallery-item\" > <div class=\"rl-gallery-item-content\"> <a href=\"https:\/\/albaniantennis.com\/wp-content\/uploads\/2022\/10\/DSCF1370-scaled.jpg\" title=\"\" data-rl_title=\"\" class=\"rl-gallery-link\" data-rl_caption=\"\" data-rel=\"lightbox-gallery-1\"><img loading=\"lazy\" decoding=\"async\" src=\"https:\/\/albaniantennis.com\/wp-content\/uploads\/2022\/10\/DSCF1370-300x200.jpg\" width=\"300\" height=\"200\" alt=\"\" \/><\/a> <\/div> <\/div> <div class=\"rl-gallery-item\" > <div class=\"rl-gallery-item-content\"> <a href=\"https:\/\/albaniantennis.com\/wp-content\/uploads\/2022\/10\/DSCF1379-scaled.jpg\" title=\"\" data-rl_title=\"\" class=\"rl-gallery-link\" data-rl_caption=\"\" data-rel=\"lightbox-gallery-1\"><img loading=\"lazy\" decoding=\"async\" src=\"https:\/\/albaniantennis.com\/wp-content\/uploads\/2022\/10\/DSCF1379-300x200.jpg\" width=\"300\" height=\"200\" alt=\"\" \/><\/a> <\/div> <\/div> <div class=\"rl-gallery-item\" > <div class=\"rl-gallery-item-content\"> <a href=\"https:\/\/albaniantennis.com\/wp-content\/uploads\/2022\/10\/DSCF1459-scaled.jpg\" title=\"\" data-rl_title=\"\" class=\"rl-gallery-link\" data-rl_caption=\"\" data-rel=\"lightbox-gallery-1\"><img loading=\"lazy\" decoding=\"async\" src=\"https:\/\/albaniantennis.com\/wp-content\/uploads\/2022\/10\/DSCF1459-300x200.jpg\" width=\"300\" height=\"200\" alt=\"\" \/><\/a> <\/div> <\/div> <div class=\"rl-gallery-item\" > <div class=\"rl-gallery-item-content\"> <a href=\"https:\/\/albaniantennis.com\/wp-content\/uploads\/2022\/10\/DSCF1477-scaled.jpg\" title=\"\" data-rl_title=\"\" class=\"rl-gallery-link\" data-rl_caption=\"\" data-rel=\"lightbox-gallery-1\"><img loading=\"lazy\" decoding=\"async\" src=\"https:\/\/albaniantennis.com\/wp-content\/uploads\/2022\/10\/DSCF1477-300x200.jpg\" width=\"300\" height=\"200\" alt=\"\" \/><\/a> <\/div> <\/div> <div class=\"rl-gallery-item\" > <div class=\"rl-gallery-item-content\"> <a href=\"https:\/\/albaniantennis.com\/wp-content\/uploads\/2022\/10\/DSCF1508-scaled.jpg\" title=\"\" data-rl_title=\"\" class=\"rl-gallery-link\" data-rl_caption=\"\" data-rel=\"lightbox-gallery-1\"><img loading=\"lazy\" decoding=\"async\" src=\"https:\/\/albaniantennis.com\/wp-content\/uploads\/2022\/10\/DSCF1508-300x200.jpg\" width=\"300\" height=\"200\" alt=\"\" \/><\/a> <\/div> <\/div> <div class=\"rl-gallery-item\" > <div class=\"rl-gallery-item-content\"> <a href=\"https:\/\/albaniantennis.com\/wp-content\/uploads\/2022\/10\/DSCF1509-scaled.jpg\" title=\"\" data-rl_title=\"\" class=\"rl-gallery-link\" data-rl_caption=\"\" data-rel=\"lightbox-gallery-1\"><img loading=\"lazy\" decoding=\"async\" src=\"https:\/\/albaniantennis.com\/wp-content\/uploads\/2022\/10\/DSCF1509-300x200.jpg\" width=\"300\" height=\"200\" alt=\"\" \/><\/a> <\/div> <\/div> <div class=\"rl-gallery-item\" > <div class=\"rl-gallery-item-content\"> <a href=\"https:\/\/albaniantennis.com\/wp-content\/uploads\/2022\/10\/DSCF1510-scaled.jpg\" title=\"\" data-rl_title=\"\" class=\"rl-gallery-link\" data-rl_caption=\"\" data-rel=\"lightbox-gallery-1\"><img loading=\"lazy\" decoding=\"async\" src=\"https:\/\/albaniantennis.com\/wp-content\/uploads\/2022\/10\/DSCF1510-300x200.jpg\" width=\"300\" height=\"200\" alt=\"\" \/><\/a> <\/div> <\/div> <\/div> <\/div>\n<p>ment Officer Europe) nga Federata Bot\u00ebrore e Tenisit i cili vler\u00ebsoi maksimalisht investimin e realizuar nga kjo qend\u00ebr por edhe pun\u00ebn q\u00eb Federata Shqiptare e Tenisit po kryen n\u00eb zhvillimin e tenisit n\u00eb vendin ton\u00eb.<\/p>\n<p>T\u00eb pranish\u00ebm n\u00eb k\u00ebt\u00eb ceremoni inaugurimi ishin edhe Presidenti i FSHT z.Ferdinand Sulo, Presidenti i KOKSH z.Fidel Ylli, Drejtori i Politikave t\u00eb Sportit nga MAS z.Jetlir Gjergji, Drejtor Bashkia Tiran\u00eb z.Roland Hysi, Presidenti i FTK z.Jeton Hadergjonaj, Sekretar i P\u00ebrgjithsh\u00ebm i FSHT z.Klaus Bardeli, Drejtor i National Sport Park z.Albi Sulo dhe shum\u00eb personalitete t\u00eb tjer\u00eb t\u00eb r\u00ebnd\u00ebsish\u00ebm nga Shqip\u00ebria, Kosova, Mali i Zi etj.<\/p>\n<p>Me realizimin e k\u00ebtyre fushave tenisi indoor n\u00eb kryeqytet, st\u00ebrvitja e lojtar\u00ebve tan\u00eb do t\u00eb jet\u00eb e mundur t\u00eb zhvillohet p\u00ebrgjat\u00eb gjith\u00eb vitit pavar\u00ebsisht kushteve atmosferike. Kjo mund\u00ebsi do t\u00eb p\u00ebrkthehen n\u00eb aft\u00ebsim t\u00eb m\u00ebtejsh\u00ebm t\u00eb tenist\u00ebve shqiptar\u00eb dhe rezultate m\u00eb t\u00eb arrira.<\/p>\n<p>Federata Shqiptare e Tenisit \u00ebsht\u00eb falenderuese ndaj National Sport Park dhe i urojm\u00eb suksese t\u00eb tjera n\u00eb \u00e7do iniciativ\u00eb n\u00eb t\u00eb mir\u00eb t\u00eb tenisit n\u00eb Shqip\u00ebri!<\/p>","protected":false},"excerpt":{"rendered":"<p>N\u00eb Qendr\u00ebn Komb\u00ebtare t\u00eb Tenisit &#8220;National Sport Park&#8221; u inauguruan 2 fusha t\u00eb mbyllura tenisi, shoq\u00ebruar nga nj\u00eb ceremoni e mir\u00eborganizuar inaugurimi, me pjes\u00ebmarrjen e personaliteteve t\u00eb ndryshme nga bota e tenisit, sportit dhe politik\u00ebs e m\u00eb gjer\u00eb. I ftuar special n\u00eb k\u00ebt\u00eb ceremoni ishte z.Vitor Cabral (ITF Develop ment Officer Europe) nga Federata Bot\u00ebrore e Tenisit i cili vler\u00ebsoi maksimalisht investimin e realizuar nga kjo qend\u00ebr por edhe pun\u00ebn q\u00eb Federata Shqiptare e Tenisit po kryen n\u00eb zhvillimin e tenisit n\u00eb vendin ton\u00eb. T\u00eb pranish\u00ebm n\u00eb k\u00ebt\u00eb ceremoni inaugurimi ishin edhe Presidenti i FSHT z.Ferdinand Sulo, Presidenti i KOKSH z.Fidel Ylli, Drejtori i Politikave t\u00eb Sportit nga MAS z.Jetlir Gjergji, Drejtor Bashkia Tiran\u00eb z.Roland Hysi, Presidenti i FTK z.Jeton Hadergjonaj, Sekretar i P\u00ebrgjithsh\u00ebm i FSHT z.Klaus Bardeli, Drejtor i National Sport Park z.Albi Sulo dhe shum\u00eb personalitete t\u00eb tjer\u00eb t\u00eb r\u00ebnd\u00ebsish\u00ebm nga Shqip\u00ebria, Kosova, Mali i Zi etj. Me realizimin e k\u00ebtyre fushave tenisi indoor n\u00eb kryeqytet, st\u00ebrvitja e lojtar\u00ebve tan\u00eb do t\u00eb jet\u00eb e mundur t\u00eb zhvillohet p\u00ebrgjat\u00eb gjith\u00eb vitit pavar\u00ebsisht kushteve atmosferike. Kjo mund\u00ebsi do t\u00eb p\u00ebrkthehen n\u00eb aft\u00ebsim t\u00eb m\u00ebtejsh\u00ebm t\u00eb tenist\u00ebve shqiptar\u00eb dhe rezultate m\u00eb t\u00eb arrira. Federata Shqiptare e Tenisit \u00ebsht\u00eb falenderuese ndaj National Sport Park dhe i urojm\u00eb suksese t\u00eb tjera n\u00eb \u00e7do iniciativ\u00eb n\u00eb t\u00eb mir\u00eb t\u00eb tenisit n\u00eb Shqip\u00ebri!<\/p>","protected":false},"author":2,"featured_media":3616,"comment_status":"closed","ping_status":"open","sticky":false,"template":"","format":"standard","meta":{"_eb_attr":"","pgc_sgb_lightbox_settings":"","footnotes":""},"categories":[11],"tags":[82,18,35,246,138,91,28,244,243,99,242,14,149,245],"class_list":["post-3599","post","type-post","status-publish","format-standard","has-post-thumbnail","hentry","category-lajme","tag-82","tag-albania","tag-albaniantennisfederation","tag-albisulo","tag-ferdinandsulo","tag-fidelylli","tag-fsht","tag-fushatenisi","tag-indoorcourts","tag-klausbardeli","tag-nationalsportpark","tag-tennis","tag-tirana","tag-vitorcabral"],"yoast_head":"<!-- This site is optimized with the Yoast SEO plugin v27.4 - https:\/\/yoast.com\/product\/yoast-seo-wordpress\/ -->\n<title>Inaugurohen fushat e para dhe t\u00eb vetme t\u00eb tenisit Indoor n\u00eb Tiran\u00eb &#8212; Federata Shqiptare e Tenisit<\/title>\n<meta name=\"robots\" content=\"index, follow, max-snippet:-1, max-image-preview:large, max-video-preview:-1\" \/>\n<link rel=\"canonical\" href=\"https:\/\/albaniantennis.com\/en\/inaugurohen-fushat-e-para-dhe-te-vetme-te-tenisit-indoor-ne-tirane\/\" \/>\n<meta property=\"og:locale\" content=\"en_US\" \/>\n<meta property=\"og:type\" content=\"article\" \/>\n<meta property=\"og:title\" content=\"Inaugurohen fushat e para dhe t\u00eb vetme t\u00eb tenisit Indoor n\u00eb Tiran\u00eb &#8212; Federata Shqiptare e Tenisit\" \/>\n<meta property=\"og:description\" content=\"N\u00eb Qendr\u00ebn Komb\u00ebtare t\u00eb Tenisit &#8220;National Sport Park&#8221; u inauguruan 2 fusha t\u00eb mbyllura tenisi, shoq\u00ebruar nga nj\u00eb ceremoni e mir\u00eborganizuar inaugurimi, me pjes\u00ebmarrjen e personaliteteve t\u00eb ndryshme nga bota e tenisit, sportit dhe politik\u00ebs e m\u00eb gjer\u00eb. I ftuar special n\u00eb k\u00ebt\u00eb ceremoni ishte z.Vitor Cabral (ITF Develop ment Officer Europe) nga Federata Bot\u00ebrore e Tenisit i cili vler\u00ebsoi maksimalisht investimin e realizuar nga kjo qend\u00ebr por edhe pun\u00ebn q\u00eb Federata Shqiptare e Tenisit po kryen n\u00eb zhvillimin e tenisit n\u00eb vendin ton\u00eb. T\u00eb pranish\u00ebm n\u00eb k\u00ebt\u00eb ceremoni inaugurimi ishin edhe Presidenti i FSHT z.Ferdinand Sulo, Presidenti i KOKSH z.Fidel Ylli, Drejtori i Politikave t\u00eb Sportit nga MAS z.Jetlir Gjergji, Drejtor Bashkia Tiran\u00eb z.Roland Hysi, Presidenti i FTK z.Jeton Hadergjonaj, Sekretar i P\u00ebrgjithsh\u00ebm i FSHT z.Klaus Bardeli, Drejtor i National Sport Park z.Albi Sulo dhe shum\u00eb personalitete t\u00eb tjer\u00eb t\u00eb r\u00ebnd\u00ebsish\u00ebm nga Shqip\u00ebria, Kosova, Mali i Zi etj. Me realizimin e k\u00ebtyre fushave tenisi indoor n\u00eb kryeqytet, st\u00ebrvitja e lojtar\u00ebve tan\u00eb do t\u00eb jet\u00eb e mundur t\u00eb zhvillohet p\u00ebrgjat\u00eb gjith\u00eb vitit pavar\u00ebsisht kushteve atmosferike. Kjo mund\u00ebsi do t\u00eb p\u00ebrkthehen n\u00eb aft\u00ebsim t\u00eb m\u00ebtejsh\u00ebm t\u00eb tenist\u00ebve shqiptar\u00eb dhe rezultate m\u00eb t\u00eb arrira. Federata Shqiptare e Tenisit \u00ebsht\u00eb falenderuese ndaj National Sport Park dhe i urojm\u00eb suksese t\u00eb tjera n\u00eb \u00e7do iniciativ\u00eb n\u00eb t\u00eb mir\u00eb t\u00eb tenisit n\u00eb Shqip\u00ebri!\" \/>\n<meta property=\"og:url\" content=\"https:\/\/albaniantennis.com\/en\/inaugurohen-fushat-e-para-dhe-te-vetme-te-tenisit-indoor-ne-tirane\/\" \/>\n<meta property=\"og:site_name\" content=\"Federata Shqiptare e Tenisit\" \/>\n<meta property=\"article:published_time\" content=\"2022-10-26T10:50:06+00:00\" \/>\n<meta property=\"og:image\" content=\"https:\/\/albaniantennis.com\/wp-content\/uploads\/2022\/10\/DSCF1510-1-scaled.jpg\" \/>\n\t<meta property=\"og:image:width\" content=\"2560\" \/>\n\t<meta property=\"og:image:height\" content=\"1440\" \/>\n\t<meta property=\"og:image:type\" content=\"image\/jpeg\" \/>\n<meta name=\"author\" content=\"Klaus Bardeli\" \/>\n<meta name=\"twitter:card\" content=\"summary_large_image\" \/>\n<meta name=\"twitter:label1\" content=\"Written by\" \/>\n\t<meta name=\"twitter:data1\" content=\"Klaus Bardeli\" \/>\n\t<meta name=\"twitter:label2\" content=\"Est. reading time\" \/>\n\t<meta name=\"twitter:data2\" content=\"1 minute\" \/>\n<script type=\"application\/ld+json\" class=\"yoast-schema-graph\">{\"@context\":\"https:\\\/\\\/schema.org\",\"@graph\":[{\"@type\":\"Article\",\"@id\":\"https:\\\/\\\/albaniantennis.com\\\/inaugurohen-fushat-e-para-dhe-te-vetme-te-tenisit-indoor-ne-tirane\\\/#article\",\"isPartOf\":{\"@id\":\"https:\\\/\\\/albaniantennis.com\\\/inaugurohen-fushat-e-para-dhe-te-vetme-te-tenisit-indoor-ne-tirane\\\/\"},\"author\":{\"name\":\"Klaus Bardeli\",\"@id\":\"https:\\\/\\\/albaniantennis.com\\\/#\\\/schema\\\/person\\\/6fa460f218c0ed8800448dcf025b86e5\"},\"headline\":\"Inaugurohen fushat e para dhe t\u00eb vetme t\u00eb tenisit Indoor n\u00eb Tiran\u00eb\",\"datePublished\":\"2022-10-26T10:50:06+00:00\",\"mainEntityOfPage\":{\"@id\":\"https:\\\/\\\/albaniantennis.com\\\/inaugurohen-fushat-e-para-dhe-te-vetme-te-tenisit-indoor-ne-tirane\\\/\"},\"wordCount\":274,\"publisher\":{\"@id\":\"https:\\\/\\\/albaniantennis.com\\\/#organization\"},\"image\":{\"@id\":\"https:\\\/\\\/albaniantennis.com\\\/inaugurohen-fushat-e-para-dhe-te-vetme-te-tenisit-indoor-ne-tirane\\\/#primaryimage\"},\"thumbnailUrl\":\"https:\\\/\\\/albaniantennis.com\\\/wp-content\\\/uploads\\\/2022\\\/10\\\/DSCF1510-1-scaled.jpg\",\"keywords\":[\"2022\",\"albania\",\"albaniantennisfederation\",\"AlbiSulo\",\"FerdinandSulo\",\"fidelylli\",\"fsht\",\"fushatenisi\",\"IndoorCourts\",\"klausbardeli\",\"NationalSportPark\",\"tennis\",\"tirana\",\"VitorCabral\"],\"articleSection\":[\"Lajme\"],\"inLanguage\":\"en-US\"},{\"@type\":\"WebPage\",\"@id\":\"https:\\\/\\\/albaniantennis.com\\\/inaugurohen-fushat-e-para-dhe-te-vetme-te-tenisit-indoor-ne-tirane\\\/\",\"url\":\"https:\\\/\\\/albaniantennis.com\\\/inaugurohen-fushat-e-para-dhe-te-vetme-te-tenisit-indoor-ne-tirane\\\/\",\"name\":\"Inaugurohen fushat e para dhe t\u00eb vetme t\u00eb tenisit Indoor n\u00eb Tiran\u00eb &#8212; Federata Shqiptare e Tenisit\",\"isPartOf\":{\"@id\":\"https:\\\/\\\/albaniantennis.com\\\/#website\"},\"primaryImageOfPage\":{\"@id\":\"https:\\\/\\\/albaniantennis.com\\\/inaugurohen-fushat-e-para-dhe-te-vetme-te-tenisit-indoor-ne-tirane\\\/#primaryimage\"},\"image\":{\"@id\":\"https:\\\/\\\/albaniantennis.com\\\/inaugurohen-fushat-e-para-dhe-te-vetme-te-tenisit-indoor-ne-tirane\\\/#primaryimage\"},\"thumbnailUrl\":\"https:\\\/\\\/albaniantennis.com\\\/wp-content\\\/uploads\\\/2022\\\/10\\\/DSCF1510-1-scaled.jpg\",\"datePublished\":\"2022-10-26T10:50:06+00:00\",\"breadcrumb\":{\"@id\":\"https:\\\/\\\/albaniantennis.com\\\/inaugurohen-fushat-e-para-dhe-te-vetme-te-tenisit-indoor-ne-tirane\\\/#breadcrumb\"},\"inLanguage\":\"en-US\",\"potentialAction\":[{\"@type\":\"ReadAction\",\"target\":[\"https:\\\/\\\/albaniantennis.com\\\/inaugurohen-fushat-e-para-dhe-te-vetme-te-tenisit-indoor-ne-tirane\\\/\"]}]},{\"@type\":\"ImageObject\",\"inLanguage\":\"en-US\",\"@id\":\"https:\\\/\\\/albaniantennis.com\\\/inaugurohen-fushat-e-para-dhe-te-vetme-te-tenisit-indoor-ne-tirane\\\/#primaryimage\",\"url\":\"https:\\\/\\\/albaniantennis.com\\\/wp-content\\\/uploads\\\/2022\\\/10\\\/DSCF1510-1-scaled.jpg\",\"contentUrl\":\"https:\\\/\\\/albaniantennis.com\\\/wp-content\\\/uploads\\\/2022\\\/10\\\/DSCF1510-1-scaled.jpg\",\"width\":2560,\"height\":1440},{\"@type\":\"BreadcrumbList\",\"@id\":\"https:\\\/\\\/albaniantennis.com\\\/inaugurohen-fushat-e-para-dhe-te-vetme-te-tenisit-indoor-ne-tirane\\\/#breadcrumb\",\"itemListElement\":[{\"@type\":\"ListItem\",\"position\":1,\"name\":\"Home\",\"item\":\"https:\\\/\\\/albaniantennis.com\\\/\"},{\"@type\":\"ListItem\",\"position\":2,\"name\":\"Inaugurohen fushat e para dhe t\u00eb vetme t\u00eb tenisit Indoor n\u00eb Tiran\u00eb\"}]},{\"@type\":\"WebSite\",\"@id\":\"https:\\\/\\\/albaniantennis.com\\\/#website\",\"url\":\"https:\\\/\\\/albaniantennis.com\\\/\",\"name\":\"Federata Shqiptare e Tenisit\",\"description\":\"Federata Shqiptare e Tenisit\",\"publisher\":{\"@id\":\"https:\\\/\\\/albaniantennis.com\\\/#organization\"},\"potentialAction\":[{\"@type\":\"SearchAction\",\"target\":{\"@type\":\"EntryPoint\",\"urlTemplate\":\"https:\\\/\\\/albaniantennis.com\\\/?s={search_term_string}\"},\"query-input\":{\"@type\":\"PropertyValueSpecification\",\"valueRequired\":true,\"valueName\":\"search_term_string\"}}],\"inLanguage\":\"en-US\"},{\"@type\":\"Organization\",\"@id\":\"https:\\\/\\\/albaniantennis.com\\\/#organization\",\"name\":\"Federata Shqip\u00ebtare e Tenisit\",\"url\":\"https:\\\/\\\/albaniantennis.com\\\/\",\"logo\":{\"@type\":\"ImageObject\",\"inLanguage\":\"en-US\",\"@id\":\"https:\\\/\\\/albaniantennis.com\\\/#\\\/schema\\\/logo\\\/image\\\/\",\"url\":\"https:\\\/\\\/albaniantennis.com\\\/wp-content\\\/uploads\\\/2022\\\/03\\\/Logo.png\",\"contentUrl\":\"https:\\\/\\\/albaniantennis.com\\\/wp-content\\\/uploads\\\/2022\\\/03\\\/Logo.png\",\"width\":473,\"height\":400,\"caption\":\"Federata Shqip\u00ebtare e Tenisit\"},\"image\":{\"@id\":\"https:\\\/\\\/albaniantennis.com\\\/#\\\/schema\\\/logo\\\/image\\\/\"}},{\"@type\":\"Person\",\"@id\":\"https:\\\/\\\/albaniantennis.com\\\/#\\\/schema\\\/person\\\/6fa460f218c0ed8800448dcf025b86e5\",\"name\":\"Klaus Bardeli\",\"image\":{\"@type\":\"ImageObject\",\"inLanguage\":\"en-US\",\"@id\":\"https:\\\/\\\/secure.gravatar.com\\\/avatar\\\/294dce01b4cf43b267750000becaa1f5eb79a5971757ba9256e0bad4a9a4c807?s=96&d=mm&r=g\",\"url\":\"https:\\\/\\\/secure.gravatar.com\\\/avatar\\\/294dce01b4cf43b267750000becaa1f5eb79a5971757ba9256e0bad4a9a4c807?s=96&d=mm&r=g\",\"contentUrl\":\"https:\\\/\\\/secure.gravatar.com\\\/avatar\\\/294dce01b4cf43b267750000becaa1f5eb79a5971757ba9256e0bad4a9a4c807?s=96&d=mm&r=g\",\"caption\":\"Klaus Bardeli\"},\"url\":\"https:\\\/\\\/albaniantennis.com\\\/en\\\/author\\\/klausi\\\/\"}]}<\/script>\n<!-- \/ Yoast SEO plugin. -->","yoast_head_json":{"title":"Inaugurohen fushat e para dhe t\u00eb vetme t\u00eb tenisit Indoor n\u00eb Tiran\u00eb &#8212; Federata Shqiptare e Tenisit","robots":{"index":"index","follow":"follow","max-snippet":"max-snippet:-1","max-image-preview":"max-image-preview:large","max-video-preview":"max-video-preview:-1"},"canonical":"https:\/\/albaniantennis.com\/en\/inaugurohen-fushat-e-para-dhe-te-vetme-te-tenisit-indoor-ne-tirane\/","og_locale":"en_US","og_type":"article","og_title":"Inaugurohen fushat e para dhe t\u00eb vetme t\u00eb tenisit Indoor n\u00eb Tiran\u00eb &#8212; Federata Shqiptare e Tenisit","og_description":"N\u00eb Qendr\u00ebn Komb\u00ebtare t\u00eb Tenisit &#8220;National Sport Park&#8221; u inauguruan 2 fusha t\u00eb mbyllura tenisi, shoq\u00ebruar nga nj\u00eb ceremoni e mir\u00eborganizuar inaugurimi, me pjes\u00ebmarrjen e personaliteteve t\u00eb ndryshme nga bota e tenisit, sportit dhe politik\u00ebs e m\u00eb gjer\u00eb. I ftuar special n\u00eb k\u00ebt\u00eb ceremoni ishte z.Vitor Cabral (ITF Develop ment Officer Europe) nga Federata Bot\u00ebrore e Tenisit i cili vler\u00ebsoi maksimalisht investimin e realizuar nga kjo qend\u00ebr por edhe pun\u00ebn q\u00eb Federata Shqiptare e Tenisit po kryen n\u00eb zhvillimin e tenisit n\u00eb vendin ton\u00eb. T\u00eb pranish\u00ebm n\u00eb k\u00ebt\u00eb ceremoni inaugurimi ishin edhe Presidenti i FSHT z.Ferdinand Sulo, Presidenti i KOKSH z.Fidel Ylli, Drejtori i Politikave t\u00eb Sportit nga MAS z.Jetlir Gjergji, Drejtor Bashkia Tiran\u00eb z.Roland Hysi, Presidenti i FTK z.Jeton Hadergjonaj, Sekretar i P\u00ebrgjithsh\u00ebm i FSHT z.Klaus Bardeli, Drejtor i National Sport Park z.Albi Sulo dhe shum\u00eb personalitete t\u00eb tjer\u00eb t\u00eb r\u00ebnd\u00ebsish\u00ebm nga Shqip\u00ebria, Kosova, Mali i Zi etj. Me realizimin e k\u00ebtyre fushave tenisi indoor n\u00eb kryeqytet, st\u00ebrvitja e lojtar\u00ebve tan\u00eb do t\u00eb jet\u00eb e mundur t\u00eb zhvillohet p\u00ebrgjat\u00eb gjith\u00eb vitit pavar\u00ebsisht kushteve atmosferike. Kjo mund\u00ebsi do t\u00eb p\u00ebrkthehen n\u00eb aft\u00ebsim t\u00eb m\u00ebtejsh\u00ebm t\u00eb tenist\u00ebve shqiptar\u00eb dhe rezultate m\u00eb t\u00eb arrira. Federata Shqiptare e Tenisit \u00ebsht\u00eb falenderuese ndaj National Sport Park dhe i urojm\u00eb suksese t\u00eb tjera n\u00eb \u00e7do iniciativ\u00eb n\u00eb t\u00eb mir\u00eb t\u00eb tenisit n\u00eb Shqip\u00ebri!","og_url":"https:\/\/albaniantennis.com\/en\/inaugurohen-fushat-e-para-dhe-te-vetme-te-tenisit-indoor-ne-tirane\/","og_site_name":"Federata Shqiptare e Tenisit","article_published_time":"2022-10-26T10:50:06+00:00","og_image":[{"width":2560,"height":1440,"url":"https:\/\/albaniantennis.com\/wp-content\/uploads\/2022\/10\/DSCF1510-1-scaled.jpg","type":"image\/jpeg"}],"author":"Klaus Bardeli","twitter_card":"summary_large_image","twitter_misc":{"Written by":"Klaus Bardeli","Est. reading time":"1 minute"},"schema":{"@context":"https:\/\/schema.org","@graph":[{"@type":"Article","@id":"https:\/\/albaniantennis.com\/inaugurohen-fushat-e-para-dhe-te-vetme-te-tenisit-indoor-ne-tirane\/#article","isPartOf":{"@id":"https:\/\/albaniantennis.com\/inaugurohen-fushat-e-para-dhe-te-vetme-te-tenisit-indoor-ne-tirane\/"},"author":{"name":"Klaus Bardeli","@id":"https:\/\/albaniantennis.com\/#\/schema\/person\/6fa460f218c0ed8800448dcf025b86e5"},"headline":"Inaugurohen fushat e para dhe t\u00eb vetme t\u00eb tenisit Indoor n\u00eb Tiran\u00eb","datePublished":"2022-10-26T10:50:06+00:00","mainEntityOfPage":{"@id":"https:\/\/albaniantennis.com\/inaugurohen-fushat-e-para-dhe-te-vetme-te-tenisit-indoor-ne-tirane\/"},"wordCount":274,"publisher":{"@id":"https:\/\/albaniantennis.com\/#organization"},"image":{"@id":"https:\/\/albaniantennis.com\/inaugurohen-fushat-e-para-dhe-te-vetme-te-tenisit-indoor-ne-tirane\/#primaryimage"},"thumbnailUrl":"https:\/\/albaniantennis.com\/wp-content\/uploads\/2022\/10\/DSCF1510-1-scaled.jpg","keywords":["2022","albania","albaniantennisfederation","AlbiSulo","FerdinandSulo","fidelylli","fsht","fushatenisi","IndoorCourts","klausbardeli","NationalSportPark","tennis","tirana","VitorCabral"],"articleSection":["Lajme"],"inLanguage":"en-US"},{"@type":"WebPage","@id":"https:\/\/albaniantennis.com\/inaugurohen-fushat-e-para-dhe-te-vetme-te-tenisit-indoor-ne-tirane\/","url":"https:\/\/albaniantennis.com\/inaugurohen-fushat-e-para-dhe-te-vetme-te-tenisit-indoor-ne-tirane\/","name":"Inaugurohen fushat e para dhe t\u00eb vetme t\u00eb tenisit Indoor n\u00eb Tiran\u00eb &#8212; Federata Shqiptare e Tenisit","isPartOf":{"@id":"https:\/\/albaniantennis.com\/#website"},"primaryImageOfPage":{"@id":"https:\/\/albaniantennis.com\/inaugurohen-fushat-e-para-dhe-te-vetme-te-tenisit-indoor-ne-tirane\/#primaryimage"},"image":{"@id":"https:\/\/albaniantennis.com\/inaugurohen-fushat-e-para-dhe-te-vetme-te-tenisit-indoor-ne-tirane\/#primaryimage"},"thumbnailUrl":"https:\/\/albaniantennis.com\/wp-content\/uploads\/2022\/10\/DSCF1510-1-scaled.jpg","datePublished":"2022-10-26T10:50:06+00:00","breadcrumb":{"@id":"https:\/\/albaniantennis.com\/inaugurohen-fushat-e-para-dhe-te-vetme-te-tenisit-indoor-ne-tirane\/#breadcrumb"},"inLanguage":"en-US","potentialAction":[{"@type":"ReadAction","target":["https:\/\/albaniantennis.com\/inaugurohen-fushat-e-para-dhe-te-vetme-te-tenisit-indoor-ne-tirane\/"]}]},{"@type":"ImageObject","inLanguage":"en-US","@id":"https:\/\/albaniantennis.com\/inaugurohen-fushat-e-para-dhe-te-vetme-te-tenisit-indoor-ne-tirane\/#primaryimage","url":"https:\/\/albaniantennis.com\/wp-content\/uploads\/2022\/10\/DSCF1510-1-scaled.jpg","contentUrl":"https:\/\/albaniantennis.com\/wp-content\/uploads\/2022\/10\/DSCF1510-1-scaled.jpg","width":2560,"height":1440},{"@type":"BreadcrumbList","@id":"https:\/\/albaniantennis.com\/inaugurohen-fushat-e-para-dhe-te-vetme-te-tenisit-indoor-ne-tirane\/#breadcrumb","itemListElement":[{"@type":"ListItem","position":1,"name":"Home","item":"https:\/\/albaniantennis.com\/"},{"@type":"ListItem","position":2,"name":"Inaugurohen fushat e para dhe t\u00eb vetme t\u00eb tenisit Indoor n\u00eb Tiran\u00eb"}]},{"@type":"WebSite","@id":"https:\/\/albaniantennis.com\/#website","url":"https:\/\/albaniantennis.com\/","name":"Federata Shqiptare e Tenisit","description":"Federata Shqiptare e Tenisit","publisher":{"@id":"https:\/\/albaniantennis.com\/#organization"},"potentialAction":[{"@type":"SearchAction","target":{"@type":"EntryPoint","urlTemplate":"https:\/\/albaniantennis.com\/?s={search_term_string}"},"query-input":{"@type":"PropertyValueSpecification","valueRequired":true,"valueName":"search_term_string"}}],"inLanguage":"en-US"},{"@type":"Organization","@id":"https:\/\/albaniantennis.com\/#organization","name":"Federata Shqip\u00ebtare e Tenisit","url":"https:\/\/albaniantennis.com\/","logo":{"@type":"ImageObject","inLanguage":"en-US","@id":"https:\/\/albaniantennis.com\/#\/schema\/logo\/image\/","url":"https:\/\/albaniantennis.com\/wp-content\/uploads\/2022\/03\/Logo.png","contentUrl":"https:\/\/albaniantennis.com\/wp-content\/uploads\/2022\/03\/Logo.png","width":473,"height":400,"caption":"Federata Shqip\u00ebtare e Tenisit"},"image":{"@id":"https:\/\/albaniantennis.com\/#\/schema\/logo\/image\/"}},{"@type":"Person","@id":"https:\/\/albaniantennis.com\/#\/schema\/person\/6fa460f218c0ed8800448dcf025b86e5","name":"Klaus Bardeli","image":{"@type":"ImageObject","inLanguage":"en-US","@id":"https:\/\/secure.gravatar.com\/avatar\/294dce01b4cf43b267750000becaa1f5eb79a5971757ba9256e0bad4a9a4c807?s=96&d=mm&r=g","url":"https:\/\/secure.gravatar.com\/avatar\/294dce01b4cf43b267750000becaa1f5eb79a5971757ba9256e0bad4a9a4c807?s=96&d=mm&r=g","contentUrl":"https:\/\/secure.gravatar.com\/avatar\/294dce01b4cf43b267750000becaa1f5eb79a5971757ba9256e0bad4a9a4c807?s=96&d=mm&r=g","caption":"Klaus Bardeli"},"url":"https:\/\/albaniantennis.com\/en\/author\/klausi\/"}]}},"_links":{"self":[{"href":"https:\/\/albaniantennis.com\/en\/wp-json\/wp\/v2\/posts\/3599","targetHints":{"allow":["GET"]}}],"collection":[{"href":"https:\/\/albaniantennis.com\/en\/wp-json\/wp\/v2\/posts"}],"about":[{"href":"https:\/\/albaniantennis.com\/en\/wp-json\/wp\/v2\/types\/post"}],"author":[{"embeddable":true,"href":"https:\/\/albaniantennis.com\/en\/wp-json\/wp\/v2\/users\/2"}],"replies":[{"embeddable":true,"href":"https:\/\/albaniantennis.com\/en\/wp-json\/wp\/v2\/comments?post=3599"}],"version-history":[{"count":1,"href":"https:\/\/albaniantennis.com\/en\/wp-json\/wp\/v2\/posts\/3599\/revisions"}],"predecessor-version":[{"id":3617,"href":"https:\/\/albaniantennis.com\/en\/wp-json\/wp\/v2\/posts\/3599\/revisions\/3617"}],"wp:featuredmedia":[{"embeddable":true,"href":"https:\/\/albaniantennis.com\/en\/wp-json\/wp\/v2\/media\/3616"}],"wp:attachment":[{"href":"https:\/\/albaniantennis.com\/en\/wp-json\/wp\/v2\/media?parent=3599"}],"wp:term":[{"taxonomy":"category","embeddable":true,"href":"https:\/\/albaniantennis.com\/en\/wp-json\/wp\/v2\/categories?post=3599"},{"taxonomy":"post_tag","embeddable":true,"href":"https:\/\/albaniantennis.com\/en\/wp-json\/wp\/v2\/tags?post=3599"}],"curies":[{"name":"wp","href":"https:\/\/api.w.org\/{rel}","templated":true}]}}