{"id":3319,"date":"2022-07-19T12:07:36","date_gmt":"2022-07-19T12:07:36","guid":{"rendered":"https:\/\/albaniantennis.com\/?p=3319"},"modified":"2022-07-19T13:14:22","modified_gmt":"2022-07-19T13:14:22","slug":"%d0%b5kipi-kombetar-u14-mbyll-javen-e-trajnimit-ne-prostejov-te-cekise","status":"publish","type":"post","link":"https:\/\/albaniantennis.com\/en\/%d0%b5kipi-kombetar-u14-mbyll-javen-e-trajnimit-ne-prostejov-te-cekise\/","title":{"rendered":"\u0415kipi komb\u00ebtar U14 mbyll jav\u00ebn e trajnimit n\u00eb Prostejov t\u00eb \u00c7ekis\u00eb"},"content":{"rendered":"<div dir=\"auto\">\u0415kipi komb\u00ebtar shqiptar i kategoris\u00eb U14 mbyll jav\u00ebn e trajnimit, n\u00eb Prostejov t\u00eb \u00c7ekis\u00eb, me trajnerin e mir\u00ebnjohur Jiri Novak (ish-lojtar profesionist me renditje nr.5 ATP).<\/div>\n<div dir=\"auto\">Tenist\u00ebt tan\u00eb: Kledi Gaba, Damian Methasani, Ajri Hoxha dhe Emili Bilali pat\u00ebn mund\u00ebsin\u00eb t\u00eb st\u00ebrviten n\u00eb m\u00ebnyr\u00eb intensive p\u00ebrgjat\u00eb k\u00ebtyre dit\u00ebve n\u00eb &#8220;Tenis Klub Prostejov &#8221; \u00c7eki.<\/div>\n<div dir=\"auto\">Ekipi shqiptar ishte n\u00ebn kujdesin e trajnerit komb\u00ebtar Tedi Kaso.<\/div>\n<div dir=\"auto\">\n<p>Federata Shqiptare e Tenisit shprehet falenderuese ndaj Tennis Europe, bashk\u00ebpinimi me t\u00eb cil\u00ebn solli realizimin e k\u00ebtij kursi t\u00eb vlefsh\u00ebm p\u00ebr rritjen e nivelit profesional t\u00eb ekipi ton\u00eb U14.<\/p>\n<div class=\"rl-gallery-container\" id=\"rl-gallery-container-1\" data-gallery_id=\"0\"> <div class=\"rl-gallery rl-basicmasonry-gallery\" id=\"rl-gallery-1\" data-gallery_no=\"1\"> <div class=\"rl-gutter-sizer\"><\/div><div class=\"rl-grid-sizer\"><\/div> <div class=\"rl-gallery-item rl-gallery-item-width-4\" > <div class=\"rl-gallery-item-content\"> <a href=\"https:\/\/albaniantennis.com\/wp-content\/uploads\/2022\/07\/294159024_165838475996717_5804462510613268972_n.jpg\" title=\"\" data-rl_title=\"\" class=\"rl-gallery-link\" data-rl_caption=\"\" data-rel=\"lightbox-gallery-1\"><img fetchpriority=\"high\" decoding=\"async\" src=\"https:\/\/albaniantennis.com\/wp-content\/uploads\/2022\/07\/294159024_165838475996717_5804462510613268972_n-300x300.jpg\" width=\"300\" height=\"300\" alt=\"\" \/><\/a> <\/div> <\/div> <div class=\"rl-gallery-item\" > <div class=\"rl-gallery-item-content\"> <a href=\"https:\/\/albaniantennis.com\/wp-content\/uploads\/2022\/07\/294362053_165838619330036_2715061012004300894_n.jpg\" title=\"\" data-rl_title=\"\" class=\"rl-gallery-link\" data-rl_caption=\"\" data-rel=\"lightbox-gallery-1\"><img decoding=\"async\" src=\"https:\/\/albaniantennis.com\/wp-content\/uploads\/2022\/07\/294362053_165838619330036_2715061012004300894_n-300x300.jpg\" width=\"300\" height=\"300\" alt=\"\" \/><\/a> <\/div> <\/div> <div class=\"rl-gallery-item\" > <div class=\"rl-gallery-item-content\"> <a href=\"https:\/\/albaniantennis.com\/wp-content\/uploads\/2022\/07\/294205564_165838645996700_2652618120405849240_n.jpg\" title=\"\" data-rl_title=\"\" class=\"rl-gallery-link\" data-rl_caption=\"\" data-rel=\"lightbox-gallery-1\"><img decoding=\"async\" src=\"https:\/\/albaniantennis.com\/wp-content\/uploads\/2022\/07\/294205564_165838645996700_2652618120405849240_n-300x300.jpg\" width=\"300\" height=\"300\" alt=\"\" \/><\/a> <\/div> <\/div> <div class=\"rl-gallery-item\" > <div class=\"rl-gallery-item-content\"> <a href=\"https:\/\/albaniantennis.com\/wp-content\/uploads\/2022\/07\/294120886_165838592663372_5752274279228143072_n.jpg\" title=\"\" data-rl_title=\"\" class=\"rl-gallery-link\" data-rl_caption=\"\" data-rel=\"lightbox-gallery-1\"><img loading=\"lazy\" decoding=\"async\" src=\"https:\/\/albaniantennis.com\/wp-content\/uploads\/2022\/07\/294120886_165838592663372_5752274279228143072_n-300x300.jpg\" width=\"300\" height=\"300\" alt=\"\" \/><\/a> <\/div> <\/div> <div class=\"rl-gallery-item\" > <div class=\"rl-gallery-item-content\"> <a href=\"https:\/\/albaniantennis.com\/wp-content\/uploads\/2022\/07\/294250550_165838555996709_2198221080350249215_n.jpg\" title=\"\" data-rl_title=\"\" class=\"rl-gallery-link\" data-rl_caption=\"\" data-rel=\"lightbox-gallery-1\"><img loading=\"lazy\" decoding=\"async\" src=\"https:\/\/albaniantennis.com\/wp-content\/uploads\/2022\/07\/294250550_165838555996709_2198221080350249215_n-300x300.jpg\" width=\"300\" height=\"300\" alt=\"\" \/><\/a> <\/div> <\/div> <div class=\"rl-gallery-item\" > <div class=\"rl-gallery-item-content\"> <a href=\"https:\/\/albaniantennis.com\/wp-content\/uploads\/2022\/07\/294423934_165838529330045_4150354713546280734_n.jpg\" title=\"\" data-rl_title=\"\" class=\"rl-gallery-link\" data-rl_caption=\"\" data-rel=\"lightbox-gallery-1\"><img loading=\"lazy\" decoding=\"async\" src=\"https:\/\/albaniantennis.com\/wp-content\/uploads\/2022\/07\/294423934_165838529330045_4150354713546280734_n-300x300.jpg\" width=\"300\" height=\"300\" alt=\"\" \/><\/a> <\/div> <\/div> <div class=\"rl-gallery-item\" > <div class=\"rl-gallery-item-content\"> <a href=\"https:\/\/albaniantennis.com\/wp-content\/uploads\/2022\/07\/294440568_165838505996714_1604932403346648380_n.jpg\" title=\"\" data-rl_title=\"\" class=\"rl-gallery-link\" data-rl_caption=\"\" data-rel=\"lightbox-gallery-1\"><img loading=\"lazy\" decoding=\"async\" src=\"https:\/\/albaniantennis.com\/wp-content\/uploads\/2022\/07\/294440568_165838505996714_1604932403346648380_n-300x300.jpg\" width=\"300\" height=\"300\" alt=\"\" \/><\/a> <\/div> <\/div> <\/div> <\/div>\n<\/div>","protected":false},"excerpt":{"rendered":"<p>\u0415kipi komb\u00ebtar shqiptar i kategoris\u00eb U14 mbyll jav\u00ebn e trajnimit, n\u00eb Prostejov t\u00eb \u00c7ekis\u00eb, me trajnerin e mir\u00ebnjohur Jiri Novak (ish-lojtar profesionist me renditje nr.5 ATP). Tenist\u00ebt tan\u00eb: Kledi Gaba, Damian Methasani, Ajri Hoxha dhe Emili Bilali pat\u00ebn mund\u00ebsin\u00eb t\u00eb st\u00ebrviten n\u00eb m\u00ebnyr\u00eb intensive p\u00ebrgjat\u00eb k\u00ebtyre dit\u00ebve n\u00eb &#8220;Tenis Klub Prostejov &#8221; \u00c7eki. Ekipi shqiptar ishte n\u00ebn kujdesin e trajnerit komb\u00ebtar Tedi Kaso. Federata Shqiptare e Tenisit shprehet falenderuese ndaj Tennis Europe, bashk\u00ebpinimi me t\u00eb cil\u00ebn solli realizimin e k\u00ebtij kursi t\u00eb vlefsh\u00ebm p\u00ebr rritjen e nivelit profesional t\u00eb ekipi ton\u00eb U14.<\/p>","protected":false},"author":2,"featured_media":3327,"comment_status":"closed","ping_status":"open","sticky":false,"template":"","format":"standard","meta":{"_eb_attr":"","pgc_sgb_lightbox_settings":"","footnotes":""},"categories":[11],"tags":[82,194,18,44,35,192,193,28,189,144,47,197,196,27,198,23],"class_list":["post-3319","post","type-post","status-publish","format-standard","has-post-thumbnail","hentry","category-lajme","tag-82","tag-ajrihoxha","tag-albania","tag-albanianteam","tag-albaniantennisfederation","tag-damianmethasani","tag-emilibilali","tag-fsht","tag-jirinovak","tag-kledigaba","tag-players","tag-prostejov","tag-tedkaso","tag-tennis-europe","tag-trainingcamp","tag-u14"],"yoast_head":"<!-- This site is optimized with the Yoast SEO plugin v27.4 - https:\/\/yoast.com\/product\/yoast-seo-wordpress\/ -->\n<title>\u0415kipi komb\u00ebtar U14 mbyll jav\u00ebn e trajnimit n\u00eb Prostejov t\u00eb \u00c7ekis\u00eb &#8212; Federata Shqiptare e Tenisit<\/title>\n<meta name=\"robots\" content=\"index, follow, max-snippet:-1, max-image-preview:large, max-video-preview:-1\" \/>\n<link rel=\"canonical\" href=\"https:\/\/albaniantennis.com\/en\/\u0435kipi-kombetar-u14-mbyll-javen-e-trajnimit-ne-prostejov-te-cekise\/\" \/>\n<meta property=\"og:locale\" content=\"en_US\" \/>\n<meta property=\"og:type\" content=\"article\" \/>\n<meta property=\"og:title\" content=\"\u0415kipi komb\u00ebtar U14 mbyll jav\u00ebn e trajnimit n\u00eb Prostejov t\u00eb \u00c7ekis\u00eb &#8212; Federata Shqiptare e Tenisit\" \/>\n<meta property=\"og:description\" content=\"\u0415kipi komb\u00ebtar shqiptar i kategoris\u00eb U14 mbyll jav\u00ebn e trajnimit, n\u00eb Prostejov t\u00eb \u00c7ekis\u00eb, me trajnerin e mir\u00ebnjohur Jiri Novak (ish-lojtar profesionist me renditje nr.5 ATP). Tenist\u00ebt tan\u00eb: Kledi Gaba, Damian Methasani, Ajri Hoxha dhe Emili Bilali pat\u00ebn mund\u00ebsin\u00eb t\u00eb st\u00ebrviten n\u00eb m\u00ebnyr\u00eb intensive p\u00ebrgjat\u00eb k\u00ebtyre dit\u00ebve n\u00eb &#8220;Tenis Klub Prostejov &#8221; \u00c7eki. Ekipi shqiptar ishte n\u00ebn kujdesin e trajnerit komb\u00ebtar Tedi Kaso. Federata Shqiptare e Tenisit shprehet falenderuese ndaj Tennis Europe, bashk\u00ebpinimi me t\u00eb cil\u00ebn solli realizimin e k\u00ebtij kursi t\u00eb vlefsh\u00ebm p\u00ebr rritjen e nivelit profesional t\u00eb ekipi ton\u00eb U14.\" \/>\n<meta property=\"og:url\" content=\"https:\/\/albaniantennis.com\/en\/\u0435kipi-kombetar-u14-mbyll-javen-e-trajnimit-ne-prostejov-te-cekise\/\" \/>\n<meta property=\"og:site_name\" content=\"Federata Shqiptare e Tenisit\" \/>\n<meta property=\"article:published_time\" content=\"2022-07-19T12:07:36+00:00\" \/>\n<meta property=\"article:modified_time\" content=\"2022-07-19T13:14:22+00:00\" \/>\n<meta property=\"og:image\" content=\"https:\/\/albaniantennis.com\/wp-content\/uploads\/2022\/07\/294205564_165838645996700_2652618120405849240_n-1.jpg\" \/>\n\t<meta property=\"og:image:width\" content=\"960\" \/>\n\t<meta property=\"og:image:height\" content=\"581\" \/>\n\t<meta property=\"og:image:type\" content=\"image\/jpeg\" \/>\n<meta name=\"author\" content=\"Klaus Bardeli\" \/>\n<meta name=\"twitter:card\" content=\"summary_large_image\" \/>\n<meta name=\"twitter:label1\" content=\"Written by\" \/>\n\t<meta name=\"twitter:data1\" content=\"Klaus Bardeli\" \/>\n\t<meta name=\"twitter:label2\" content=\"Est. reading time\" \/>\n\t<meta name=\"twitter:data2\" content=\"1 minute\" \/>\n<script type=\"application\/ld+json\" class=\"yoast-schema-graph\">{\"@context\":\"https:\\\/\\\/schema.org\",\"@graph\":[{\"@type\":\"Article\",\"@id\":\"https:\\\/\\\/albaniantennis.com\\\/%d0%b5kipi-kombetar-u14-mbyll-javen-e-trajnimit-ne-prostejov-te-cekise\\\/#article\",\"isPartOf\":{\"@id\":\"https:\\\/\\\/albaniantennis.com\\\/%d0%b5kipi-kombetar-u14-mbyll-javen-e-trajnimit-ne-prostejov-te-cekise\\\/\"},\"author\":{\"name\":\"Klaus Bardeli\",\"@id\":\"https:\\\/\\\/albaniantennis.com\\\/#\\\/schema\\\/person\\\/6fa460f218c0ed8800448dcf025b86e5\"},\"headline\":\"\u0415kipi komb\u00ebtar U14 mbyll jav\u00ebn e trajnimit n\u00eb Prostejov t\u00eb \u00c7ekis\u00eb\",\"datePublished\":\"2022-07-19T12:07:36+00:00\",\"dateModified\":\"2022-07-19T13:14:22+00:00\",\"mainEntityOfPage\":{\"@id\":\"https:\\\/\\\/albaniantennis.com\\\/%d0%b5kipi-kombetar-u14-mbyll-javen-e-trajnimit-ne-prostejov-te-cekise\\\/\"},\"wordCount\":128,\"publisher\":{\"@id\":\"https:\\\/\\\/albaniantennis.com\\\/#organization\"},\"image\":{\"@id\":\"https:\\\/\\\/albaniantennis.com\\\/%d0%b5kipi-kombetar-u14-mbyll-javen-e-trajnimit-ne-prostejov-te-cekise\\\/#primaryimage\"},\"thumbnailUrl\":\"https:\\\/\\\/albaniantennis.com\\\/wp-content\\\/uploads\\\/2022\\\/07\\\/294205564_165838645996700_2652618120405849240_n-1.jpg\",\"keywords\":[\"2022\",\"AjriHoxha\",\"albania\",\"albanianteam\",\"albaniantennisfederation\",\"DamianMethasani\",\"EmiliBilali\",\"fsht\",\"JiriNovak\",\"KlediGaba\",\"players\",\"Prostejov\",\"TedKaso\",\"tennis europe\",\"TrainingCamp\",\"u14\"],\"articleSection\":[\"Lajme\"],\"inLanguage\":\"en-US\"},{\"@type\":\"WebPage\",\"@id\":\"https:\\\/\\\/albaniantennis.com\\\/%d0%b5kipi-kombetar-u14-mbyll-javen-e-trajnimit-ne-prostejov-te-cekise\\\/\",\"url\":\"https:\\\/\\\/albaniantennis.com\\\/%d0%b5kipi-kombetar-u14-mbyll-javen-e-trajnimit-ne-prostejov-te-cekise\\\/\",\"name\":\"\u0415kipi komb\u00ebtar U14 mbyll jav\u00ebn e trajnimit n\u00eb Prostejov t\u00eb \u00c7ekis\u00eb &#8212; Federata Shqiptare e Tenisit\",\"isPartOf\":{\"@id\":\"https:\\\/\\\/albaniantennis.com\\\/#website\"},\"primaryImageOfPage\":{\"@id\":\"https:\\\/\\\/albaniantennis.com\\\/%d0%b5kipi-kombetar-u14-mbyll-javen-e-trajnimit-ne-prostejov-te-cekise\\\/#primaryimage\"},\"image\":{\"@id\":\"https:\\\/\\\/albaniantennis.com\\\/%d0%b5kipi-kombetar-u14-mbyll-javen-e-trajnimit-ne-prostejov-te-cekise\\\/#primaryimage\"},\"thumbnailUrl\":\"https:\\\/\\\/albaniantennis.com\\\/wp-content\\\/uploads\\\/2022\\\/07\\\/294205564_165838645996700_2652618120405849240_n-1.jpg\",\"datePublished\":\"2022-07-19T12:07:36+00:00\",\"dateModified\":\"2022-07-19T13:14:22+00:00\",\"breadcrumb\":{\"@id\":\"https:\\\/\\\/albaniantennis.com\\\/%d0%b5kipi-kombetar-u14-mbyll-javen-e-trajnimit-ne-prostejov-te-cekise\\\/#breadcrumb\"},\"inLanguage\":\"en-US\",\"potentialAction\":[{\"@type\":\"ReadAction\",\"target\":[\"https:\\\/\\\/albaniantennis.com\\\/%d0%b5kipi-kombetar-u14-mbyll-javen-e-trajnimit-ne-prostejov-te-cekise\\\/\"]}]},{\"@type\":\"ImageObject\",\"inLanguage\":\"en-US\",\"@id\":\"https:\\\/\\\/albaniantennis.com\\\/%d0%b5kipi-kombetar-u14-mbyll-javen-e-trajnimit-ne-prostejov-te-cekise\\\/#primaryimage\",\"url\":\"https:\\\/\\\/albaniantennis.com\\\/wp-content\\\/uploads\\\/2022\\\/07\\\/294205564_165838645996700_2652618120405849240_n-1.jpg\",\"contentUrl\":\"https:\\\/\\\/albaniantennis.com\\\/wp-content\\\/uploads\\\/2022\\\/07\\\/294205564_165838645996700_2652618120405849240_n-1.jpg\",\"width\":960,\"height\":581},{\"@type\":\"BreadcrumbList\",\"@id\":\"https:\\\/\\\/albaniantennis.com\\\/%d0%b5kipi-kombetar-u14-mbyll-javen-e-trajnimit-ne-prostejov-te-cekise\\\/#breadcrumb\",\"itemListElement\":[{\"@type\":\"ListItem\",\"position\":1,\"name\":\"Home\",\"item\":\"https:\\\/\\\/albaniantennis.com\\\/\"},{\"@type\":\"ListItem\",\"position\":2,\"name\":\"\u0415kipi komb\u00ebtar U14 mbyll jav\u00ebn e trajnimit n\u00eb Prostejov t\u00eb \u00c7ekis\u00eb\"}]},{\"@type\":\"WebSite\",\"@id\":\"https:\\\/\\\/albaniantennis.com\\\/#website\",\"url\":\"https:\\\/\\\/albaniantennis.com\\\/\",\"name\":\"Federata Shqiptare e Tenisit\",\"description\":\"Federata Shqiptare e Tenisit\",\"publisher\":{\"@id\":\"https:\\\/\\\/albaniantennis.com\\\/#organization\"},\"potentialAction\":[{\"@type\":\"SearchAction\",\"target\":{\"@type\":\"EntryPoint\",\"urlTemplate\":\"https:\\\/\\\/albaniantennis.com\\\/?s={search_term_string}\"},\"query-input\":{\"@type\":\"PropertyValueSpecification\",\"valueRequired\":true,\"valueName\":\"search_term_string\"}}],\"inLanguage\":\"en-US\"},{\"@type\":\"Organization\",\"@id\":\"https:\\\/\\\/albaniantennis.com\\\/#organization\",\"name\":\"Federata Shqip\u00ebtare e Tenisit\",\"url\":\"https:\\\/\\\/albaniantennis.com\\\/\",\"logo\":{\"@type\":\"ImageObject\",\"inLanguage\":\"en-US\",\"@id\":\"https:\\\/\\\/albaniantennis.com\\\/#\\\/schema\\\/logo\\\/image\\\/\",\"url\":\"https:\\\/\\\/albaniantennis.com\\\/wp-content\\\/uploads\\\/2022\\\/03\\\/Logo.png\",\"contentUrl\":\"https:\\\/\\\/albaniantennis.com\\\/wp-content\\\/uploads\\\/2022\\\/03\\\/Logo.png\",\"width\":473,\"height\":400,\"caption\":\"Federata Shqip\u00ebtare e Tenisit\"},\"image\":{\"@id\":\"https:\\\/\\\/albaniantennis.com\\\/#\\\/schema\\\/logo\\\/image\\\/\"}},{\"@type\":\"Person\",\"@id\":\"https:\\\/\\\/albaniantennis.com\\\/#\\\/schema\\\/person\\\/6fa460f218c0ed8800448dcf025b86e5\",\"name\":\"Klaus Bardeli\",\"image\":{\"@type\":\"ImageObject\",\"inLanguage\":\"en-US\",\"@id\":\"https:\\\/\\\/secure.gravatar.com\\\/avatar\\\/294dce01b4cf43b267750000becaa1f5eb79a5971757ba9256e0bad4a9a4c807?s=96&d=mm&r=g\",\"url\":\"https:\\\/\\\/secure.gravatar.com\\\/avatar\\\/294dce01b4cf43b267750000becaa1f5eb79a5971757ba9256e0bad4a9a4c807?s=96&d=mm&r=g\",\"contentUrl\":\"https:\\\/\\\/secure.gravatar.com\\\/avatar\\\/294dce01b4cf43b267750000becaa1f5eb79a5971757ba9256e0bad4a9a4c807?s=96&d=mm&r=g\",\"caption\":\"Klaus Bardeli\"},\"url\":\"https:\\\/\\\/albaniantennis.com\\\/en\\\/author\\\/klausi\\\/\"}]}<\/script>\n<!-- \/ Yoast SEO plugin. -->","yoast_head_json":{"title":"\u0415kipi komb\u00ebtar U14 mbyll jav\u00ebn e trajnimit n\u00eb Prostejov t\u00eb \u00c7ekis\u00eb &#8212; Federata Shqiptare e Tenisit","robots":{"index":"index","follow":"follow","max-snippet":"max-snippet:-1","max-image-preview":"max-image-preview:large","max-video-preview":"max-video-preview:-1"},"canonical":"https:\/\/albaniantennis.com\/en\/\u0435kipi-kombetar-u14-mbyll-javen-e-trajnimit-ne-prostejov-te-cekise\/","og_locale":"en_US","og_type":"article","og_title":"\u0415kipi komb\u00ebtar U14 mbyll jav\u00ebn e trajnimit n\u00eb Prostejov t\u00eb \u00c7ekis\u00eb &#8212; Federata Shqiptare e Tenisit","og_description":"\u0415kipi komb\u00ebtar shqiptar i kategoris\u00eb U14 mbyll jav\u00ebn e trajnimit, n\u00eb Prostejov t\u00eb \u00c7ekis\u00eb, me trajnerin e mir\u00ebnjohur Jiri Novak (ish-lojtar profesionist me renditje nr.5 ATP). Tenist\u00ebt tan\u00eb: Kledi Gaba, Damian Methasani, Ajri Hoxha dhe Emili Bilali pat\u00ebn mund\u00ebsin\u00eb t\u00eb st\u00ebrviten n\u00eb m\u00ebnyr\u00eb intensive p\u00ebrgjat\u00eb k\u00ebtyre dit\u00ebve n\u00eb &#8220;Tenis Klub Prostejov &#8221; \u00c7eki. Ekipi shqiptar ishte n\u00ebn kujdesin e trajnerit komb\u00ebtar Tedi Kaso. Federata Shqiptare e Tenisit shprehet falenderuese ndaj Tennis Europe, bashk\u00ebpinimi me t\u00eb cil\u00ebn solli realizimin e k\u00ebtij kursi t\u00eb vlefsh\u00ebm p\u00ebr rritjen e nivelit profesional t\u00eb ekipi ton\u00eb U14.","og_url":"https:\/\/albaniantennis.com\/en\/\u0435kipi-kombetar-u14-mbyll-javen-e-trajnimit-ne-prostejov-te-cekise\/","og_site_name":"Federata Shqiptare e Tenisit","article_published_time":"2022-07-19T12:07:36+00:00","article_modified_time":"2022-07-19T13:14:22+00:00","og_image":[{"width":960,"height":581,"url":"https:\/\/albaniantennis.com\/wp-content\/uploads\/2022\/07\/294205564_165838645996700_2652618120405849240_n-1.jpg","type":"image\/jpeg"}],"author":"Klaus Bardeli","twitter_card":"summary_large_image","twitter_misc":{"Written by":"Klaus Bardeli","Est. reading time":"1 minute"},"schema":{"@context":"https:\/\/schema.org","@graph":[{"@type":"Article","@id":"https:\/\/albaniantennis.com\/%d0%b5kipi-kombetar-u14-mbyll-javen-e-trajnimit-ne-prostejov-te-cekise\/#article","isPartOf":{"@id":"https:\/\/albaniantennis.com\/%d0%b5kipi-kombetar-u14-mbyll-javen-e-trajnimit-ne-prostejov-te-cekise\/"},"author":{"name":"Klaus Bardeli","@id":"https:\/\/albaniantennis.com\/#\/schema\/person\/6fa460f218c0ed8800448dcf025b86e5"},"headline":"\u0415kipi komb\u00ebtar U14 mbyll jav\u00ebn e trajnimit n\u00eb Prostejov t\u00eb \u00c7ekis\u00eb","datePublished":"2022-07-19T12:07:36+00:00","dateModified":"2022-07-19T13:14:22+00:00","mainEntityOfPage":{"@id":"https:\/\/albaniantennis.com\/%d0%b5kipi-kombetar-u14-mbyll-javen-e-trajnimit-ne-prostejov-te-cekise\/"},"wordCount":128,"publisher":{"@id":"https:\/\/albaniantennis.com\/#organization"},"image":{"@id":"https:\/\/albaniantennis.com\/%d0%b5kipi-kombetar-u14-mbyll-javen-e-trajnimit-ne-prostejov-te-cekise\/#primaryimage"},"thumbnailUrl":"https:\/\/albaniantennis.com\/wp-content\/uploads\/2022\/07\/294205564_165838645996700_2652618120405849240_n-1.jpg","keywords":["2022","AjriHoxha","albania","albanianteam","albaniantennisfederation","DamianMethasani","EmiliBilali","fsht","JiriNovak","KlediGaba","players","Prostejov","TedKaso","tennis europe","TrainingCamp","u14"],"articleSection":["Lajme"],"inLanguage":"en-US"},{"@type":"WebPage","@id":"https:\/\/albaniantennis.com\/%d0%b5kipi-kombetar-u14-mbyll-javen-e-trajnimit-ne-prostejov-te-cekise\/","url":"https:\/\/albaniantennis.com\/%d0%b5kipi-kombetar-u14-mbyll-javen-e-trajnimit-ne-prostejov-te-cekise\/","name":"\u0415kipi komb\u00ebtar U14 mbyll jav\u00ebn e trajnimit n\u00eb Prostejov t\u00eb \u00c7ekis\u00eb &#8212; Federata Shqiptare e Tenisit","isPartOf":{"@id":"https:\/\/albaniantennis.com\/#website"},"primaryImageOfPage":{"@id":"https:\/\/albaniantennis.com\/%d0%b5kipi-kombetar-u14-mbyll-javen-e-trajnimit-ne-prostejov-te-cekise\/#primaryimage"},"image":{"@id":"https:\/\/albaniantennis.com\/%d0%b5kipi-kombetar-u14-mbyll-javen-e-trajnimit-ne-prostejov-te-cekise\/#primaryimage"},"thumbnailUrl":"https:\/\/albaniantennis.com\/wp-content\/uploads\/2022\/07\/294205564_165838645996700_2652618120405849240_n-1.jpg","datePublished":"2022-07-19T12:07:36+00:00","dateModified":"2022-07-19T13:14:22+00:00","breadcrumb":{"@id":"https:\/\/albaniantennis.com\/%d0%b5kipi-kombetar-u14-mbyll-javen-e-trajnimit-ne-prostejov-te-cekise\/#breadcrumb"},"inLanguage":"en-US","potentialAction":[{"@type":"ReadAction","target":["https:\/\/albaniantennis.com\/%d0%b5kipi-kombetar-u14-mbyll-javen-e-trajnimit-ne-prostejov-te-cekise\/"]}]},{"@type":"ImageObject","inLanguage":"en-US","@id":"https:\/\/albaniantennis.com\/%d0%b5kipi-kombetar-u14-mbyll-javen-e-trajnimit-ne-prostejov-te-cekise\/#primaryimage","url":"https:\/\/albaniantennis.com\/wp-content\/uploads\/2022\/07\/294205564_165838645996700_2652618120405849240_n-1.jpg","contentUrl":"https:\/\/albaniantennis.com\/wp-content\/uploads\/2022\/07\/294205564_165838645996700_2652618120405849240_n-1.jpg","width":960,"height":581},{"@type":"BreadcrumbList","@id":"https:\/\/albaniantennis.com\/%d0%b5kipi-kombetar-u14-mbyll-javen-e-trajnimit-ne-prostejov-te-cekise\/#breadcrumb","itemListElement":[{"@type":"ListItem","position":1,"name":"Home","item":"https:\/\/albaniantennis.com\/"},{"@type":"ListItem","position":2,"name":"\u0415kipi komb\u00ebtar U14 mbyll jav\u00ebn e trajnimit n\u00eb Prostejov t\u00eb \u00c7ekis\u00eb"}]},{"@type":"WebSite","@id":"https:\/\/albaniantennis.com\/#website","url":"https:\/\/albaniantennis.com\/","name":"Federata Shqiptare e Tenisit","description":"Federata Shqiptare e Tenisit","publisher":{"@id":"https:\/\/albaniantennis.com\/#organization"},"potentialAction":[{"@type":"SearchAction","target":{"@type":"EntryPoint","urlTemplate":"https:\/\/albaniantennis.com\/?s={search_term_string}"},"query-input":{"@type":"PropertyValueSpecification","valueRequired":true,"valueName":"search_term_string"}}],"inLanguage":"en-US"},{"@type":"Organization","@id":"https:\/\/albaniantennis.com\/#organization","name":"Federata Shqip\u00ebtare e Tenisit","url":"https:\/\/albaniantennis.com\/","logo":{"@type":"ImageObject","inLanguage":"en-US","@id":"https:\/\/albaniantennis.com\/#\/schema\/logo\/image\/","url":"https:\/\/albaniantennis.com\/wp-content\/uploads\/2022\/03\/Logo.png","contentUrl":"https:\/\/albaniantennis.com\/wp-content\/uploads\/2022\/03\/Logo.png","width":473,"height":400,"caption":"Federata Shqip\u00ebtare e Tenisit"},"image":{"@id":"https:\/\/albaniantennis.com\/#\/schema\/logo\/image\/"}},{"@type":"Person","@id":"https:\/\/albaniantennis.com\/#\/schema\/person\/6fa460f218c0ed8800448dcf025b86e5","name":"Klaus Bardeli","image":{"@type":"ImageObject","inLanguage":"en-US","@id":"https:\/\/secure.gravatar.com\/avatar\/294dce01b4cf43b267750000becaa1f5eb79a5971757ba9256e0bad4a9a4c807?s=96&d=mm&r=g","url":"https:\/\/secure.gravatar.com\/avatar\/294dce01b4cf43b267750000becaa1f5eb79a5971757ba9256e0bad4a9a4c807?s=96&d=mm&r=g","contentUrl":"https:\/\/secure.gravatar.com\/avatar\/294dce01b4cf43b267750000becaa1f5eb79a5971757ba9256e0bad4a9a4c807?s=96&d=mm&r=g","caption":"Klaus Bardeli"},"url":"https:\/\/albaniantennis.com\/en\/author\/klausi\/"}]}},"_links":{"self":[{"href":"https:\/\/albaniantennis.com\/en\/wp-json\/wp\/v2\/posts\/3319","targetHints":{"allow":["GET"]}}],"collection":[{"href":"https:\/\/albaniantennis.com\/en\/wp-json\/wp\/v2\/posts"}],"about":[{"href":"https:\/\/albaniantennis.com\/en\/wp-json\/wp\/v2\/types\/post"}],"author":[{"embeddable":true,"href":"https:\/\/albaniantennis.com\/en\/wp-json\/wp\/v2\/users\/2"}],"replies":[{"embeddable":true,"href":"https:\/\/albaniantennis.com\/en\/wp-json\/wp\/v2\/comments?post=3319"}],"version-history":[{"count":2,"href":"https:\/\/albaniantennis.com\/en\/wp-json\/wp\/v2\/posts\/3319\/revisions"}],"predecessor-version":[{"id":3329,"href":"https:\/\/albaniantennis.com\/en\/wp-json\/wp\/v2\/posts\/3319\/revisions\/3329"}],"wp:featuredmedia":[{"embeddable":true,"href":"https:\/\/albaniantennis.com\/en\/wp-json\/wp\/v2\/media\/3327"}],"wp:attachment":[{"href":"https:\/\/albaniantennis.com\/en\/wp-json\/wp\/v2\/media?parent=3319"}],"wp:term":[{"taxonomy":"category","embeddable":true,"href":"https:\/\/albaniantennis.com\/en\/wp-json\/wp\/v2\/categories?post=3319"},{"taxonomy":"post_tag","embeddable":true,"href":"https:\/\/albaniantennis.com\/en\/wp-json\/wp\/v2\/tags?post=3319"}],"curies":[{"name":"wp","href":"https:\/\/api.w.org\/{rel}","templated":true}]}}