{"id":3247,"date":"2022-07-01T08:34:42","date_gmt":"2022-07-01T08:34:42","guid":{"rendered":"https:\/\/albaniantennis.com\/?p=3247"},"modified":"2022-07-01T08:35:22","modified_gmt":"2022-07-01T08:35:22","slug":"mbyllet-garimi-i-tenisteve-shqiptare-ne-lojerat-mesdhetare-oran-2022","status":"publish","type":"post","link":"https:\/\/albaniantennis.com\/en\/mbyllet-garimi-i-tenisteve-shqiptare-ne-lojerat-mesdhetare-oran-2022\/","title":{"rendered":"Mbyllet garimi i tenist\u00ebve shqiptar\u00eb n\u00eb Loj\u00ebrat Mesdhetare &#8220;Oran 2022&#8221;"},"content":{"rendered":"<div dir=\"auto\">Kristal Dule dhe Martin Muedini nuk kaluan dot raundin e par\u00eb pas p\u00ebrballjeve me tenist\u00eb me rankim t\u00eb lart\u00eb, nd\u00ebrkoh\u00eb tenistja Gresi Bajri u mund n\u00eb raundin e dyt\u00eb.<\/div>\n<div dir=\"auto\">T\u00eb pranish\u00ebm n\u00eb Oran t\u00eb Algjeris\u00eb p\u00ebr t\u00eb ndjekur ndeshjet e p\u00ebrfaq\u00ebsuesve shqiptar\u00eb ishin Presidenti i Komitetit Olimpik Komb\u00ebtar Shqiptar, z.Fidel Ylli, Sekretari i P\u00ebrgjithsh\u00ebm i KOKSH, z.Gerti Shima, Zv\/Ministri i Arsimit dhe Sportit z.Endri Hoxha dhe gjith\u00eb delegacioni i KOKSH, trajner\u00eb dhe lojtar\u00eb.<\/div>\n<div dir=\"auto\">I urojm\u00eb fat dhe suksese tenist\u00ebve shqiptar\u00eb n\u00eb garat e tjera nd\u00ebrkomb\u00ebtare!<\/div>\n<div dir=\"auto\"><\/div>\n<div dir=\"auto\">\n<div class=\"rl-gallery-container\" id=\"rl-gallery-container-1\" data-gallery_id=\"0\"> <div class=\"rl-gallery rl-basicmasonry-gallery\" id=\"rl-gallery-1\" data-gallery_no=\"1\"> <div class=\"rl-gutter-sizer\"><\/div><div class=\"rl-grid-sizer\"><\/div> <div class=\"rl-gallery-item rl-gallery-item-width-4\" > <div class=\"rl-gallery-item-content\"> <a href=\"https:\/\/albaniantennis.com\/wp-content\/uploads\/2022\/07\/290896175_161504049763493_2631798667968634496_n.jpg\" title=\"\" data-rl_title=\"\" class=\"rl-gallery-link\" data-rl_caption=\"\" data-rel=\"lightbox-gallery-1\"><img fetchpriority=\"high\" decoding=\"async\" src=\"https:\/\/albaniantennis.com\/wp-content\/uploads\/2022\/07\/290896175_161504049763493_2631798667968634496_n-298x300.jpg\" width=\"298\" height=\"300\" alt=\"\" \/><\/a> <\/div> <\/div> <div class=\"rl-gallery-item\" > <div class=\"rl-gallery-item-content\"> <a href=\"https:\/\/albaniantennis.com\/wp-content\/uploads\/2022\/07\/291199157_161504059763492_7862457312658169302_n.jpg\" title=\"\" data-rl_title=\"\" class=\"rl-gallery-link\" data-rl_caption=\"\" data-rel=\"lightbox-gallery-1\"><img decoding=\"async\" src=\"https:\/\/albaniantennis.com\/wp-content\/uploads\/2022\/07\/291199157_161504059763492_7862457312658169302_n-298x300.jpg\" width=\"298\" height=\"300\" alt=\"\" \/><\/a> <\/div> <\/div> <div class=\"rl-gallery-item\" > <div class=\"rl-gallery-item-content\"> <a href=\"https:\/\/albaniantennis.com\/wp-content\/uploads\/2022\/07\/290905835_161504053096826_4058196935037953078_n.jpg\" title=\"\" data-rl_title=\"\" class=\"rl-gallery-link\" data-rl_caption=\"\" data-rel=\"lightbox-gallery-1\"><img decoding=\"async\" src=\"https:\/\/albaniantennis.com\/wp-content\/uploads\/2022\/07\/290905835_161504053096826_4058196935037953078_n-298x300.jpg\" width=\"298\" height=\"300\" alt=\"\" \/><\/a> <\/div> <\/div> <div class=\"rl-gallery-item\" > <div class=\"rl-gallery-item-content\"> <a href=\"https:\/\/albaniantennis.com\/wp-content\/uploads\/2022\/07\/290809440_161504063096825_1033544010750717214_n.jpg\" title=\"\" data-rl_title=\"\" class=\"rl-gallery-link\" data-rl_caption=\"\" data-rel=\"lightbox-gallery-1\"><img loading=\"lazy\" decoding=\"async\" src=\"https:\/\/albaniantennis.com\/wp-content\/uploads\/2022\/07\/290809440_161504063096825_1033544010750717214_n-298x300.jpg\" width=\"298\" height=\"300\" alt=\"\" \/><\/a> <\/div> <\/div> <div class=\"rl-gallery-item\" > <div class=\"rl-gallery-item-content\"> <a href=\"https:\/\/albaniantennis.com\/wp-content\/uploads\/2022\/07\/290856478_161504066430158_7649824807160300093_n.jpg\" title=\"\" data-rl_title=\"\" class=\"rl-gallery-link\" data-rl_caption=\"\" data-rel=\"lightbox-gallery-1\"><img loading=\"lazy\" decoding=\"async\" src=\"https:\/\/albaniantennis.com\/wp-content\/uploads\/2022\/07\/290856478_161504066430158_7649824807160300093_n-298x300.jpg\" width=\"298\" height=\"300\" alt=\"\" \/><\/a> <\/div> <\/div> <div class=\"rl-gallery-item\" > <div class=\"rl-gallery-item-content\"> <a href=\"https:\/\/albaniantennis.com\/wp-content\/uploads\/2022\/07\/291221115_161504043096827_1699427461727418577_n.jpg\" title=\"\" data-rl_title=\"\" class=\"rl-gallery-link\" data-rl_caption=\"\" data-rel=\"lightbox-gallery-1\"><img loading=\"lazy\" decoding=\"async\" src=\"https:\/\/albaniantennis.com\/wp-content\/uploads\/2022\/07\/291221115_161504043096827_1699427461727418577_n-298x300.jpg\" width=\"298\" height=\"300\" alt=\"\" \/><\/a> <\/div> <\/div> <div class=\"rl-gallery-item\" > <div class=\"rl-gallery-item-content\"> <a href=\"https:\/\/albaniantennis.com\/wp-content\/uploads\/2022\/07\/290904607_161504046430160_2420304823093542247_n.jpg\" title=\"\" data-rl_title=\"\" class=\"rl-gallery-link\" data-rl_caption=\"\" data-rel=\"lightbox-gallery-1\"><img loading=\"lazy\" decoding=\"async\" src=\"https:\/\/albaniantennis.com\/wp-content\/uploads\/2022\/07\/290904607_161504046430160_2420304823093542247_n-298x300.jpg\" width=\"298\" height=\"300\" alt=\"\" \/><\/a> <\/div> <\/div> <div class=\"rl-gallery-item\" > <div class=\"rl-gallery-item-content\"> <a href=\"https:\/\/albaniantennis.com\/wp-content\/uploads\/2022\/07\/291173333_161504056430159_376362120200939800_n.jpg\" title=\"\" data-rl_title=\"\" class=\"rl-gallery-link\" data-rl_caption=\"\" data-rel=\"lightbox-gallery-1\"><img loading=\"lazy\" decoding=\"async\" src=\"https:\/\/albaniantennis.com\/wp-content\/uploads\/2022\/07\/291173333_161504056430159_376362120200939800_n-298x300.jpg\" width=\"298\" height=\"300\" alt=\"\" \/><\/a> <\/div> <\/div> <div class=\"rl-gallery-item\" > <div class=\"rl-gallery-item-content\"> <a href=\"https:\/\/albaniantennis.com\/wp-content\/uploads\/2022\/07\/291063606_161504069763491_2711180978616037169_n.jpg\" title=\"\" data-rl_title=\"\" class=\"rl-gallery-link\" data-rl_caption=\"\" data-rel=\"lightbox-gallery-1\"><img loading=\"lazy\" decoding=\"async\" src=\"https:\/\/albaniantennis.com\/wp-content\/uploads\/2022\/07\/291063606_161504069763491_2711180978616037169_n-298x300.jpg\" width=\"298\" height=\"300\" alt=\"\" \/><\/a> <\/div> <\/div> <\/div> <\/div>\n<\/div>","protected":false},"excerpt":{"rendered":"<p>Kristal Dule dhe Martin Muedini nuk kaluan dot raundin e par\u00eb pas p\u00ebrballjeve me tenist\u00eb me rankim t\u00eb lart\u00eb, nd\u00ebrkoh\u00eb tenistja Gresi Bajri u mund n\u00eb raundin e dyt\u00eb. T\u00eb pranish\u00ebm n\u00eb Oran t\u00eb Algjeris\u00eb p\u00ebr t\u00eb ndjekur ndeshjet e p\u00ebrfaq\u00ebsuesve shqiptar\u00eb ishin Presidenti i Komitetit Olimpik Komb\u00ebtar Shqiptar, z.Fidel Ylli, Sekretari i P\u00ebrgjithsh\u00ebm i KOKSH, z.Gerti Shima, Zv\/Ministri i Arsimit dhe Sportit z.Endri Hoxha dhe gjith\u00eb delegacioni i KOKSH, trajner\u00eb dhe lojtar\u00eb. I urojm\u00eb fat dhe suksese tenist\u00ebve shqiptar\u00eb n\u00eb garat e tjera nd\u00ebrkomb\u00ebtare!<\/p>","protected":false},"author":2,"featured_media":3257,"comment_status":"closed","ping_status":"open","sticky":false,"template":"","format":"standard","meta":{"_eb_attr":"","pgc_sgb_lightbox_settings":"","footnotes":""},"categories":[11],"tags":[18,44,35,182,91,37,33,160,175,38,166,174,47,42],"class_list":["post-3247","post","type-post","status-publish","format-standard","has-post-thumbnail","hentry","category-lajme","tag-albania","tag-albanianteam","tag-albaniantennisfederation","tag-algjeri","tag-fidelylli","tag-gresi-bajri","tag-koksh","tag-kristaldule","tag-lojeratmesdhetare","tag-martin-muedini","tag-olympicalbania","tag-oran2022","tag-players","tag-tournament"],"yoast_head":"<!-- This site is optimized with the Yoast SEO plugin v27.4 - https:\/\/yoast.com\/product\/yoast-seo-wordpress\/ -->\n<title>Mbyllet garimi i tenist\u00ebve shqiptar\u00eb n\u00eb Loj\u00ebrat Mesdhetare &quot;Oran 2022&quot; &#8212; Federata Shqiptare e Tenisit<\/title>\n<meta name=\"robots\" content=\"index, follow, max-snippet:-1, max-image-preview:large, max-video-preview:-1\" \/>\n<link rel=\"canonical\" href=\"https:\/\/albaniantennis.com\/en\/mbyllet-garimi-i-tenisteve-shqiptare-ne-lojerat-mesdhetare-oran-2022\/\" \/>\n<meta property=\"og:locale\" content=\"en_US\" \/>\n<meta property=\"og:type\" content=\"article\" \/>\n<meta property=\"og:title\" content=\"Mbyllet garimi i tenist\u00ebve shqiptar\u00eb n\u00eb Loj\u00ebrat Mesdhetare &quot;Oran 2022&quot; &#8212; Federata Shqiptare e Tenisit\" \/>\n<meta property=\"og:description\" content=\"Kristal Dule dhe Martin Muedini nuk kaluan dot raundin e par\u00eb pas p\u00ebrballjeve me tenist\u00eb me rankim t\u00eb lart\u00eb, nd\u00ebrkoh\u00eb tenistja Gresi Bajri u mund n\u00eb raundin e dyt\u00eb. T\u00eb pranish\u00ebm n\u00eb Oran t\u00eb Algjeris\u00eb p\u00ebr t\u00eb ndjekur ndeshjet e p\u00ebrfaq\u00ebsuesve shqiptar\u00eb ishin Presidenti i Komitetit Olimpik Komb\u00ebtar Shqiptar, z.Fidel Ylli, Sekretari i P\u00ebrgjithsh\u00ebm i KOKSH, z.Gerti Shima, Zv\/Ministri i Arsimit dhe Sportit z.Endri Hoxha dhe gjith\u00eb delegacioni i KOKSH, trajner\u00eb dhe lojtar\u00eb. I urojm\u00eb fat dhe suksese tenist\u00ebve shqiptar\u00eb n\u00eb garat e tjera nd\u00ebrkomb\u00ebtare!\" \/>\n<meta property=\"og:url\" content=\"https:\/\/albaniantennis.com\/en\/mbyllet-garimi-i-tenisteve-shqiptare-ne-lojerat-mesdhetare-oran-2022\/\" \/>\n<meta property=\"og:site_name\" content=\"Federata Shqiptare e Tenisit\" \/>\n<meta property=\"article:published_time\" content=\"2022-07-01T08:34:42+00:00\" \/>\n<meta property=\"article:modified_time\" content=\"2022-07-01T08:35:22+00:00\" \/>\n<meta property=\"og:image\" content=\"https:\/\/albaniantennis.com\/wp-content\/uploads\/2022\/07\/291199157_161504059763492_7862457312658169302_n-1.jpg\" \/>\n\t<meta property=\"og:image:width\" content=\"1079\" \/>\n\t<meta property=\"og:image:height\" content=\"801\" \/>\n\t<meta property=\"og:image:type\" content=\"image\/jpeg\" \/>\n<meta name=\"author\" content=\"Klaus Bardeli\" \/>\n<meta name=\"twitter:card\" content=\"summary_large_image\" \/>\n<meta name=\"twitter:label1\" content=\"Written by\" \/>\n\t<meta name=\"twitter:data1\" content=\"Klaus Bardeli\" \/>\n\t<meta name=\"twitter:label2\" content=\"Est. reading time\" \/>\n\t<meta name=\"twitter:data2\" content=\"1 minute\" \/>\n<script type=\"application\/ld+json\" class=\"yoast-schema-graph\">{\"@context\":\"https:\\\/\\\/schema.org\",\"@graph\":[{\"@type\":\"Article\",\"@id\":\"https:\\\/\\\/albaniantennis.com\\\/mbyllet-garimi-i-tenisteve-shqiptare-ne-lojerat-mesdhetare-oran-2022\\\/#article\",\"isPartOf\":{\"@id\":\"https:\\\/\\\/albaniantennis.com\\\/mbyllet-garimi-i-tenisteve-shqiptare-ne-lojerat-mesdhetare-oran-2022\\\/\"},\"author\":{\"name\":\"Klaus Bardeli\",\"@id\":\"https:\\\/\\\/albaniantennis.com\\\/#\\\/schema\\\/person\\\/6fa460f218c0ed8800448dcf025b86e5\"},\"headline\":\"Mbyllet garimi i tenist\u00ebve shqiptar\u00eb n\u00eb Loj\u00ebrat Mesdhetare &#8220;Oran 2022&#8221;\",\"datePublished\":\"2022-07-01T08:34:42+00:00\",\"dateModified\":\"2022-07-01T08:35:22+00:00\",\"mainEntityOfPage\":{\"@id\":\"https:\\\/\\\/albaniantennis.com\\\/mbyllet-garimi-i-tenisteve-shqiptare-ne-lojerat-mesdhetare-oran-2022\\\/\"},\"wordCount\":118,\"publisher\":{\"@id\":\"https:\\\/\\\/albaniantennis.com\\\/#organization\"},\"image\":{\"@id\":\"https:\\\/\\\/albaniantennis.com\\\/mbyllet-garimi-i-tenisteve-shqiptare-ne-lojerat-mesdhetare-oran-2022\\\/#primaryimage\"},\"thumbnailUrl\":\"https:\\\/\\\/albaniantennis.com\\\/wp-content\\\/uploads\\\/2022\\\/07\\\/291199157_161504059763492_7862457312658169302_n-1.jpg\",\"keywords\":[\"albania\",\"albanianteam\",\"albaniantennisfederation\",\"Algjeri\",\"fidelylli\",\"gresi bajri\",\"koksh\",\"KristalDule\",\"lojeratmesdhetare\",\"martin muedini\",\"olympicalbania\",\"oran2022\",\"players\",\"tournament\"],\"articleSection\":[\"Lajme\"],\"inLanguage\":\"en-US\"},{\"@type\":\"WebPage\",\"@id\":\"https:\\\/\\\/albaniantennis.com\\\/mbyllet-garimi-i-tenisteve-shqiptare-ne-lojerat-mesdhetare-oran-2022\\\/\",\"url\":\"https:\\\/\\\/albaniantennis.com\\\/mbyllet-garimi-i-tenisteve-shqiptare-ne-lojerat-mesdhetare-oran-2022\\\/\",\"name\":\"Mbyllet garimi i tenist\u00ebve shqiptar\u00eb n\u00eb Loj\u00ebrat Mesdhetare \\\"Oran 2022\\\" &#8212; Federata Shqiptare e Tenisit\",\"isPartOf\":{\"@id\":\"https:\\\/\\\/albaniantennis.com\\\/#website\"},\"primaryImageOfPage\":{\"@id\":\"https:\\\/\\\/albaniantennis.com\\\/mbyllet-garimi-i-tenisteve-shqiptare-ne-lojerat-mesdhetare-oran-2022\\\/#primaryimage\"},\"image\":{\"@id\":\"https:\\\/\\\/albaniantennis.com\\\/mbyllet-garimi-i-tenisteve-shqiptare-ne-lojerat-mesdhetare-oran-2022\\\/#primaryimage\"},\"thumbnailUrl\":\"https:\\\/\\\/albaniantennis.com\\\/wp-content\\\/uploads\\\/2022\\\/07\\\/291199157_161504059763492_7862457312658169302_n-1.jpg\",\"datePublished\":\"2022-07-01T08:34:42+00:00\",\"dateModified\":\"2022-07-01T08:35:22+00:00\",\"breadcrumb\":{\"@id\":\"https:\\\/\\\/albaniantennis.com\\\/mbyllet-garimi-i-tenisteve-shqiptare-ne-lojerat-mesdhetare-oran-2022\\\/#breadcrumb\"},\"inLanguage\":\"en-US\",\"potentialAction\":[{\"@type\":\"ReadAction\",\"target\":[\"https:\\\/\\\/albaniantennis.com\\\/mbyllet-garimi-i-tenisteve-shqiptare-ne-lojerat-mesdhetare-oran-2022\\\/\"]}]},{\"@type\":\"ImageObject\",\"inLanguage\":\"en-US\",\"@id\":\"https:\\\/\\\/albaniantennis.com\\\/mbyllet-garimi-i-tenisteve-shqiptare-ne-lojerat-mesdhetare-oran-2022\\\/#primaryimage\",\"url\":\"https:\\\/\\\/albaniantennis.com\\\/wp-content\\\/uploads\\\/2022\\\/07\\\/291199157_161504059763492_7862457312658169302_n-1.jpg\",\"contentUrl\":\"https:\\\/\\\/albaniantennis.com\\\/wp-content\\\/uploads\\\/2022\\\/07\\\/291199157_161504059763492_7862457312658169302_n-1.jpg\",\"width\":1079,\"height\":801},{\"@type\":\"BreadcrumbList\",\"@id\":\"https:\\\/\\\/albaniantennis.com\\\/mbyllet-garimi-i-tenisteve-shqiptare-ne-lojerat-mesdhetare-oran-2022\\\/#breadcrumb\",\"itemListElement\":[{\"@type\":\"ListItem\",\"position\":1,\"name\":\"Home\",\"item\":\"https:\\\/\\\/albaniantennis.com\\\/\"},{\"@type\":\"ListItem\",\"position\":2,\"name\":\"Mbyllet garimi i tenist\u00ebve shqiptar\u00eb n\u00eb Loj\u00ebrat Mesdhetare &#8220;Oran 2022&#8221;\"}]},{\"@type\":\"WebSite\",\"@id\":\"https:\\\/\\\/albaniantennis.com\\\/#website\",\"url\":\"https:\\\/\\\/albaniantennis.com\\\/\",\"name\":\"Federata Shqiptare e Tenisit\",\"description\":\"Federata Shqiptare e Tenisit\",\"publisher\":{\"@id\":\"https:\\\/\\\/albaniantennis.com\\\/#organization\"},\"potentialAction\":[{\"@type\":\"SearchAction\",\"target\":{\"@type\":\"EntryPoint\",\"urlTemplate\":\"https:\\\/\\\/albaniantennis.com\\\/?s={search_term_string}\"},\"query-input\":{\"@type\":\"PropertyValueSpecification\",\"valueRequired\":true,\"valueName\":\"search_term_string\"}}],\"inLanguage\":\"en-US\"},{\"@type\":\"Organization\",\"@id\":\"https:\\\/\\\/albaniantennis.com\\\/#organization\",\"name\":\"Federata Shqip\u00ebtare e Tenisit\",\"url\":\"https:\\\/\\\/albaniantennis.com\\\/\",\"logo\":{\"@type\":\"ImageObject\",\"inLanguage\":\"en-US\",\"@id\":\"https:\\\/\\\/albaniantennis.com\\\/#\\\/schema\\\/logo\\\/image\\\/\",\"url\":\"https:\\\/\\\/albaniantennis.com\\\/wp-content\\\/uploads\\\/2022\\\/03\\\/Logo.png\",\"contentUrl\":\"https:\\\/\\\/albaniantennis.com\\\/wp-content\\\/uploads\\\/2022\\\/03\\\/Logo.png\",\"width\":473,\"height\":400,\"caption\":\"Federata Shqip\u00ebtare e Tenisit\"},\"image\":{\"@id\":\"https:\\\/\\\/albaniantennis.com\\\/#\\\/schema\\\/logo\\\/image\\\/\"}},{\"@type\":\"Person\",\"@id\":\"https:\\\/\\\/albaniantennis.com\\\/#\\\/schema\\\/person\\\/6fa460f218c0ed8800448dcf025b86e5\",\"name\":\"Klaus Bardeli\",\"image\":{\"@type\":\"ImageObject\",\"inLanguage\":\"en-US\",\"@id\":\"https:\\\/\\\/secure.gravatar.com\\\/avatar\\\/294dce01b4cf43b267750000becaa1f5eb79a5971757ba9256e0bad4a9a4c807?s=96&d=mm&r=g\",\"url\":\"https:\\\/\\\/secure.gravatar.com\\\/avatar\\\/294dce01b4cf43b267750000becaa1f5eb79a5971757ba9256e0bad4a9a4c807?s=96&d=mm&r=g\",\"contentUrl\":\"https:\\\/\\\/secure.gravatar.com\\\/avatar\\\/294dce01b4cf43b267750000becaa1f5eb79a5971757ba9256e0bad4a9a4c807?s=96&d=mm&r=g\",\"caption\":\"Klaus Bardeli\"},\"url\":\"https:\\\/\\\/albaniantennis.com\\\/en\\\/author\\\/klausi\\\/\"}]}<\/script>\n<!-- \/ Yoast SEO plugin. -->","yoast_head_json":{"title":"Mbyllet garimi i tenist\u00ebve shqiptar\u00eb n\u00eb Loj\u00ebrat Mesdhetare \"Oran 2022\" &#8212; Federata Shqiptare e Tenisit","robots":{"index":"index","follow":"follow","max-snippet":"max-snippet:-1","max-image-preview":"max-image-preview:large","max-video-preview":"max-video-preview:-1"},"canonical":"https:\/\/albaniantennis.com\/en\/mbyllet-garimi-i-tenisteve-shqiptare-ne-lojerat-mesdhetare-oran-2022\/","og_locale":"en_US","og_type":"article","og_title":"Mbyllet garimi i tenist\u00ebve shqiptar\u00eb n\u00eb Loj\u00ebrat Mesdhetare \"Oran 2022\" &#8212; Federata Shqiptare e Tenisit","og_description":"Kristal Dule dhe Martin Muedini nuk kaluan dot raundin e par\u00eb pas p\u00ebrballjeve me tenist\u00eb me rankim t\u00eb lart\u00eb, nd\u00ebrkoh\u00eb tenistja Gresi Bajri u mund n\u00eb raundin e dyt\u00eb. T\u00eb pranish\u00ebm n\u00eb Oran t\u00eb Algjeris\u00eb p\u00ebr t\u00eb ndjekur ndeshjet e p\u00ebrfaq\u00ebsuesve shqiptar\u00eb ishin Presidenti i Komitetit Olimpik Komb\u00ebtar Shqiptar, z.Fidel Ylli, Sekretari i P\u00ebrgjithsh\u00ebm i KOKSH, z.Gerti Shima, Zv\/Ministri i Arsimit dhe Sportit z.Endri Hoxha dhe gjith\u00eb delegacioni i KOKSH, trajner\u00eb dhe lojtar\u00eb. I urojm\u00eb fat dhe suksese tenist\u00ebve shqiptar\u00eb n\u00eb garat e tjera nd\u00ebrkomb\u00ebtare!","og_url":"https:\/\/albaniantennis.com\/en\/mbyllet-garimi-i-tenisteve-shqiptare-ne-lojerat-mesdhetare-oran-2022\/","og_site_name":"Federata Shqiptare e Tenisit","article_published_time":"2022-07-01T08:34:42+00:00","article_modified_time":"2022-07-01T08:35:22+00:00","og_image":[{"width":1079,"height":801,"url":"https:\/\/albaniantennis.com\/wp-content\/uploads\/2022\/07\/291199157_161504059763492_7862457312658169302_n-1.jpg","type":"image\/jpeg"}],"author":"Klaus Bardeli","twitter_card":"summary_large_image","twitter_misc":{"Written by":"Klaus Bardeli","Est. reading time":"1 minute"},"schema":{"@context":"https:\/\/schema.org","@graph":[{"@type":"Article","@id":"https:\/\/albaniantennis.com\/mbyllet-garimi-i-tenisteve-shqiptare-ne-lojerat-mesdhetare-oran-2022\/#article","isPartOf":{"@id":"https:\/\/albaniantennis.com\/mbyllet-garimi-i-tenisteve-shqiptare-ne-lojerat-mesdhetare-oran-2022\/"},"author":{"name":"Klaus Bardeli","@id":"https:\/\/albaniantennis.com\/#\/schema\/person\/6fa460f218c0ed8800448dcf025b86e5"},"headline":"Mbyllet garimi i tenist\u00ebve shqiptar\u00eb n\u00eb Loj\u00ebrat Mesdhetare &#8220;Oran 2022&#8221;","datePublished":"2022-07-01T08:34:42+00:00","dateModified":"2022-07-01T08:35:22+00:00","mainEntityOfPage":{"@id":"https:\/\/albaniantennis.com\/mbyllet-garimi-i-tenisteve-shqiptare-ne-lojerat-mesdhetare-oran-2022\/"},"wordCount":118,"publisher":{"@id":"https:\/\/albaniantennis.com\/#organization"},"image":{"@id":"https:\/\/albaniantennis.com\/mbyllet-garimi-i-tenisteve-shqiptare-ne-lojerat-mesdhetare-oran-2022\/#primaryimage"},"thumbnailUrl":"https:\/\/albaniantennis.com\/wp-content\/uploads\/2022\/07\/291199157_161504059763492_7862457312658169302_n-1.jpg","keywords":["albania","albanianteam","albaniantennisfederation","Algjeri","fidelylli","gresi bajri","koksh","KristalDule","lojeratmesdhetare","martin muedini","olympicalbania","oran2022","players","tournament"],"articleSection":["Lajme"],"inLanguage":"en-US"},{"@type":"WebPage","@id":"https:\/\/albaniantennis.com\/mbyllet-garimi-i-tenisteve-shqiptare-ne-lojerat-mesdhetare-oran-2022\/","url":"https:\/\/albaniantennis.com\/mbyllet-garimi-i-tenisteve-shqiptare-ne-lojerat-mesdhetare-oran-2022\/","name":"Mbyllet garimi i tenist\u00ebve shqiptar\u00eb n\u00eb Loj\u00ebrat Mesdhetare \"Oran 2022\" &#8212; Federata Shqiptare e Tenisit","isPartOf":{"@id":"https:\/\/albaniantennis.com\/#website"},"primaryImageOfPage":{"@id":"https:\/\/albaniantennis.com\/mbyllet-garimi-i-tenisteve-shqiptare-ne-lojerat-mesdhetare-oran-2022\/#primaryimage"},"image":{"@id":"https:\/\/albaniantennis.com\/mbyllet-garimi-i-tenisteve-shqiptare-ne-lojerat-mesdhetare-oran-2022\/#primaryimage"},"thumbnailUrl":"https:\/\/albaniantennis.com\/wp-content\/uploads\/2022\/07\/291199157_161504059763492_7862457312658169302_n-1.jpg","datePublished":"2022-07-01T08:34:42+00:00","dateModified":"2022-07-01T08:35:22+00:00","breadcrumb":{"@id":"https:\/\/albaniantennis.com\/mbyllet-garimi-i-tenisteve-shqiptare-ne-lojerat-mesdhetare-oran-2022\/#breadcrumb"},"inLanguage":"en-US","potentialAction":[{"@type":"ReadAction","target":["https:\/\/albaniantennis.com\/mbyllet-garimi-i-tenisteve-shqiptare-ne-lojerat-mesdhetare-oran-2022\/"]}]},{"@type":"ImageObject","inLanguage":"en-US","@id":"https:\/\/albaniantennis.com\/mbyllet-garimi-i-tenisteve-shqiptare-ne-lojerat-mesdhetare-oran-2022\/#primaryimage","url":"https:\/\/albaniantennis.com\/wp-content\/uploads\/2022\/07\/291199157_161504059763492_7862457312658169302_n-1.jpg","contentUrl":"https:\/\/albaniantennis.com\/wp-content\/uploads\/2022\/07\/291199157_161504059763492_7862457312658169302_n-1.jpg","width":1079,"height":801},{"@type":"BreadcrumbList","@id":"https:\/\/albaniantennis.com\/mbyllet-garimi-i-tenisteve-shqiptare-ne-lojerat-mesdhetare-oran-2022\/#breadcrumb","itemListElement":[{"@type":"ListItem","position":1,"name":"Home","item":"https:\/\/albaniantennis.com\/"},{"@type":"ListItem","position":2,"name":"Mbyllet garimi i tenist\u00ebve shqiptar\u00eb n\u00eb Loj\u00ebrat Mesdhetare &#8220;Oran 2022&#8221;"}]},{"@type":"WebSite","@id":"https:\/\/albaniantennis.com\/#website","url":"https:\/\/albaniantennis.com\/","name":"Federata Shqiptare e Tenisit","description":"Federata Shqiptare e Tenisit","publisher":{"@id":"https:\/\/albaniantennis.com\/#organization"},"potentialAction":[{"@type":"SearchAction","target":{"@type":"EntryPoint","urlTemplate":"https:\/\/albaniantennis.com\/?s={search_term_string}"},"query-input":{"@type":"PropertyValueSpecification","valueRequired":true,"valueName":"search_term_string"}}],"inLanguage":"en-US"},{"@type":"Organization","@id":"https:\/\/albaniantennis.com\/#organization","name":"Federata Shqip\u00ebtare e Tenisit","url":"https:\/\/albaniantennis.com\/","logo":{"@type":"ImageObject","inLanguage":"en-US","@id":"https:\/\/albaniantennis.com\/#\/schema\/logo\/image\/","url":"https:\/\/albaniantennis.com\/wp-content\/uploads\/2022\/03\/Logo.png","contentUrl":"https:\/\/albaniantennis.com\/wp-content\/uploads\/2022\/03\/Logo.png","width":473,"height":400,"caption":"Federata Shqip\u00ebtare e Tenisit"},"image":{"@id":"https:\/\/albaniantennis.com\/#\/schema\/logo\/image\/"}},{"@type":"Person","@id":"https:\/\/albaniantennis.com\/#\/schema\/person\/6fa460f218c0ed8800448dcf025b86e5","name":"Klaus Bardeli","image":{"@type":"ImageObject","inLanguage":"en-US","@id":"https:\/\/secure.gravatar.com\/avatar\/294dce01b4cf43b267750000becaa1f5eb79a5971757ba9256e0bad4a9a4c807?s=96&d=mm&r=g","url":"https:\/\/secure.gravatar.com\/avatar\/294dce01b4cf43b267750000becaa1f5eb79a5971757ba9256e0bad4a9a4c807?s=96&d=mm&r=g","contentUrl":"https:\/\/secure.gravatar.com\/avatar\/294dce01b4cf43b267750000becaa1f5eb79a5971757ba9256e0bad4a9a4c807?s=96&d=mm&r=g","caption":"Klaus Bardeli"},"url":"https:\/\/albaniantennis.com\/en\/author\/klausi\/"}]}},"_links":{"self":[{"href":"https:\/\/albaniantennis.com\/en\/wp-json\/wp\/v2\/posts\/3247","targetHints":{"allow":["GET"]}}],"collection":[{"href":"https:\/\/albaniantennis.com\/en\/wp-json\/wp\/v2\/posts"}],"about":[{"href":"https:\/\/albaniantennis.com\/en\/wp-json\/wp\/v2\/types\/post"}],"author":[{"embeddable":true,"href":"https:\/\/albaniantennis.com\/en\/wp-json\/wp\/v2\/users\/2"}],"replies":[{"embeddable":true,"href":"https:\/\/albaniantennis.com\/en\/wp-json\/wp\/v2\/comments?post=3247"}],"version-history":[{"count":1,"href":"https:\/\/albaniantennis.com\/en\/wp-json\/wp\/v2\/posts\/3247\/revisions"}],"predecessor-version":[{"id":3258,"href":"https:\/\/albaniantennis.com\/en\/wp-json\/wp\/v2\/posts\/3247\/revisions\/3258"}],"wp:featuredmedia":[{"embeddable":true,"href":"https:\/\/albaniantennis.com\/en\/wp-json\/wp\/v2\/media\/3257"}],"wp:attachment":[{"href":"https:\/\/albaniantennis.com\/en\/wp-json\/wp\/v2\/media?parent=3247"}],"wp:term":[{"taxonomy":"category","embeddable":true,"href":"https:\/\/albaniantennis.com\/en\/wp-json\/wp\/v2\/categories?post=3247"},{"taxonomy":"post_tag","embeddable":true,"href":"https:\/\/albaniantennis.com\/en\/wp-json\/wp\/v2\/tags?post=3247"}],"curies":[{"name":"wp","href":"https:\/\/api.w.org\/{rel}","templated":true}]}}