{"id":2287,"date":"2022-04-01T14:35:36","date_gmt":"2022-04-01T14:35:36","guid":{"rendered":"https:\/\/albaniantennis.com\/?p=2287"},"modified":"2022-04-01T14:36:33","modified_gmt":"2022-04-01T14:36:33","slug":"federat-sponsorizon-grumbullimin-dhe-trajnimin-e-ekipit-kombetar-te-djemve-all-inclusive-perpara-davis-cup","status":"publish","type":"post","link":"https:\/\/albaniantennis.com\/en\/federat-sponsorizon-grumbullimin-dhe-trajnimin-e-ekipit-kombetar-te-djemve-all-inclusive-perpara-davis-cup\/","title":{"rendered":"Federata sponsorizon grumbullimin dhe trajnimin e ekipit komb\u00ebtar t\u00eb djemve all inclusive p\u00ebrpara Davis Cup"},"content":{"rendered":"<div class=\"kvgmc6g5 cxmmr5t8 oygrvhab hcukyx3x c1et5uql ii04i59q\">\n<div dir=\"auto\">Federata Shqiptare e Tenisit ka mundesuar per lojtaret e kombetares se meshkujve, grumbullimin, trajnimin edhe trajtimin e duhur te ekipit kombetar ne qendren kombetare te tenisit ne Shqiperi, National Sport-Park Resort.<\/div>\n<div dir=\"auto\">Ne kete periudhe perpos stervitjes taktike, fizike edhe mentale<\/div>\n<div dir=\"auto\">para kompetitore eshte siguruar edhe qendrimi (All inclusive) ne kushtet e duhura te ketyre lojtareve.<\/div>\n<div dir=\"auto\">Fotot e meposhtme jane disa caste te lojtareve edhe stafit qe kontribuan maksimalisht ne kete proces.<\/div>\n<div dir=\"auto\">Sot esht\u00eb hedhur shorti p\u00ebr ndeshjet e kampionatit ekipor bot\u00ebror t\u00eb tenisit p\u00ebr meshkuj, Davis Cup, ndeshjet e t\u00eb cilit do t\u00eb zhvillohen n\u00eb Shkup n\u00eb datat 22-26 Qershor 2021.<\/div>\n<div dir=\"auto\">Ekipi yn\u00eb komb\u00ebtar do t\u00eb ndeshet n\u00eb grupin A s\u00eb bashku me komb\u00ebtaret e Malit t\u00eb Zi, Armenis\u00eb dhe Azerbajxhanit.<\/div>\n<div dir=\"auto\">Dy m\u00eb t\u00eb mir\u00ebt n\u00eb \u00e7do grup do t\u00eb promovohen n\u00eb Grupin III t\u00eb Evrop\u00ebs n\u00eb 2022.<\/div>\n<div dir=\"auto\">Si rrjedhoje e lojtarit te ri premtues te kombetares shqiptare Daniel Ostap edhe formes shume te mire fizike krahasuar me heret e meparshme te Elbi Mjeshtri, Martin Muedini edhe Arb\u00ebr Sulstarova, kombetarja shqiptare e meshkujve pret nje rezultat tejet pozitiv kete kampionat boteror ne tenis.<\/div>\n<\/div>\n<div class=\"cxmmr5t8 oygrvhab hcukyx3x c1et5uql o9v6fnle ii04i59q\">\n<div dir=\"auto\">(Qershor 2021)<\/div>\n<div dir=\"auto\">\n<div class=\"rl-gallery-container\" id=\"rl-gallery-container-1\" data-gallery_id=\"0\"> <div class=\"rl-gallery rl-basicmasonry-gallery\" id=\"rl-gallery-1\" data-gallery_no=\"1\"> <div class=\"rl-gutter-sizer\"><\/div><div class=\"rl-grid-sizer\"><\/div> <div class=\"rl-gallery-item rl-gallery-item-width-4\" > <div class=\"rl-gallery-item-content\"> <a href=\"https:\/\/albaniantennis.com\/wp-content\/uploads\/2022\/04\/274189585_123512063562692_3392207681099249357_n.jpg\" title=\"\" data-rl_title=\"\" class=\"rl-gallery-link\" data-rl_caption=\"\" data-rel=\"lightbox-gallery-1\"><img fetchpriority=\"high\" decoding=\"async\" src=\"https:\/\/albaniantennis.com\/wp-content\/uploads\/2022\/04\/274189585_123512063562692_3392207681099249357_n-300x200.jpg\" width=\"300\" height=\"200\" alt=\"\" \/><\/a> <\/div> <\/div> <div class=\"rl-gallery-item\" > <div class=\"rl-gallery-item-content\"> <a href=\"https:\/\/albaniantennis.com\/wp-content\/uploads\/2022\/04\/274441030_123511840229381_330007148251617722_n.jpg\" title=\"\" data-rl_title=\"\" class=\"rl-gallery-link\" data-rl_caption=\"\" data-rel=\"lightbox-gallery-1\"><img decoding=\"async\" src=\"https:\/\/albaniantennis.com\/wp-content\/uploads\/2022\/04\/274441030_123511840229381_330007148251617722_n-200x300.jpg\" width=\"200\" height=\"300\" alt=\"\" \/><\/a> <\/div> <\/div> <div class=\"rl-gallery-item\" > <div class=\"rl-gallery-item-content\"> <a href=\"https:\/\/albaniantennis.com\/wp-content\/uploads\/2022\/04\/274320141_123511836896048_7268237379896028192_n.jpg\" title=\"\" data-rl_title=\"\" class=\"rl-gallery-link\" data-rl_caption=\"\" data-rel=\"lightbox-gallery-1\"><img decoding=\"async\" src=\"https:\/\/albaniantennis.com\/wp-content\/uploads\/2022\/04\/274320141_123511836896048_7268237379896028192_n-200x300.jpg\" width=\"200\" height=\"300\" alt=\"\" \/><\/a> <\/div> <\/div> <div class=\"rl-gallery-item\" > <div class=\"rl-gallery-item-content\"> <a href=\"https:\/\/albaniantennis.com\/wp-content\/uploads\/2022\/04\/274331589_123511823562716_4937437912353490260_n.jpg\" title=\"\" data-rl_title=\"\" class=\"rl-gallery-link\" data-rl_caption=\"\" data-rel=\"lightbox-gallery-1\"><img loading=\"lazy\" decoding=\"async\" src=\"https:\/\/albaniantennis.com\/wp-content\/uploads\/2022\/04\/274331589_123511823562716_4937437912353490260_n-200x300.jpg\" width=\"200\" height=\"300\" alt=\"\" \/><\/a> <\/div> <\/div> <div class=\"rl-gallery-item\" > <div class=\"rl-gallery-item-content\"> <a href=\"https:\/\/albaniantennis.com\/wp-content\/uploads\/2022\/04\/274176505_123512046896027_5516475976281402944_n.jpg\" title=\"\" data-rl_title=\"\" class=\"rl-gallery-link\" data-rl_caption=\"\" data-rel=\"lightbox-gallery-1\"><img loading=\"lazy\" decoding=\"async\" src=\"https:\/\/albaniantennis.com\/wp-content\/uploads\/2022\/04\/274176505_123512046896027_5516475976281402944_n-300x200.jpg\" width=\"300\" height=\"200\" alt=\"\" \/><\/a> <\/div> <\/div> <div class=\"rl-gallery-item\" > <div class=\"rl-gallery-item-content\"> <a href=\"https:\/\/albaniantennis.com\/wp-content\/uploads\/2022\/04\/274214722_123511986896033_1650306558102255781_n.jpg\" title=\"\" data-rl_title=\"\" class=\"rl-gallery-link\" data-rl_caption=\"\" data-rel=\"lightbox-gallery-1\"><img loading=\"lazy\" decoding=\"async\" src=\"https:\/\/albaniantennis.com\/wp-content\/uploads\/2022\/04\/274214722_123511986896033_1650306558102255781_n-300x200.jpg\" width=\"300\" height=\"200\" alt=\"\" \/><\/a> <\/div> <\/div> <div class=\"rl-gallery-item\" > <div class=\"rl-gallery-item-content\"> <a href=\"https:\/\/albaniantennis.com\/wp-content\/uploads\/2022\/04\/274223765_123511893562709_4509011521164598288_n.jpg\" title=\"\" data-rl_title=\"\" class=\"rl-gallery-link\" data-rl_caption=\"\" data-rel=\"lightbox-gallery-1\"><img loading=\"lazy\" decoding=\"async\" src=\"https:\/\/albaniantennis.com\/wp-content\/uploads\/2022\/04\/274223765_123511893562709_4509011521164598288_n-300x200.jpg\" width=\"300\" height=\"200\" alt=\"\" \/><\/a> <\/div> <\/div> <div class=\"rl-gallery-item\" > <div class=\"rl-gallery-item-content\"> <a href=\"https:\/\/albaniantennis.com\/wp-content\/uploads\/2022\/04\/274217495_123512003562698_8874760298227102788_n.jpg\" title=\"\" data-rl_title=\"\" class=\"rl-gallery-link\" data-rl_caption=\"\" data-rel=\"lightbox-gallery-1\"><img loading=\"lazy\" decoding=\"async\" src=\"https:\/\/albaniantennis.com\/wp-content\/uploads\/2022\/04\/274217495_123512003562698_8874760298227102788_n-300x200.jpg\" width=\"300\" height=\"200\" alt=\"\" \/><\/a> <\/div> <\/div> <div class=\"rl-gallery-item\" > <div class=\"rl-gallery-item-content\"> <a href=\"https:\/\/albaniantennis.com\/wp-content\/uploads\/2022\/04\/274291957_123512080229357_909779862029860047_n.jpg\" title=\"\" data-rl_title=\"\" class=\"rl-gallery-link\" data-rl_caption=\"\" data-rel=\"lightbox-gallery-1\"><img loading=\"lazy\" decoding=\"async\" src=\"https:\/\/albaniantennis.com\/wp-content\/uploads\/2022\/04\/274291957_123512080229357_909779862029860047_n-300x200.jpg\" width=\"300\" height=\"200\" alt=\"\" \/><\/a> <\/div> <\/div> <div class=\"rl-gallery-item\" > <div class=\"rl-gallery-item-content\"> <a href=\"https:\/\/albaniantennis.com\/wp-content\/uploads\/2022\/04\/274237790_123511970229368_415273934280487437_n.jpg\" title=\"\" data-rl_title=\"\" class=\"rl-gallery-link\" data-rl_caption=\"\" data-rel=\"lightbox-gallery-1\"><img loading=\"lazy\" decoding=\"async\" src=\"https:\/\/albaniantennis.com\/wp-content\/uploads\/2022\/04\/274237790_123511970229368_415273934280487437_n-300x200.jpg\" width=\"300\" height=\"200\" alt=\"\" \/><\/a> <\/div> <\/div> <div class=\"rl-gallery-item\" > <div class=\"rl-gallery-item-content\"> <a href=\"https:\/\/albaniantennis.com\/wp-content\/uploads\/2022\/04\/274225067_123511920229373_364403368960100923_n.jpg\" title=\"\" data-rl_title=\"\" class=\"rl-gallery-link\" data-rl_caption=\"\" data-rel=\"lightbox-gallery-1\"><img loading=\"lazy\" decoding=\"async\" src=\"https:\/\/albaniantennis.com\/wp-content\/uploads\/2022\/04\/274225067_123511920229373_364403368960100923_n-300x200.jpg\" width=\"300\" height=\"200\" alt=\"\" \/><\/a> <\/div> <\/div> <div class=\"rl-gallery-item\" > <div class=\"rl-gallery-item-content\"> <a href=\"https:\/\/albaniantennis.com\/wp-content\/uploads\/2022\/04\/274219551_123511930229372_7209011499131280983_n.jpg\" title=\"\" data-rl_title=\"\" class=\"rl-gallery-link\" data-rl_caption=\"\" data-rel=\"lightbox-gallery-1\"><img loading=\"lazy\" decoding=\"async\" src=\"https:\/\/albaniantennis.com\/wp-content\/uploads\/2022\/04\/274219551_123511930229372_7209011499131280983_n-300x200.jpg\" width=\"300\" height=\"200\" alt=\"\" \/><\/a> <\/div> <\/div> <\/div> <\/div>\n<\/div>\n<\/div>","protected":false},"excerpt":{"rendered":"<p>Federata Shqiptare e Tenisit ka mundesuar per lojtaret e kombetares se meshkujve, grumbullimin, trajnimin edhe trajtimin e duhur te ekipit kombetar ne qendren kombetare te tenisit ne Shqiperi, National Sport-Park Resort. Ne kete periudhe perpos stervitjes taktike, fizike edhe mentale para kompetitore eshte siguruar edhe qendrimi (All inclusive) ne kushtet e duhura te ketyre lojtareve. Fotot e meposhtme jane disa caste te lojtareve edhe stafit qe kontribuan maksimalisht ne kete proces. Sot esht\u00eb hedhur shorti p\u00ebr ndeshjet e kampionatit ekipor bot\u00ebror t\u00eb tenisit p\u00ebr meshkuj, Davis Cup, ndeshjet e t\u00eb cilit do t\u00eb zhvillohen n\u00eb Shkup n\u00eb datat 22-26 Qershor 2021. Ekipi yn\u00eb komb\u00ebtar do t\u00eb ndeshet n\u00eb grupin A s\u00eb bashku me komb\u00ebtaret e Malit t\u00eb Zi, Armenis\u00eb dhe Azerbajxhanit. Dy m\u00eb t\u00eb mir\u00ebt n\u00eb \u00e7do grup do t\u00eb promovohen n\u00eb Grupin III t\u00eb Evrop\u00ebs n\u00eb 2022. Si rrjedhoje e lojtarit te ri premtues te kombetares shqiptare Daniel Ostap edhe formes shume te mire fizike krahasuar me heret e meparshme te Elbi Mjeshtri, Martin Muedini edhe Arb\u00ebr Sulstarova, kombetarja shqiptare e meshkujve pret nje rezultat tejet pozitiv kete kampionat boteror ne tenis. (Qershor 2021)<\/p>","protected":false},"author":2,"featured_media":2288,"comment_status":"closed","ping_status":"open","sticky":false,"template":"","format":"standard","meta":{"_eb_attr":"","pgc_sgb_lightbox_settings":"","footnotes":""},"categories":[11,6,12],"tags":[53,18,35,59,28,14,42],"class_list":["post-2287","post","type-post","status-publish","format-standard","has-post-thumbnail","hentry","category-lajme","category-lojtare","category-trajneret","tag-53","tag-albania","tag-albaniantennisfederation","tag-davis-cup","tag-fsht","tag-tennis","tag-tournament"],"yoast_head":"<!-- This site is optimized with the Yoast SEO plugin v27.4 - https:\/\/yoast.com\/product\/yoast-seo-wordpress\/ -->\n<title>Federata sponsorizon grumbullimin dhe trajnimin e ekipit komb\u00ebtar t\u00eb djemve all inclusive p\u00ebrpara Davis Cup &#8212; Federata Shqiptare e Tenisit<\/title>\n<meta name=\"robots\" content=\"index, follow, max-snippet:-1, max-image-preview:large, max-video-preview:-1\" \/>\n<link rel=\"canonical\" href=\"https:\/\/albaniantennis.com\/en\/federat-sponsorizon-grumbullimin-dhe-trajnimin-e-ekipit-kombetar-te-djemve-all-inclusive-perpara-davis-cup\/\" \/>\n<meta property=\"og:locale\" content=\"en_US\" \/>\n<meta property=\"og:type\" content=\"article\" \/>\n<meta property=\"og:title\" content=\"Federata sponsorizon grumbullimin dhe trajnimin e ekipit komb\u00ebtar t\u00eb djemve all inclusive p\u00ebrpara Davis Cup &#8212; Federata Shqiptare e Tenisit\" \/>\n<meta property=\"og:description\" content=\"Federata Shqiptare e Tenisit ka mundesuar per lojtaret e kombetares se meshkujve, grumbullimin, trajnimin edhe trajtimin e duhur te ekipit kombetar ne qendren kombetare te tenisit ne Shqiperi, National Sport-Park Resort. Ne kete periudhe perpos stervitjes taktike, fizike edhe mentale para kompetitore eshte siguruar edhe qendrimi (All inclusive) ne kushtet e duhura te ketyre lojtareve. Fotot e meposhtme jane disa caste te lojtareve edhe stafit qe kontribuan maksimalisht ne kete proces. Sot esht\u00eb hedhur shorti p\u00ebr ndeshjet e kampionatit ekipor bot\u00ebror t\u00eb tenisit p\u00ebr meshkuj, Davis Cup, ndeshjet e t\u00eb cilit do t\u00eb zhvillohen n\u00eb Shkup n\u00eb datat 22-26 Qershor 2021. Ekipi yn\u00eb komb\u00ebtar do t\u00eb ndeshet n\u00eb grupin A s\u00eb bashku me komb\u00ebtaret e Malit t\u00eb Zi, Armenis\u00eb dhe Azerbajxhanit. Dy m\u00eb t\u00eb mir\u00ebt n\u00eb \u00e7do grup do t\u00eb promovohen n\u00eb Grupin III t\u00eb Evrop\u00ebs n\u00eb 2022. Si rrjedhoje e lojtarit te ri premtues te kombetares shqiptare Daniel Ostap edhe formes shume te mire fizike krahasuar me heret e meparshme te Elbi Mjeshtri, Martin Muedini edhe Arb\u00ebr Sulstarova, kombetarja shqiptare e meshkujve pret nje rezultat tejet pozitiv kete kampionat boteror ne tenis. (Qershor 2021)\" \/>\n<meta property=\"og:url\" content=\"https:\/\/albaniantennis.com\/en\/federat-sponsorizon-grumbullimin-dhe-trajnimin-e-ekipit-kombetar-te-djemve-all-inclusive-perpara-davis-cup\/\" \/>\n<meta property=\"og:site_name\" content=\"Federata Shqiptare e Tenisit\" \/>\n<meta property=\"article:published_time\" content=\"2022-04-01T14:35:36+00:00\" \/>\n<meta property=\"article:modified_time\" content=\"2022-04-01T14:36:33+00:00\" \/>\n<meta property=\"og:image\" content=\"https:\/\/albaniantennis.com\/wp-content\/uploads\/2022\/04\/274189585_123512063562692_3392207681099249357_n.jpg\" \/>\n\t<meta property=\"og:image:width\" content=\"592\" \/>\n\t<meta property=\"og:image:height\" content=\"395\" \/>\n\t<meta property=\"og:image:type\" content=\"image\/jpeg\" \/>\n<meta name=\"author\" content=\"Klaus Bardeli\" \/>\n<meta name=\"twitter:card\" content=\"summary_large_image\" \/>\n<meta name=\"twitter:label1\" content=\"Written by\" \/>\n\t<meta name=\"twitter:data1\" content=\"Klaus Bardeli\" \/>\n\t<meta name=\"twitter:label2\" content=\"Est. reading time\" \/>\n\t<meta name=\"twitter:data2\" content=\"1 minute\" \/>\n<script type=\"application\/ld+json\" class=\"yoast-schema-graph\">{\"@context\":\"https:\\\/\\\/schema.org\",\"@graph\":[{\"@type\":\"Article\",\"@id\":\"https:\\\/\\\/albaniantennis.com\\\/federat-sponsorizon-grumbullimin-dhe-trajnimin-e-ekipit-kombetar-te-djemve-all-inclusive-perpara-davis-cup\\\/#article\",\"isPartOf\":{\"@id\":\"https:\\\/\\\/albaniantennis.com\\\/federat-sponsorizon-grumbullimin-dhe-trajnimin-e-ekipit-kombetar-te-djemve-all-inclusive-perpara-davis-cup\\\/\"},\"author\":{\"name\":\"Klaus Bardeli\",\"@id\":\"https:\\\/\\\/albaniantennis.com\\\/#\\\/schema\\\/person\\\/6fa460f218c0ed8800448dcf025b86e5\"},\"headline\":\"Federata sponsorizon grumbullimin dhe trajnimin e ekipit komb\u00ebtar t\u00eb djemve all inclusive p\u00ebrpara Davis Cup\",\"datePublished\":\"2022-04-01T14:35:36+00:00\",\"dateModified\":\"2022-04-01T14:36:33+00:00\",\"mainEntityOfPage\":{\"@id\":\"https:\\\/\\\/albaniantennis.com\\\/federat-sponsorizon-grumbullimin-dhe-trajnimin-e-ekipit-kombetar-te-djemve-all-inclusive-perpara-davis-cup\\\/\"},\"wordCount\":213,\"publisher\":{\"@id\":\"https:\\\/\\\/albaniantennis.com\\\/#organization\"},\"image\":{\"@id\":\"https:\\\/\\\/albaniantennis.com\\\/federat-sponsorizon-grumbullimin-dhe-trajnimin-e-ekipit-kombetar-te-djemve-all-inclusive-perpara-davis-cup\\\/#primaryimage\"},\"thumbnailUrl\":\"https:\\\/\\\/albaniantennis.com\\\/wp-content\\\/uploads\\\/2022\\\/04\\\/274189585_123512063562692_3392207681099249357_n.jpg\",\"keywords\":[\"2021\",\"albania\",\"albaniantennisfederation\",\"Davis Cup\",\"fsht\",\"tennis\",\"tournament\"],\"articleSection\":[\"Lajme\",\"Lojtare\",\"Trajner\u00ebt\"],\"inLanguage\":\"en-US\"},{\"@type\":\"WebPage\",\"@id\":\"https:\\\/\\\/albaniantennis.com\\\/federat-sponsorizon-grumbullimin-dhe-trajnimin-e-ekipit-kombetar-te-djemve-all-inclusive-perpara-davis-cup\\\/\",\"url\":\"https:\\\/\\\/albaniantennis.com\\\/federat-sponsorizon-grumbullimin-dhe-trajnimin-e-ekipit-kombetar-te-djemve-all-inclusive-perpara-davis-cup\\\/\",\"name\":\"Federata sponsorizon grumbullimin dhe trajnimin e ekipit komb\u00ebtar t\u00eb djemve all inclusive p\u00ebrpara Davis Cup &#8212; Federata Shqiptare e Tenisit\",\"isPartOf\":{\"@id\":\"https:\\\/\\\/albaniantennis.com\\\/#website\"},\"primaryImageOfPage\":{\"@id\":\"https:\\\/\\\/albaniantennis.com\\\/federat-sponsorizon-grumbullimin-dhe-trajnimin-e-ekipit-kombetar-te-djemve-all-inclusive-perpara-davis-cup\\\/#primaryimage\"},\"image\":{\"@id\":\"https:\\\/\\\/albaniantennis.com\\\/federat-sponsorizon-grumbullimin-dhe-trajnimin-e-ekipit-kombetar-te-djemve-all-inclusive-perpara-davis-cup\\\/#primaryimage\"},\"thumbnailUrl\":\"https:\\\/\\\/albaniantennis.com\\\/wp-content\\\/uploads\\\/2022\\\/04\\\/274189585_123512063562692_3392207681099249357_n.jpg\",\"datePublished\":\"2022-04-01T14:35:36+00:00\",\"dateModified\":\"2022-04-01T14:36:33+00:00\",\"breadcrumb\":{\"@id\":\"https:\\\/\\\/albaniantennis.com\\\/federat-sponsorizon-grumbullimin-dhe-trajnimin-e-ekipit-kombetar-te-djemve-all-inclusive-perpara-davis-cup\\\/#breadcrumb\"},\"inLanguage\":\"en-US\",\"potentialAction\":[{\"@type\":\"ReadAction\",\"target\":[\"https:\\\/\\\/albaniantennis.com\\\/federat-sponsorizon-grumbullimin-dhe-trajnimin-e-ekipit-kombetar-te-djemve-all-inclusive-perpara-davis-cup\\\/\"]}]},{\"@type\":\"ImageObject\",\"inLanguage\":\"en-US\",\"@id\":\"https:\\\/\\\/albaniantennis.com\\\/federat-sponsorizon-grumbullimin-dhe-trajnimin-e-ekipit-kombetar-te-djemve-all-inclusive-perpara-davis-cup\\\/#primaryimage\",\"url\":\"https:\\\/\\\/albaniantennis.com\\\/wp-content\\\/uploads\\\/2022\\\/04\\\/274189585_123512063562692_3392207681099249357_n.jpg\",\"contentUrl\":\"https:\\\/\\\/albaniantennis.com\\\/wp-content\\\/uploads\\\/2022\\\/04\\\/274189585_123512063562692_3392207681099249357_n.jpg\",\"width\":592,\"height\":395},{\"@type\":\"BreadcrumbList\",\"@id\":\"https:\\\/\\\/albaniantennis.com\\\/federat-sponsorizon-grumbullimin-dhe-trajnimin-e-ekipit-kombetar-te-djemve-all-inclusive-perpara-davis-cup\\\/#breadcrumb\",\"itemListElement\":[{\"@type\":\"ListItem\",\"position\":1,\"name\":\"Home\",\"item\":\"https:\\\/\\\/albaniantennis.com\\\/\"},{\"@type\":\"ListItem\",\"position\":2,\"name\":\"Federata sponsorizon grumbullimin dhe trajnimin e ekipit komb\u00ebtar t\u00eb djemve all inclusive p\u00ebrpara Davis Cup\"}]},{\"@type\":\"WebSite\",\"@id\":\"https:\\\/\\\/albaniantennis.com\\\/#website\",\"url\":\"https:\\\/\\\/albaniantennis.com\\\/\",\"name\":\"Federata Shqiptare e Tenisit\",\"description\":\"Federata Shqiptare e Tenisit\",\"publisher\":{\"@id\":\"https:\\\/\\\/albaniantennis.com\\\/#organization\"},\"potentialAction\":[{\"@type\":\"SearchAction\",\"target\":{\"@type\":\"EntryPoint\",\"urlTemplate\":\"https:\\\/\\\/albaniantennis.com\\\/?s={search_term_string}\"},\"query-input\":{\"@type\":\"PropertyValueSpecification\",\"valueRequired\":true,\"valueName\":\"search_term_string\"}}],\"inLanguage\":\"en-US\"},{\"@type\":\"Organization\",\"@id\":\"https:\\\/\\\/albaniantennis.com\\\/#organization\",\"name\":\"Federata Shqip\u00ebtare e Tenisit\",\"url\":\"https:\\\/\\\/albaniantennis.com\\\/\",\"logo\":{\"@type\":\"ImageObject\",\"inLanguage\":\"en-US\",\"@id\":\"https:\\\/\\\/albaniantennis.com\\\/#\\\/schema\\\/logo\\\/image\\\/\",\"url\":\"https:\\\/\\\/albaniantennis.com\\\/wp-content\\\/uploads\\\/2022\\\/03\\\/Logo.png\",\"contentUrl\":\"https:\\\/\\\/albaniantennis.com\\\/wp-content\\\/uploads\\\/2022\\\/03\\\/Logo.png\",\"width\":473,\"height\":400,\"caption\":\"Federata Shqip\u00ebtare e Tenisit\"},\"image\":{\"@id\":\"https:\\\/\\\/albaniantennis.com\\\/#\\\/schema\\\/logo\\\/image\\\/\"}},{\"@type\":\"Person\",\"@id\":\"https:\\\/\\\/albaniantennis.com\\\/#\\\/schema\\\/person\\\/6fa460f218c0ed8800448dcf025b86e5\",\"name\":\"Klaus Bardeli\",\"image\":{\"@type\":\"ImageObject\",\"inLanguage\":\"en-US\",\"@id\":\"https:\\\/\\\/secure.gravatar.com\\\/avatar\\\/294dce01b4cf43b267750000becaa1f5eb79a5971757ba9256e0bad4a9a4c807?s=96&d=mm&r=g\",\"url\":\"https:\\\/\\\/secure.gravatar.com\\\/avatar\\\/294dce01b4cf43b267750000becaa1f5eb79a5971757ba9256e0bad4a9a4c807?s=96&d=mm&r=g\",\"contentUrl\":\"https:\\\/\\\/secure.gravatar.com\\\/avatar\\\/294dce01b4cf43b267750000becaa1f5eb79a5971757ba9256e0bad4a9a4c807?s=96&d=mm&r=g\",\"caption\":\"Klaus Bardeli\"},\"url\":\"https:\\\/\\\/albaniantennis.com\\\/en\\\/author\\\/klausi\\\/\"}]}<\/script>\n<!-- \/ Yoast SEO plugin. -->","yoast_head_json":{"title":"Federata sponsorizon grumbullimin dhe trajnimin e ekipit komb\u00ebtar t\u00eb djemve all inclusive p\u00ebrpara Davis Cup &#8212; Federata Shqiptare e Tenisit","robots":{"index":"index","follow":"follow","max-snippet":"max-snippet:-1","max-image-preview":"max-image-preview:large","max-video-preview":"max-video-preview:-1"},"canonical":"https:\/\/albaniantennis.com\/en\/federat-sponsorizon-grumbullimin-dhe-trajnimin-e-ekipit-kombetar-te-djemve-all-inclusive-perpara-davis-cup\/","og_locale":"en_US","og_type":"article","og_title":"Federata sponsorizon grumbullimin dhe trajnimin e ekipit komb\u00ebtar t\u00eb djemve all inclusive p\u00ebrpara Davis Cup &#8212; Federata Shqiptare e Tenisit","og_description":"Federata Shqiptare e Tenisit ka mundesuar per lojtaret e kombetares se meshkujve, grumbullimin, trajnimin edhe trajtimin e duhur te ekipit kombetar ne qendren kombetare te tenisit ne Shqiperi, National Sport-Park Resort. Ne kete periudhe perpos stervitjes taktike, fizike edhe mentale para kompetitore eshte siguruar edhe qendrimi (All inclusive) ne kushtet e duhura te ketyre lojtareve. Fotot e meposhtme jane disa caste te lojtareve edhe stafit qe kontribuan maksimalisht ne kete proces. Sot esht\u00eb hedhur shorti p\u00ebr ndeshjet e kampionatit ekipor bot\u00ebror t\u00eb tenisit p\u00ebr meshkuj, Davis Cup, ndeshjet e t\u00eb cilit do t\u00eb zhvillohen n\u00eb Shkup n\u00eb datat 22-26 Qershor 2021. Ekipi yn\u00eb komb\u00ebtar do t\u00eb ndeshet n\u00eb grupin A s\u00eb bashku me komb\u00ebtaret e Malit t\u00eb Zi, Armenis\u00eb dhe Azerbajxhanit. Dy m\u00eb t\u00eb mir\u00ebt n\u00eb \u00e7do grup do t\u00eb promovohen n\u00eb Grupin III t\u00eb Evrop\u00ebs n\u00eb 2022. Si rrjedhoje e lojtarit te ri premtues te kombetares shqiptare Daniel Ostap edhe formes shume te mire fizike krahasuar me heret e meparshme te Elbi Mjeshtri, Martin Muedini edhe Arb\u00ebr Sulstarova, kombetarja shqiptare e meshkujve pret nje rezultat tejet pozitiv kete kampionat boteror ne tenis. (Qershor 2021)","og_url":"https:\/\/albaniantennis.com\/en\/federat-sponsorizon-grumbullimin-dhe-trajnimin-e-ekipit-kombetar-te-djemve-all-inclusive-perpara-davis-cup\/","og_site_name":"Federata Shqiptare e Tenisit","article_published_time":"2022-04-01T14:35:36+00:00","article_modified_time":"2022-04-01T14:36:33+00:00","og_image":[{"width":592,"height":395,"url":"https:\/\/albaniantennis.com\/wp-content\/uploads\/2022\/04\/274189585_123512063562692_3392207681099249357_n.jpg","type":"image\/jpeg"}],"author":"Klaus Bardeli","twitter_card":"summary_large_image","twitter_misc":{"Written by":"Klaus Bardeli","Est. reading time":"1 minute"},"schema":{"@context":"https:\/\/schema.org","@graph":[{"@type":"Article","@id":"https:\/\/albaniantennis.com\/federat-sponsorizon-grumbullimin-dhe-trajnimin-e-ekipit-kombetar-te-djemve-all-inclusive-perpara-davis-cup\/#article","isPartOf":{"@id":"https:\/\/albaniantennis.com\/federat-sponsorizon-grumbullimin-dhe-trajnimin-e-ekipit-kombetar-te-djemve-all-inclusive-perpara-davis-cup\/"},"author":{"name":"Klaus Bardeli","@id":"https:\/\/albaniantennis.com\/#\/schema\/person\/6fa460f218c0ed8800448dcf025b86e5"},"headline":"Federata sponsorizon grumbullimin dhe trajnimin e ekipit komb\u00ebtar t\u00eb djemve all inclusive p\u00ebrpara Davis Cup","datePublished":"2022-04-01T14:35:36+00:00","dateModified":"2022-04-01T14:36:33+00:00","mainEntityOfPage":{"@id":"https:\/\/albaniantennis.com\/federat-sponsorizon-grumbullimin-dhe-trajnimin-e-ekipit-kombetar-te-djemve-all-inclusive-perpara-davis-cup\/"},"wordCount":213,"publisher":{"@id":"https:\/\/albaniantennis.com\/#organization"},"image":{"@id":"https:\/\/albaniantennis.com\/federat-sponsorizon-grumbullimin-dhe-trajnimin-e-ekipit-kombetar-te-djemve-all-inclusive-perpara-davis-cup\/#primaryimage"},"thumbnailUrl":"https:\/\/albaniantennis.com\/wp-content\/uploads\/2022\/04\/274189585_123512063562692_3392207681099249357_n.jpg","keywords":["2021","albania","albaniantennisfederation","Davis Cup","fsht","tennis","tournament"],"articleSection":["Lajme","Lojtare","Trajner\u00ebt"],"inLanguage":"en-US"},{"@type":"WebPage","@id":"https:\/\/albaniantennis.com\/federat-sponsorizon-grumbullimin-dhe-trajnimin-e-ekipit-kombetar-te-djemve-all-inclusive-perpara-davis-cup\/","url":"https:\/\/albaniantennis.com\/federat-sponsorizon-grumbullimin-dhe-trajnimin-e-ekipit-kombetar-te-djemve-all-inclusive-perpara-davis-cup\/","name":"Federata sponsorizon grumbullimin dhe trajnimin e ekipit komb\u00ebtar t\u00eb djemve all inclusive p\u00ebrpara Davis Cup &#8212; Federata Shqiptare e Tenisit","isPartOf":{"@id":"https:\/\/albaniantennis.com\/#website"},"primaryImageOfPage":{"@id":"https:\/\/albaniantennis.com\/federat-sponsorizon-grumbullimin-dhe-trajnimin-e-ekipit-kombetar-te-djemve-all-inclusive-perpara-davis-cup\/#primaryimage"},"image":{"@id":"https:\/\/albaniantennis.com\/federat-sponsorizon-grumbullimin-dhe-trajnimin-e-ekipit-kombetar-te-djemve-all-inclusive-perpara-davis-cup\/#primaryimage"},"thumbnailUrl":"https:\/\/albaniantennis.com\/wp-content\/uploads\/2022\/04\/274189585_123512063562692_3392207681099249357_n.jpg","datePublished":"2022-04-01T14:35:36+00:00","dateModified":"2022-04-01T14:36:33+00:00","breadcrumb":{"@id":"https:\/\/albaniantennis.com\/federat-sponsorizon-grumbullimin-dhe-trajnimin-e-ekipit-kombetar-te-djemve-all-inclusive-perpara-davis-cup\/#breadcrumb"},"inLanguage":"en-US","potentialAction":[{"@type":"ReadAction","target":["https:\/\/albaniantennis.com\/federat-sponsorizon-grumbullimin-dhe-trajnimin-e-ekipit-kombetar-te-djemve-all-inclusive-perpara-davis-cup\/"]}]},{"@type":"ImageObject","inLanguage":"en-US","@id":"https:\/\/albaniantennis.com\/federat-sponsorizon-grumbullimin-dhe-trajnimin-e-ekipit-kombetar-te-djemve-all-inclusive-perpara-davis-cup\/#primaryimage","url":"https:\/\/albaniantennis.com\/wp-content\/uploads\/2022\/04\/274189585_123512063562692_3392207681099249357_n.jpg","contentUrl":"https:\/\/albaniantennis.com\/wp-content\/uploads\/2022\/04\/274189585_123512063562692_3392207681099249357_n.jpg","width":592,"height":395},{"@type":"BreadcrumbList","@id":"https:\/\/albaniantennis.com\/federat-sponsorizon-grumbullimin-dhe-trajnimin-e-ekipit-kombetar-te-djemve-all-inclusive-perpara-davis-cup\/#breadcrumb","itemListElement":[{"@type":"ListItem","position":1,"name":"Home","item":"https:\/\/albaniantennis.com\/"},{"@type":"ListItem","position":2,"name":"Federata sponsorizon grumbullimin dhe trajnimin e ekipit komb\u00ebtar t\u00eb djemve all inclusive p\u00ebrpara Davis Cup"}]},{"@type":"WebSite","@id":"https:\/\/albaniantennis.com\/#website","url":"https:\/\/albaniantennis.com\/","name":"Federata Shqiptare e Tenisit","description":"Federata Shqiptare e Tenisit","publisher":{"@id":"https:\/\/albaniantennis.com\/#organization"},"potentialAction":[{"@type":"SearchAction","target":{"@type":"EntryPoint","urlTemplate":"https:\/\/albaniantennis.com\/?s={search_term_string}"},"query-input":{"@type":"PropertyValueSpecification","valueRequired":true,"valueName":"search_term_string"}}],"inLanguage":"en-US"},{"@type":"Organization","@id":"https:\/\/albaniantennis.com\/#organization","name":"Federata Shqip\u00ebtare e Tenisit","url":"https:\/\/albaniantennis.com\/","logo":{"@type":"ImageObject","inLanguage":"en-US","@id":"https:\/\/albaniantennis.com\/#\/schema\/logo\/image\/","url":"https:\/\/albaniantennis.com\/wp-content\/uploads\/2022\/03\/Logo.png","contentUrl":"https:\/\/albaniantennis.com\/wp-content\/uploads\/2022\/03\/Logo.png","width":473,"height":400,"caption":"Federata Shqip\u00ebtare e Tenisit"},"image":{"@id":"https:\/\/albaniantennis.com\/#\/schema\/logo\/image\/"}},{"@type":"Person","@id":"https:\/\/albaniantennis.com\/#\/schema\/person\/6fa460f218c0ed8800448dcf025b86e5","name":"Klaus Bardeli","image":{"@type":"ImageObject","inLanguage":"en-US","@id":"https:\/\/secure.gravatar.com\/avatar\/294dce01b4cf43b267750000becaa1f5eb79a5971757ba9256e0bad4a9a4c807?s=96&d=mm&r=g","url":"https:\/\/secure.gravatar.com\/avatar\/294dce01b4cf43b267750000becaa1f5eb79a5971757ba9256e0bad4a9a4c807?s=96&d=mm&r=g","contentUrl":"https:\/\/secure.gravatar.com\/avatar\/294dce01b4cf43b267750000becaa1f5eb79a5971757ba9256e0bad4a9a4c807?s=96&d=mm&r=g","caption":"Klaus Bardeli"},"url":"https:\/\/albaniantennis.com\/en\/author\/klausi\/"}]}},"_links":{"self":[{"href":"https:\/\/albaniantennis.com\/en\/wp-json\/wp\/v2\/posts\/2287","targetHints":{"allow":["GET"]}}],"collection":[{"href":"https:\/\/albaniantennis.com\/en\/wp-json\/wp\/v2\/posts"}],"about":[{"href":"https:\/\/albaniantennis.com\/en\/wp-json\/wp\/v2\/types\/post"}],"author":[{"embeddable":true,"href":"https:\/\/albaniantennis.com\/en\/wp-json\/wp\/v2\/users\/2"}],"replies":[{"embeddable":true,"href":"https:\/\/albaniantennis.com\/en\/wp-json\/wp\/v2\/comments?post=2287"}],"version-history":[{"count":2,"href":"https:\/\/albaniantennis.com\/en\/wp-json\/wp\/v2\/posts\/2287\/revisions"}],"predecessor-version":[{"id":2301,"href":"https:\/\/albaniantennis.com\/en\/wp-json\/wp\/v2\/posts\/2287\/revisions\/2301"}],"wp:featuredmedia":[{"embeddable":true,"href":"https:\/\/albaniantennis.com\/en\/wp-json\/wp\/v2\/media\/2288"}],"wp:attachment":[{"href":"https:\/\/albaniantennis.com\/en\/wp-json\/wp\/v2\/media?parent=2287"}],"wp:term":[{"taxonomy":"category","embeddable":true,"href":"https:\/\/albaniantennis.com\/en\/wp-json\/wp\/v2\/categories?post=2287"},{"taxonomy":"post_tag","embeddable":true,"href":"https:\/\/albaniantennis.com\/en\/wp-json\/wp\/v2\/tags?post=2287"}],"curies":[{"name":"wp","href":"https:\/\/api.w.org\/{rel}","templated":true}]}}