{"id":2279,"date":"2022-04-01T12:24:40","date_gmt":"2022-04-01T12:24:40","guid":{"rendered":"https:\/\/albaniantennis.com\/?p=2279"},"modified":"2022-04-01T12:25:33","modified_gmt":"2022-04-01T12:25:33","slug":"ekipi-kombetar-i-vajzave-ne-billie-jean-king-cup-2021-lituani","status":"publish","type":"post","link":"https:\/\/albaniantennis.com\/en\/ekipi-kombetar-i-vajzave-ne-billie-jean-king-cup-2021-lituani\/","title":{"rendered":"Ekipi komb\u00ebtar i vajzave n\u00eb &#8220;Billie Jean King Cup 2021&#8221; Lituani"},"content":{"rendered":"<div class=\"kvgmc6g5 cxmmr5t8 oygrvhab hcukyx3x c1et5uql ii04i59q\">\n<div dir=\"auto\">Pas kampionatit komb\u00ebtar, ekipi i komb\u00ebtares shqiptare p\u00ebr femra mb\u00ebrrin n\u00eb Vilnius, Lituani p\u00ebr ndeshjet e kampionatit bot\u00ebror t\u00eb tenisit, Billie Jean King Cup.<\/div>\n<div dir=\"auto\">Ekipi komb\u00ebtar p\u00ebr femra p\u00ebrbehet nga lojtaret:<\/div>\n<div dir=\"auto\">Gresi Bajri<\/div>\n<div dir=\"auto\">Kristal Dule<\/div>\n<div dir=\"auto\">Brunilda Mrruku<\/div>\n<div dir=\"auto\">Juna Dani<\/div>\n<div dir=\"auto\">Rea Qinami<\/div>\n<div dir=\"auto\">Gjat\u00eb gjith\u00eb jav\u00ebs s\u00eb kaluar i gjith\u00eb ekipi p\u00ebrfaq\u00ebsues i femrave dhe meshkujve jan\u00eb grumbulluar dhe st\u00ebrvitur intensivisht n\u00eb qendr\u00ebn Komb\u00ebtare t\u00eb tenisit &#8220;National Sport Park&#8221; nga trajner\u00eb t\u00eb nivelit t\u00eb dyt\u00eb ITF n\u00eb Shqip\u00ebri, z.P\u00ebrparim Zano dhe z.Albi Sulo me programe t\u00eb p\u00ebrshtatura p\u00ebr nj\u00eb p\u00ebrfaq\u00ebsim sa m\u00eb dinjitoz t\u00eb komb\u00ebtares ton\u00eb.<\/div>\n<div dir=\"auto\">Sot pas or\u00ebs 16.00 shpallet dhe shorti i komb\u00ebtares ton\u00eb n\u00eb BJK Cup ku mund t\u00eb shihet edhe grupi q\u00eb komb\u00ebtarja jon\u00eb do t\u00eb luaj\u00eb.<\/div>\n<div dir=\"auto\">Federata jon\u00eb i uron sa m\u00eb shum\u00eb sukses vajzave t\u00eb ekipit komb\u00ebtar.<\/div>\n<\/div>\n<div class=\"cxmmr5t8 oygrvhab hcukyx3x c1et5uql o9v6fnle ii04i59q\">\n<div dir=\"auto\">(Qershor 2021)<\/div>\n<div dir=\"auto\">\n<div class=\"rl-gallery-container\" id=\"rl-gallery-container-1\" data-gallery_id=\"0\"> <div class=\"rl-gallery rl-basicmasonry-gallery\" id=\"rl-gallery-1\" data-gallery_no=\"1\"> <div class=\"rl-gutter-sizer\"><\/div><div class=\"rl-grid-sizer\"><\/div> <div class=\"rl-gallery-item rl-gallery-item-width-4\" > <div class=\"rl-gallery-item-content\"> <a href=\"https:\/\/albaniantennis.com\/wp-content\/uploads\/2022\/04\/274201509_123511093562789_1055513256816667012_n.jpg\" title=\"\" data-rl_title=\"\" class=\"rl-gallery-link\" data-rl_caption=\"\" data-rel=\"lightbox-gallery-1\"><img fetchpriority=\"high\" decoding=\"async\" src=\"https:\/\/albaniantennis.com\/wp-content\/uploads\/2022\/04\/274201509_123511093562789_1055513256816667012_n-200x300.jpg\" width=\"200\" height=\"300\" alt=\"\" \/><\/a> <\/div> <\/div> <div class=\"rl-gallery-item\" > <div class=\"rl-gallery-item-content\"> <a href=\"https:\/\/albaniantennis.com\/wp-content\/uploads\/2022\/04\/274213658_123511010229464_3740957379663138296_n.jpg\" title=\"\" data-rl_title=\"\" class=\"rl-gallery-link\" data-rl_caption=\"\" data-rel=\"lightbox-gallery-1\"><img decoding=\"async\" src=\"https:\/\/albaniantennis.com\/wp-content\/uploads\/2022\/04\/274213658_123511010229464_3740957379663138296_n-200x300.jpg\" width=\"200\" height=\"300\" alt=\"\" \/><\/a> <\/div> <\/div> <div class=\"rl-gallery-item\" > <div class=\"rl-gallery-item-content\"> <a href=\"https:\/\/albaniantennis.com\/wp-content\/uploads\/2022\/04\/274324404_123511070229458_50588739270835197_n.jpg\" title=\"\" data-rl_title=\"\" class=\"rl-gallery-link\" data-rl_caption=\"\" data-rel=\"lightbox-gallery-1\"><img decoding=\"async\" src=\"https:\/\/albaniantennis.com\/wp-content\/uploads\/2022\/04\/274324404_123511070229458_50588739270835197_n-200x300.jpg\" width=\"200\" height=\"300\" alt=\"\" \/><\/a> <\/div> <\/div> <div class=\"rl-gallery-item\" > <div class=\"rl-gallery-item-content\"> <a href=\"https:\/\/albaniantennis.com\/wp-content\/uploads\/2022\/04\/274183046_123511080229457_5728232436595601908_n.jpg\" title=\"\" data-rl_title=\"\" class=\"rl-gallery-link\" data-rl_caption=\"\" data-rel=\"lightbox-gallery-1\"><img loading=\"lazy\" decoding=\"async\" src=\"https:\/\/albaniantennis.com\/wp-content\/uploads\/2022\/04\/274183046_123511080229457_5728232436595601908_n-200x300.jpg\" width=\"200\" height=\"300\" alt=\"\" \/><\/a> <\/div> <\/div> <div class=\"rl-gallery-item\" > <div class=\"rl-gallery-item-content\"> <a href=\"https:\/\/albaniantennis.com\/wp-content\/uploads\/2022\/04\/274235908_123511150229450_3839999083080410428_n.jpg\" title=\"\" data-rl_title=\"\" class=\"rl-gallery-link\" data-rl_caption=\"\" data-rel=\"lightbox-gallery-1\"><img loading=\"lazy\" decoding=\"async\" src=\"https:\/\/albaniantennis.com\/wp-content\/uploads\/2022\/04\/274235908_123511150229450_3839999083080410428_n-200x300.jpg\" width=\"200\" height=\"300\" alt=\"\" \/><\/a> <\/div> <\/div> <div class=\"rl-gallery-item\" > <div class=\"rl-gallery-item-content\"> <a href=\"https:\/\/albaniantennis.com\/wp-content\/uploads\/2022\/04\/274369975_123511006896131_8591287243636852595_n-1.jpg\" title=\"\" data-rl_title=\"\" class=\"rl-gallery-link\" data-rl_caption=\"\" data-rel=\"lightbox-gallery-1\"><img loading=\"lazy\" decoding=\"async\" src=\"https:\/\/albaniantennis.com\/wp-content\/uploads\/2022\/04\/274369975_123511006896131_8591287243636852595_n-1-300x200.jpg\" width=\"300\" height=\"200\" alt=\"\" \/><\/a> <\/div> <\/div> <\/div> <\/div>\n<\/div>\n<\/div>\n<div dir=\"auto\"><\/div>","protected":false},"excerpt":{"rendered":"<p>Pas kampionatit komb\u00ebtar, ekipi i komb\u00ebtares shqiptare p\u00ebr femra mb\u00ebrrin n\u00eb Vilnius, Lituani p\u00ebr ndeshjet e kampionatit bot\u00ebror t\u00eb tenisit, Billie Jean King Cup. Ekipi komb\u00ebtar p\u00ebr femra p\u00ebrbehet nga lojtaret: Gresi Bajri Kristal Dule Brunilda Mrruku Juna Dani Rea Qinami Gjat\u00eb gjith\u00eb jav\u00ebs s\u00eb kaluar i gjith\u00eb ekipi p\u00ebrfaq\u00ebsues i femrave dhe meshkujve jan\u00eb grumbulluar dhe st\u00ebrvitur intensivisht n\u00eb qendr\u00ebn Komb\u00ebtare t\u00eb tenisit &#8220;National Sport Park&#8221; nga trajner\u00eb t\u00eb nivelit t\u00eb dyt\u00eb ITF n\u00eb Shqip\u00ebri, z.P\u00ebrparim Zano dhe z.Albi Sulo me programe t\u00eb p\u00ebrshtatura p\u00ebr nj\u00eb p\u00ebrfaq\u00ebsim sa m\u00eb dinjitoz t\u00eb komb\u00ebtares ton\u00eb. Sot pas or\u00ebs 16.00 shpallet dhe shorti i komb\u00ebtares ton\u00eb n\u00eb BJK Cup ku mund t\u00eb shihet edhe grupi q\u00eb komb\u00ebtarja jon\u00eb do t\u00eb luaj\u00eb. Federata jon\u00eb i uron sa m\u00eb shum\u00eb sukses vajzave t\u00eb ekipit komb\u00ebtar. (Qershor 2021)<\/p>","protected":false},"author":2,"featured_media":2281,"comment_status":"closed","ping_status":"open","sticky":false,"template":"","format":"standard","meta":{"_eb_attr":"","pgc_sgb_lightbox_settings":"","footnotes":""},"categories":[11,6,4],"tags":[18,44,35,57,56,24,14,42],"class_list":["post-2279","post","type-post","status-publish","format-standard","has-post-thumbnail","hentry","category-lajme","category-lojtare","category-turne","tag-albania","tag-albanianteam","tag-albaniantennisfederation","tag-billiejeankingcup","tag-girls","tag-team","tag-tennis","tag-tournament"],"yoast_head":"<!-- This site is optimized with the Yoast SEO plugin v27.5 - https:\/\/yoast.com\/product\/yoast-seo-wordpress\/ -->\n<title>Ekipi komb\u00ebtar i vajzave n\u00eb &quot;Billie Jean King Cup 2021&quot; Lituani &#8212; Federata Shqiptare e Tenisit<\/title>\n<meta name=\"robots\" content=\"index, follow, max-snippet:-1, max-image-preview:large, max-video-preview:-1\" \/>\n<link rel=\"canonical\" href=\"https:\/\/albaniantennis.com\/en\/ekipi-kombetar-i-vajzave-ne-billie-jean-king-cup-2021-lituani\/\" \/>\n<meta property=\"og:locale\" content=\"en_US\" \/>\n<meta property=\"og:type\" content=\"article\" \/>\n<meta property=\"og:title\" content=\"Ekipi komb\u00ebtar i vajzave n\u00eb &quot;Billie Jean King Cup 2021&quot; Lituani &#8212; Federata Shqiptare e Tenisit\" \/>\n<meta property=\"og:description\" content=\"Pas kampionatit komb\u00ebtar, ekipi i komb\u00ebtares shqiptare p\u00ebr femra mb\u00ebrrin n\u00eb Vilnius, Lituani p\u00ebr ndeshjet e kampionatit bot\u00ebror t\u00eb tenisit, Billie Jean King Cup. Ekipi komb\u00ebtar p\u00ebr femra p\u00ebrbehet nga lojtaret: Gresi Bajri Kristal Dule Brunilda Mrruku Juna Dani Rea Qinami Gjat\u00eb gjith\u00eb jav\u00ebs s\u00eb kaluar i gjith\u00eb ekipi p\u00ebrfaq\u00ebsues i femrave dhe meshkujve jan\u00eb grumbulluar dhe st\u00ebrvitur intensivisht n\u00eb qendr\u00ebn Komb\u00ebtare t\u00eb tenisit &#8220;National Sport Park&#8221; nga trajner\u00eb t\u00eb nivelit t\u00eb dyt\u00eb ITF n\u00eb Shqip\u00ebri, z.P\u00ebrparim Zano dhe z.Albi Sulo me programe t\u00eb p\u00ebrshtatura p\u00ebr nj\u00eb p\u00ebrfaq\u00ebsim sa m\u00eb dinjitoz t\u00eb komb\u00ebtares ton\u00eb. Sot pas or\u00ebs 16.00 shpallet dhe shorti i komb\u00ebtares ton\u00eb n\u00eb BJK Cup ku mund t\u00eb shihet edhe grupi q\u00eb komb\u00ebtarja jon\u00eb do t\u00eb luaj\u00eb. Federata jon\u00eb i uron sa m\u00eb shum\u00eb sukses vajzave t\u00eb ekipit komb\u00ebtar. (Qershor 2021)\" \/>\n<meta property=\"og:url\" content=\"https:\/\/albaniantennis.com\/en\/ekipi-kombetar-i-vajzave-ne-billie-jean-king-cup-2021-lituani\/\" \/>\n<meta property=\"og:site_name\" content=\"Federata Shqiptare e Tenisit\" \/>\n<meta property=\"article:published_time\" content=\"2022-04-01T12:24:40+00:00\" \/>\n<meta property=\"article:modified_time\" content=\"2022-04-01T12:25:33+00:00\" \/>\n<meta property=\"og:image\" content=\"https:\/\/albaniantennis.com\/wp-content\/uploads\/2022\/04\/274201509_123511093562789_1055513256816667012_n-1.jpg\" \/>\n\t<meta property=\"og:image:width\" content=\"640\" \/>\n\t<meta property=\"og:image:height\" content=\"437\" \/>\n\t<meta property=\"og:image:type\" content=\"image\/jpeg\" \/>\n<meta name=\"author\" content=\"Klaus Bardeli\" \/>\n<meta name=\"twitter:card\" content=\"summary_large_image\" \/>\n<meta name=\"twitter:label1\" content=\"Written by\" \/>\n\t<meta name=\"twitter:data1\" content=\"Klaus Bardeli\" \/>\n\t<meta name=\"twitter:label2\" content=\"Est. reading time\" \/>\n\t<meta name=\"twitter:data2\" content=\"1 minute\" \/>\n<script type=\"application\/ld+json\" class=\"yoast-schema-graph\">{\"@context\":\"https:\\\/\\\/schema.org\",\"@graph\":[{\"@type\":\"Article\",\"@id\":\"https:\\\/\\\/albaniantennis.com\\\/ekipi-kombetar-i-vajzave-ne-billie-jean-king-cup-2021-lituani\\\/#article\",\"isPartOf\":{\"@id\":\"https:\\\/\\\/albaniantennis.com\\\/ekipi-kombetar-i-vajzave-ne-billie-jean-king-cup-2021-lituani\\\/\"},\"author\":{\"name\":\"Klaus Bardeli\",\"@id\":\"https:\\\/\\\/albaniantennis.com\\\/#\\\/schema\\\/person\\\/6fa460f218c0ed8800448dcf025b86e5\"},\"headline\":\"Ekipi komb\u00ebtar i vajzave n\u00eb &#8220;Billie Jean King Cup 2021&#8221; Lituani\",\"datePublished\":\"2022-04-01T12:24:40+00:00\",\"dateModified\":\"2022-04-01T12:25:33+00:00\",\"mainEntityOfPage\":{\"@id\":\"https:\\\/\\\/albaniantennis.com\\\/ekipi-kombetar-i-vajzave-ne-billie-jean-king-cup-2021-lituani\\\/\"},\"wordCount\":176,\"publisher\":{\"@id\":\"https:\\\/\\\/albaniantennis.com\\\/#organization\"},\"image\":{\"@id\":\"https:\\\/\\\/albaniantennis.com\\\/ekipi-kombetar-i-vajzave-ne-billie-jean-king-cup-2021-lituani\\\/#primaryimage\"},\"thumbnailUrl\":\"https:\\\/\\\/albaniantennis.com\\\/wp-content\\\/uploads\\\/2022\\\/04\\\/274201509_123511093562789_1055513256816667012_n-1.jpg\",\"keywords\":[\"albania\",\"albanianteam\",\"albaniantennisfederation\",\"billiejeankingcup\",\"girls\",\"team\",\"tennis\",\"tournament\"],\"articleSection\":[\"Lajme\",\"Lojtare\",\"Turne\"],\"inLanguage\":\"en-US\"},{\"@type\":\"WebPage\",\"@id\":\"https:\\\/\\\/albaniantennis.com\\\/ekipi-kombetar-i-vajzave-ne-billie-jean-king-cup-2021-lituani\\\/\",\"url\":\"https:\\\/\\\/albaniantennis.com\\\/ekipi-kombetar-i-vajzave-ne-billie-jean-king-cup-2021-lituani\\\/\",\"name\":\"Ekipi komb\u00ebtar i vajzave n\u00eb \\\"Billie Jean King Cup 2021\\\" Lituani &#8212; Federata Shqiptare e Tenisit\",\"isPartOf\":{\"@id\":\"https:\\\/\\\/albaniantennis.com\\\/#website\"},\"primaryImageOfPage\":{\"@id\":\"https:\\\/\\\/albaniantennis.com\\\/ekipi-kombetar-i-vajzave-ne-billie-jean-king-cup-2021-lituani\\\/#primaryimage\"},\"image\":{\"@id\":\"https:\\\/\\\/albaniantennis.com\\\/ekipi-kombetar-i-vajzave-ne-billie-jean-king-cup-2021-lituani\\\/#primaryimage\"},\"thumbnailUrl\":\"https:\\\/\\\/albaniantennis.com\\\/wp-content\\\/uploads\\\/2022\\\/04\\\/274201509_123511093562789_1055513256816667012_n-1.jpg\",\"datePublished\":\"2022-04-01T12:24:40+00:00\",\"dateModified\":\"2022-04-01T12:25:33+00:00\",\"breadcrumb\":{\"@id\":\"https:\\\/\\\/albaniantennis.com\\\/ekipi-kombetar-i-vajzave-ne-billie-jean-king-cup-2021-lituani\\\/#breadcrumb\"},\"inLanguage\":\"en-US\",\"potentialAction\":[{\"@type\":\"ReadAction\",\"target\":[\"https:\\\/\\\/albaniantennis.com\\\/ekipi-kombetar-i-vajzave-ne-billie-jean-king-cup-2021-lituani\\\/\"]}]},{\"@type\":\"ImageObject\",\"inLanguage\":\"en-US\",\"@id\":\"https:\\\/\\\/albaniantennis.com\\\/ekipi-kombetar-i-vajzave-ne-billie-jean-king-cup-2021-lituani\\\/#primaryimage\",\"url\":\"https:\\\/\\\/albaniantennis.com\\\/wp-content\\\/uploads\\\/2022\\\/04\\\/274201509_123511093562789_1055513256816667012_n-1.jpg\",\"contentUrl\":\"https:\\\/\\\/albaniantennis.com\\\/wp-content\\\/uploads\\\/2022\\\/04\\\/274201509_123511093562789_1055513256816667012_n-1.jpg\",\"width\":640,\"height\":437},{\"@type\":\"BreadcrumbList\",\"@id\":\"https:\\\/\\\/albaniantennis.com\\\/ekipi-kombetar-i-vajzave-ne-billie-jean-king-cup-2021-lituani\\\/#breadcrumb\",\"itemListElement\":[{\"@type\":\"ListItem\",\"position\":1,\"name\":\"Home\",\"item\":\"https:\\\/\\\/albaniantennis.com\\\/\"},{\"@type\":\"ListItem\",\"position\":2,\"name\":\"Ekipi komb\u00ebtar i vajzave n\u00eb &#8220;Billie Jean King Cup 2021&#8221; Lituani\"}]},{\"@type\":\"WebSite\",\"@id\":\"https:\\\/\\\/albaniantennis.com\\\/#website\",\"url\":\"https:\\\/\\\/albaniantennis.com\\\/\",\"name\":\"Federata Shqiptare e Tenisit\",\"description\":\"Federata Shqiptare e Tenisit\",\"publisher\":{\"@id\":\"https:\\\/\\\/albaniantennis.com\\\/#organization\"},\"potentialAction\":[{\"@type\":\"SearchAction\",\"target\":{\"@type\":\"EntryPoint\",\"urlTemplate\":\"https:\\\/\\\/albaniantennis.com\\\/?s={search_term_string}\"},\"query-input\":{\"@type\":\"PropertyValueSpecification\",\"valueRequired\":true,\"valueName\":\"search_term_string\"}}],\"inLanguage\":\"en-US\"},{\"@type\":\"Organization\",\"@id\":\"https:\\\/\\\/albaniantennis.com\\\/#organization\",\"name\":\"Federata Shqip\u00ebtare e Tenisit\",\"url\":\"https:\\\/\\\/albaniantennis.com\\\/\",\"logo\":{\"@type\":\"ImageObject\",\"inLanguage\":\"en-US\",\"@id\":\"https:\\\/\\\/albaniantennis.com\\\/#\\\/schema\\\/logo\\\/image\\\/\",\"url\":\"https:\\\/\\\/albaniantennis.com\\\/wp-content\\\/uploads\\\/2022\\\/03\\\/Logo.png\",\"contentUrl\":\"https:\\\/\\\/albaniantennis.com\\\/wp-content\\\/uploads\\\/2022\\\/03\\\/Logo.png\",\"width\":473,\"height\":400,\"caption\":\"Federata Shqip\u00ebtare e Tenisit\"},\"image\":{\"@id\":\"https:\\\/\\\/albaniantennis.com\\\/#\\\/schema\\\/logo\\\/image\\\/\"}},{\"@type\":\"Person\",\"@id\":\"https:\\\/\\\/albaniantennis.com\\\/#\\\/schema\\\/person\\\/6fa460f218c0ed8800448dcf025b86e5\",\"name\":\"Klaus Bardeli\",\"image\":{\"@type\":\"ImageObject\",\"inLanguage\":\"en-US\",\"@id\":\"https:\\\/\\\/secure.gravatar.com\\\/avatar\\\/294dce01b4cf43b267750000becaa1f5eb79a5971757ba9256e0bad4a9a4c807?s=96&d=mm&r=g\",\"url\":\"https:\\\/\\\/secure.gravatar.com\\\/avatar\\\/294dce01b4cf43b267750000becaa1f5eb79a5971757ba9256e0bad4a9a4c807?s=96&d=mm&r=g\",\"contentUrl\":\"https:\\\/\\\/secure.gravatar.com\\\/avatar\\\/294dce01b4cf43b267750000becaa1f5eb79a5971757ba9256e0bad4a9a4c807?s=96&d=mm&r=g\",\"caption\":\"Klaus Bardeli\"},\"url\":\"https:\\\/\\\/albaniantennis.com\\\/en\\\/author\\\/klausi\\\/\"}]}<\/script>\n<!-- \/ Yoast SEO plugin. -->","yoast_head_json":{"title":"Ekipi komb\u00ebtar i vajzave n\u00eb \"Billie Jean King Cup 2021\" Lituani &#8212; Federata Shqiptare e Tenisit","robots":{"index":"index","follow":"follow","max-snippet":"max-snippet:-1","max-image-preview":"max-image-preview:large","max-video-preview":"max-video-preview:-1"},"canonical":"https:\/\/albaniantennis.com\/en\/ekipi-kombetar-i-vajzave-ne-billie-jean-king-cup-2021-lituani\/","og_locale":"en_US","og_type":"article","og_title":"Ekipi komb\u00ebtar i vajzave n\u00eb \"Billie Jean King Cup 2021\" Lituani &#8212; Federata Shqiptare e Tenisit","og_description":"Pas kampionatit komb\u00ebtar, ekipi i komb\u00ebtares shqiptare p\u00ebr femra mb\u00ebrrin n\u00eb Vilnius, Lituani p\u00ebr ndeshjet e kampionatit bot\u00ebror t\u00eb tenisit, Billie Jean King Cup. Ekipi komb\u00ebtar p\u00ebr femra p\u00ebrbehet nga lojtaret: Gresi Bajri Kristal Dule Brunilda Mrruku Juna Dani Rea Qinami Gjat\u00eb gjith\u00eb jav\u00ebs s\u00eb kaluar i gjith\u00eb ekipi p\u00ebrfaq\u00ebsues i femrave dhe meshkujve jan\u00eb grumbulluar dhe st\u00ebrvitur intensivisht n\u00eb qendr\u00ebn Komb\u00ebtare t\u00eb tenisit &#8220;National Sport Park&#8221; nga trajner\u00eb t\u00eb nivelit t\u00eb dyt\u00eb ITF n\u00eb Shqip\u00ebri, z.P\u00ebrparim Zano dhe z.Albi Sulo me programe t\u00eb p\u00ebrshtatura p\u00ebr nj\u00eb p\u00ebrfaq\u00ebsim sa m\u00eb dinjitoz t\u00eb komb\u00ebtares ton\u00eb. Sot pas or\u00ebs 16.00 shpallet dhe shorti i komb\u00ebtares ton\u00eb n\u00eb BJK Cup ku mund t\u00eb shihet edhe grupi q\u00eb komb\u00ebtarja jon\u00eb do t\u00eb luaj\u00eb. Federata jon\u00eb i uron sa m\u00eb shum\u00eb sukses vajzave t\u00eb ekipit komb\u00ebtar. (Qershor 2021)","og_url":"https:\/\/albaniantennis.com\/en\/ekipi-kombetar-i-vajzave-ne-billie-jean-king-cup-2021-lituani\/","og_site_name":"Federata Shqiptare e Tenisit","article_published_time":"2022-04-01T12:24:40+00:00","article_modified_time":"2022-04-01T12:25:33+00:00","og_image":[{"width":640,"height":437,"url":"https:\/\/albaniantennis.com\/wp-content\/uploads\/2022\/04\/274201509_123511093562789_1055513256816667012_n-1.jpg","type":"image\/jpeg"}],"author":"Klaus Bardeli","twitter_card":"summary_large_image","twitter_misc":{"Written by":"Klaus Bardeli","Est. reading time":"1 minute"},"schema":{"@context":"https:\/\/schema.org","@graph":[{"@type":"Article","@id":"https:\/\/albaniantennis.com\/ekipi-kombetar-i-vajzave-ne-billie-jean-king-cup-2021-lituani\/#article","isPartOf":{"@id":"https:\/\/albaniantennis.com\/ekipi-kombetar-i-vajzave-ne-billie-jean-king-cup-2021-lituani\/"},"author":{"name":"Klaus Bardeli","@id":"https:\/\/albaniantennis.com\/#\/schema\/person\/6fa460f218c0ed8800448dcf025b86e5"},"headline":"Ekipi komb\u00ebtar i vajzave n\u00eb &#8220;Billie Jean King Cup 2021&#8221; Lituani","datePublished":"2022-04-01T12:24:40+00:00","dateModified":"2022-04-01T12:25:33+00:00","mainEntityOfPage":{"@id":"https:\/\/albaniantennis.com\/ekipi-kombetar-i-vajzave-ne-billie-jean-king-cup-2021-lituani\/"},"wordCount":176,"publisher":{"@id":"https:\/\/albaniantennis.com\/#organization"},"image":{"@id":"https:\/\/albaniantennis.com\/ekipi-kombetar-i-vajzave-ne-billie-jean-king-cup-2021-lituani\/#primaryimage"},"thumbnailUrl":"https:\/\/albaniantennis.com\/wp-content\/uploads\/2022\/04\/274201509_123511093562789_1055513256816667012_n-1.jpg","keywords":["albania","albanianteam","albaniantennisfederation","billiejeankingcup","girls","team","tennis","tournament"],"articleSection":["Lajme","Lojtare","Turne"],"inLanguage":"en-US"},{"@type":"WebPage","@id":"https:\/\/albaniantennis.com\/ekipi-kombetar-i-vajzave-ne-billie-jean-king-cup-2021-lituani\/","url":"https:\/\/albaniantennis.com\/ekipi-kombetar-i-vajzave-ne-billie-jean-king-cup-2021-lituani\/","name":"Ekipi komb\u00ebtar i vajzave n\u00eb \"Billie Jean King Cup 2021\" Lituani &#8212; Federata Shqiptare e Tenisit","isPartOf":{"@id":"https:\/\/albaniantennis.com\/#website"},"primaryImageOfPage":{"@id":"https:\/\/albaniantennis.com\/ekipi-kombetar-i-vajzave-ne-billie-jean-king-cup-2021-lituani\/#primaryimage"},"image":{"@id":"https:\/\/albaniantennis.com\/ekipi-kombetar-i-vajzave-ne-billie-jean-king-cup-2021-lituani\/#primaryimage"},"thumbnailUrl":"https:\/\/albaniantennis.com\/wp-content\/uploads\/2022\/04\/274201509_123511093562789_1055513256816667012_n-1.jpg","datePublished":"2022-04-01T12:24:40+00:00","dateModified":"2022-04-01T12:25:33+00:00","breadcrumb":{"@id":"https:\/\/albaniantennis.com\/ekipi-kombetar-i-vajzave-ne-billie-jean-king-cup-2021-lituani\/#breadcrumb"},"inLanguage":"en-US","potentialAction":[{"@type":"ReadAction","target":["https:\/\/albaniantennis.com\/ekipi-kombetar-i-vajzave-ne-billie-jean-king-cup-2021-lituani\/"]}]},{"@type":"ImageObject","inLanguage":"en-US","@id":"https:\/\/albaniantennis.com\/ekipi-kombetar-i-vajzave-ne-billie-jean-king-cup-2021-lituani\/#primaryimage","url":"https:\/\/albaniantennis.com\/wp-content\/uploads\/2022\/04\/274201509_123511093562789_1055513256816667012_n-1.jpg","contentUrl":"https:\/\/albaniantennis.com\/wp-content\/uploads\/2022\/04\/274201509_123511093562789_1055513256816667012_n-1.jpg","width":640,"height":437},{"@type":"BreadcrumbList","@id":"https:\/\/albaniantennis.com\/ekipi-kombetar-i-vajzave-ne-billie-jean-king-cup-2021-lituani\/#breadcrumb","itemListElement":[{"@type":"ListItem","position":1,"name":"Home","item":"https:\/\/albaniantennis.com\/"},{"@type":"ListItem","position":2,"name":"Ekipi komb\u00ebtar i vajzave n\u00eb &#8220;Billie Jean King Cup 2021&#8221; Lituani"}]},{"@type":"WebSite","@id":"https:\/\/albaniantennis.com\/#website","url":"https:\/\/albaniantennis.com\/","name":"Federata Shqiptare e Tenisit","description":"Federata Shqiptare e Tenisit","publisher":{"@id":"https:\/\/albaniantennis.com\/#organization"},"potentialAction":[{"@type":"SearchAction","target":{"@type":"EntryPoint","urlTemplate":"https:\/\/albaniantennis.com\/?s={search_term_string}"},"query-input":{"@type":"PropertyValueSpecification","valueRequired":true,"valueName":"search_term_string"}}],"inLanguage":"en-US"},{"@type":"Organization","@id":"https:\/\/albaniantennis.com\/#organization","name":"Federata Shqip\u00ebtare e Tenisit","url":"https:\/\/albaniantennis.com\/","logo":{"@type":"ImageObject","inLanguage":"en-US","@id":"https:\/\/albaniantennis.com\/#\/schema\/logo\/image\/","url":"https:\/\/albaniantennis.com\/wp-content\/uploads\/2022\/03\/Logo.png","contentUrl":"https:\/\/albaniantennis.com\/wp-content\/uploads\/2022\/03\/Logo.png","width":473,"height":400,"caption":"Federata Shqip\u00ebtare e Tenisit"},"image":{"@id":"https:\/\/albaniantennis.com\/#\/schema\/logo\/image\/"}},{"@type":"Person","@id":"https:\/\/albaniantennis.com\/#\/schema\/person\/6fa460f218c0ed8800448dcf025b86e5","name":"Klaus Bardeli","image":{"@type":"ImageObject","inLanguage":"en-US","@id":"https:\/\/secure.gravatar.com\/avatar\/294dce01b4cf43b267750000becaa1f5eb79a5971757ba9256e0bad4a9a4c807?s=96&d=mm&r=g","url":"https:\/\/secure.gravatar.com\/avatar\/294dce01b4cf43b267750000becaa1f5eb79a5971757ba9256e0bad4a9a4c807?s=96&d=mm&r=g","contentUrl":"https:\/\/secure.gravatar.com\/avatar\/294dce01b4cf43b267750000becaa1f5eb79a5971757ba9256e0bad4a9a4c807?s=96&d=mm&r=g","caption":"Klaus Bardeli"},"url":"https:\/\/albaniantennis.com\/en\/author\/klausi\/"}]}},"_links":{"self":[{"href":"https:\/\/albaniantennis.com\/en\/wp-json\/wp\/v2\/posts\/2279","targetHints":{"allow":["GET"]}}],"collection":[{"href":"https:\/\/albaniantennis.com\/en\/wp-json\/wp\/v2\/posts"}],"about":[{"href":"https:\/\/albaniantennis.com\/en\/wp-json\/wp\/v2\/types\/post"}],"author":[{"embeddable":true,"href":"https:\/\/albaniantennis.com\/en\/wp-json\/wp\/v2\/users\/2"}],"replies":[{"embeddable":true,"href":"https:\/\/albaniantennis.com\/en\/wp-json\/wp\/v2\/comments?post=2279"}],"version-history":[{"count":1,"href":"https:\/\/albaniantennis.com\/en\/wp-json\/wp\/v2\/posts\/2279\/revisions"}],"predecessor-version":[{"id":2280,"href":"https:\/\/albaniantennis.com\/en\/wp-json\/wp\/v2\/posts\/2279\/revisions\/2280"}],"wp:featuredmedia":[{"embeddable":true,"href":"https:\/\/albaniantennis.com\/en\/wp-json\/wp\/v2\/media\/2281"}],"wp:attachment":[{"href":"https:\/\/albaniantennis.com\/en\/wp-json\/wp\/v2\/media?parent=2279"}],"wp:term":[{"taxonomy":"category","embeddable":true,"href":"https:\/\/albaniantennis.com\/en\/wp-json\/wp\/v2\/categories?post=2279"},{"taxonomy":"post_tag","embeddable":true,"href":"https:\/\/albaniantennis.com\/en\/wp-json\/wp\/v2\/tags?post=2279"}],"curies":[{"name":"wp","href":"https:\/\/api.w.org\/{rel}","templated":true}]}}